{"id":9898,"date":"2024-09-23T18:02:06","date_gmt":"2024-09-23T18:02:06","guid":{"rendered":"https:\/\/contarotacoes.com\/?p=9898"},"modified":"2024-09-23T18:02:06","modified_gmt":"2024-09-23T18:02:06","slug":"cpm-jc-group-boticas-consagrou-helder-silva-luis-nunes-e-parcidio-summaviell","status":"publish","type":"post","link":"https:\/\/contarotacoes.com\/?p=9898","title":{"rendered":"CPM JC Group: Boticas consagrou H\u00e9lder Silva, Lu\u00eds Nunes e Parc\u00eddio Summaviell"},"content":{"rendered":"<p style=\"text-align: justify;\">A Rampa de Boticas consagrou mais tr\u00eas campe\u00f5es nacionais no CPM JC Group. H\u00e9lder Silva selou o seu 4\u00ba t\u00edtulo nacional absoluto consecutivo e f\u00ea-lo com estilo, reclamando a 6\u00aa vit\u00f3ria consecutiva da \u00e9poca. Lu\u00eds Nunes chegou ao seu 6\u00ba cetro de campe\u00e3o, segundo consecutivo na Categoria Super Challenge e Parc\u00eddio Summavielle rematou as contas na Categoria Turismo, sendo campe\u00e3o nacional com autoridade. A prova do Demoporto registou um recorde de participantes, que proporcionaram um espet\u00e1culo intenso em pleno cora\u00e7\u00e3o de Tr\u00e1s-os-Montes.<\/p>\n<p style=\"text-align: justify;\">Numa fim-de-semana carregado de incidentes, acidentes, avarias e chuva, o Demoporto votou a rubricar uma excelente atua\u00e7\u00e3o. Nota alta para a agremia\u00e7\u00e3o portuense e para o Munic\u00edpio de Boticas que foi inexced\u00edvel no apoio ao evento.<\/p>\n<p style=\"text-align: justify;\">Desportivamente, a 8\u00aa Rampa de Boticas ficou marcada pelos t\u00edtulos nacionais entregues e entre eles o absoluto que, pela quarta vez, foi assegurado por H\u00e9lder Silva. O piloto poveiro da Power House esteve simplesmente num \u2018mundo \u00e0 parte\u2019 e exorcizou de forma not\u00e1vel o \u2018fantasma\u2019 do acidente que protagonizou nesta pista e 2023, voando baixinho com a sua Osella PA21 S LMR2000 a caminho da 6\u00aa vitoria consecutiva da temporada, sagrando-se tetracampe\u00e3o nacional. Foi o mais r\u00e1pido, por larga margem, em todas as subidas que efetuou, sendo neste momento praticamente invenc\u00edvel no panorama da Montanha lusitana.<\/p>\n<p style=\"text-align: justify;\">Incapaz de acompanhar de perto o andamento de H\u00e9lder Silva, Jos\u00e9 Correia conseguiu ir melhorando as suas presta\u00e7\u00f5es e alcan\u00e7ou com naturalidade o 2\u00ba lugar. O piloto e l\u00edder da JC Group Racing Team continua a ver a sua Norma FC20 a revelar fragilidades, mas, mesmo assim, volta a ser vice-campe\u00e3o nacional absoluto.<\/p>\n<p style=\"text-align: justify;\">Nuno Caetano levou a Osella PA21S EVO da Power House ao 3\u00ba lugar, depois de um fim-de-semana em que foi melhorando sucessivamente as suas marcas. O ecl\u00e9tico piloto alcan\u00e7ou assim o seu primeiro p\u00f3dio absoluto no campeonato.<\/p>\n<p style=\"text-align: justify;\">Nos Prot\u00f3tipos B foi tempo de estreia no lugar mais alto do p\u00f3dio para o \u2018rookie\u2019 Afonso Santos. Senhor de uma seguran\u00e7a e efic\u00e1cia pouco habitual num jovem de 17 anos, cuja experi\u00eancia era totalmente em simuladores, antes de se lan\u00e7ar na aventura de conduzir nesta \u00e9poca um prot\u00f3tipo BRC B49 EVO, o poveiro da Power House aproveitou da melhor forma os problemas no Silver Car S2 de Nuno Guimar\u00e3es, habitual dominador, chegando \u00e0 primeira vit\u00f3ria da sua curta carreira. Nuno Guimar\u00e3es conseguiu, mesmo assim, assegurar o 2\u00ba posto, com S\u00e9rgio Nogueira (BRC CM05 EVO) a fechar as contas do p\u00f3dio.<\/p>\n<p style=\"text-align: justify;\"><strong>GT: Jos\u00e9 Rodrigues imp\u00f4s a sua lei num duelo sem tr\u00e9guas<\/strong><\/p>\n<p style=\"text-align: justify;\">A discuss\u00e3o do triunfo nos GT foi um dos \u2018highlights\u2019 do fim-de-semana em Boticas. Tal como se esperava e tem acontecido em provas anteriores, o equil\u00edbrio foi uma constante, com v\u00e1rios pretendentes \u00e0 vit\u00f3ria.<\/p>\n<p style=\"text-align: justify;\">Come\u00e7ou por ser Gabriela Correia (Mercedes AMG GT4) a melhor \u00e0 chuva na subida de treinos inaugural, mas Bernardo Garcia de Castro (Porsche 997 GT3 CUP) levou de vencida a concorr\u00eancia na 1\u00aa subida de prova, a\u00ed secundado por Jos\u00e9 Rodrigues (Porsche 997.2 GT3 CUP), a 1,5 segundos do galego, com a \u201cPrincesa da Montanha\u201d a cair para terceiro, a 3,3 segundos, no fecho da jornada de s\u00e1bado.<\/p>\n<p style=\"text-align: justify;\">No domingo, Garcia de Castro n\u00e3o feliz na 2\u00aa subida de prova, caindo mesmo para o 4\u00ba posto, merc\u00ea de um tempo muito alto, vendo Jos\u00e9 Rodrigues ganhar uma vantagem significativa e que n\u00e3o mais viria a perder. O piloto da Monteiros Competi\u00e7\u00f5es voltou a ser o mais r\u00e1pido na 3\u00aa subida, a\u00ed j\u00e1 por curta margem em rela\u00e7\u00e3o em rela\u00e7\u00e3o a Gabriela Correia, que assegurou para as cores da JC Group Racing Team um excelente 2\u00ba lugar, revelando muita competitividade neste seu regresso \u00e0 Montanha. No final os dois ficaram separados, no agregado das duas melhores subidas, por apenas 3,3 segundos. J\u00e1 Bernardo Garcia de Castro voltou a andar forte e conseguiu minimizar os danos, terminando no 3\u00ba lugar, a 7,3 segundos do vencedor.<\/p>\n<p style=\"text-align: justify;\">Turismo: Parc\u00eddio Summavielle sagra-se campe\u00e3o nacional<\/p>\n<p style=\"text-align: justify;\">A prova reservada \u00e0 Categoria Turismo na Rampa de Boticas \u00a0teve um desfecho dram\u00e1tico, depois de, na pista, ter sido palco de uma luta sem tr\u00e9guas entre os dois principais candidatos ao t\u00edtulo. Na batalha dos tempos, Daniel Pacheco (Mitsubishi Lancer EVO X) tinha sido o mais lesto, por escassos 341 mil\u00e9simos de segundo, face a Parc\u00eddio Summavielle (Cupra TCR), mas, nas verifica\u00e7\u00f5es t\u00e9cnicas foi detetado que o carro nip\u00f3nico n\u00e3o estava em conformidade com a ficha de homologa\u00e7\u00e3o e a desclassifica\u00e7\u00e3o foi inevit\u00e1vel.<\/p>\n<p style=\"text-align: justify;\">Assim, Parc\u00eddio Summavielle juntou de forma clara e inequ\u00edvoca mais uma vit\u00f3ria na categoria Turismo ao seu bornal, com esta a ter foros de car\u00e1cter especial, pois significou a conquista de mais um t\u00edtulo nacional para o consagrado edil fafense que selou ainda as contas da vit\u00f3ria final na Divis\u00e3o Turismo 2, coroando uma \u00e9poca de sonho do piloto da Befast Motorsport.<\/p>\n<p style=\"text-align: justify;\">O 2\u00ba lugar final na categoria foi assim parar \u00e0s m\u00e3os do flaviense Lu\u00eds Delgado, que compareceu em Boticas com o belo BMW 320SI WTCC ex-f\u00e1brica e que pertence \u00e0 VLB, cabendo a Gon\u00e7alo In\u00e1cio o m\u00e9rito de ter colocado um dos Peugeot 208 Rally4 da Befast Motorsport no \u00faltimo degrau do p\u00f3dio, nesta que foi a sua estreia com o carro franc\u00eas.<\/p>\n<p style=\"text-align: justify;\">In\u00e1cio foi ainda 2\u00ba classificado nos Turismo 2, divis\u00e3o onde Paulo Silva (Audi RS3 LMS) garantiu o 3\u00ba posto, apesar de um toque forte no dia de s\u00e1bado. Delgado levou de vencida a Divis\u00e3o Turismo 3, com Filipe Ferreira (Honda Civic Type R) a ser aqui 2\u00ba e An\u00edbal Pinto (Renault Clio RS R3) a terminar no 3\u00ba lugar.<\/p>\n<p style=\"text-align: justify;\">A bracarense Daniela Marques venceu a Divis\u00e3o Turismo 1. A piloto internacional da PDAuto chegou \u00e0 vit\u00f3ria, depois da dupla desclassifica\u00e7\u00e3o do j\u00e1 referido Daniel Pacheco e ainda de Carlos Gon\u00e7alves, cujo turbo do Mitsubishi Lancer EVO X n\u00e3o se encontrava em conformidade com a ficha de homologa\u00e7\u00e3o.<\/p>\n<p style=\"text-align: justify;\"><strong>Super Challenge: nova consagra\u00e7\u00e3o de Lu\u00eds Nunes<\/strong><\/p>\n<p style=\"text-align: justify;\">Nova \u2018casa cheia\u2019 na Categoria Super Challenge, atestando o \u00eaxito desta novidade regulamentar introduzida no campeonato de 2023. Novidade j\u00e1 n\u00e3o \u00e9 (h\u00e1 muito tempo&#8230;) o dom\u00ednio avassalador de Lu\u00eds Nunes. Em Boticas, o piloto de Carrazeda de Ansi\u00e3es, rodou \u2018noutro planeta\u2019, focando-se mais na luta pelo p\u00f3dio absoluto, at\u00e9 porque resolveu as contas do seu sexto t\u00edtulo nacional da carreira ainda antes do fecho da prova.<\/p>\n<p style=\"text-align: justify;\">O \u2018Foguet\u00e3o de Valpa\u00e7os\u2019 saiu do tra\u00e7ado internacional transmontano invicto na \u00e9poca, levando o Skoda Fabia R5 da Nunes Sport \u00e0 7\u00aa vit\u00f3ria consecutiva na Categoria Super Challenge, deixando os opositores a mais de 10 segundos.<\/p>\n<p style=\"text-align: justify;\">A luta pelos outros 2 degraus do p\u00f3dio foi assumida por tr\u00eas protagonistas: o \u2018piloto residente\u2019 Jos\u00e9 Lameiro (Skoda Fabia MKIII Super Car), o regressado Jos\u00e9 Silvino Pires (Ford Focus Super Car) e o espanhol Jos\u00e9 Ant\u00f3nio Lopez-Fombona (Ford Fiesta N5), que veio dar um toque \u2018europeu \u00e0 prova botiquense.<\/p>\n<p style=\"text-align: justify;\">Foi uma batalha intensa, com a supremacia a mudar v\u00e1rias vezes de m\u00e3os, mas, no final, Silvino Pires levou a melhor, conquistando o 2\u00ba lugar na Categoria, com Lopez-Fombona a coloca ro carro constru\u00eddo pela RMC Motorsport no terceiro posto. Jos\u00e9 Lameiro quedou-se pelo 4\u00aa lugar, depois de ter estado sempre na luta pelo p\u00f3dio. O piloto da Diatosta sofreu com alguns problemas t\u00e9cnicos no seu carro, n\u00e3o tendo mesmo participado na \u00faltima subida de prova, sendo por isso ultrapassado por Fombona.<\/p>\n<p style=\"text-align: justify;\">Na 5\u00aa Posi\u00e7\u00e3o da geral, encontr\u00e1mos Lu\u00eds Silva, autor de mais uma prova fant\u00e1stica. O \u2018Canh\u00e3o de Famalic\u00e3o\u2019 ultrapassou alguns problemas no BMW M3 da Famaconcret e n\u00e3o apenas alcan\u00e7ou esse Top 5, como registou mais um triunfo claro nas contas do Grupo SC-D, sendo j\u00e1 virtual vencedor desta competi\u00e7\u00e3o. Pedro Alves (KIA CEED) foi 2\u00ba nas contas do grupo, cujo p\u00f3dio ficou fechado com a presen\u00e7a do\u00a0 botiquense Bruno Gon\u00e7alves. A jogar em casa, o piloto do VW Golf R35 GTi deu uma alegria enorme aos seus conterr\u00e2neos.<\/p>\n<p style=\"text-align: justify;\">Alberto Pereira (Honda Civic Type R) dominou no Grupo SC-C, vendo Bruno Carvalho, com quem partilhava o favoritismo, ficar pelo caminho, com problemas no seu Citroen Saxo. A vit\u00f3ria do piloto mes\u00e3ofriense foi incontest\u00e1vel, pois concluiu a rampa com 8,5 segundos sobre Leandro Macedo (Citroen Saxo). O jovem Pedro Cardoso (VW Golf) garantiu o 3\u00ba posto.<\/p>\n<p style=\"text-align: justify;\">Na refrega dos \u2018pequenos\u2019 carros do Grupo SC-B, existiu luta at\u00e9 ao fim e a vitoria de Hor\u00e1cio Morais, aos comandos do Fiat Uno 45S da MNE Sport, foi conquistada \u2018no bra\u00e7o\u2019. O jovem piloto foi apenas terceiro na 1\u00aa Subida de Prova, atr\u00e1s de Lu\u00eds Silva Jr. e Catarina Silva, os dois irm\u00e3os dos Citroen C1 da Famaconcret. Na 2\u00aa, imiscui-se entre os dois famalicenses, assinando o segundo melhor tempo e foi o mais r\u00e1pido na derradeira subida, beneficiando a\u00ed do toque violento que Lu\u00eds Silva Jr. deu mesmo junto \u00e0 meta&#8230;<\/p>\n<p style=\"text-align: justify;\">Somando os dois melhores tempos, Hor\u00e1cio Morais venceu, com 1,7 segundos de avan\u00e7o sobre o advers\u00e1rio. Catarina Silva foi terceira, depois de um fim-de-semana muito regular. J\u00e1 quando ao Grupo SC-A, o p\u00f3dio \u00e9 g\u00e9meo da geral da Categoria Super Challenge, tal o dom\u00ednio em Boticas exercido pelos \u2018monstros de quatro rodas motrizes\u2019.<\/p>\n<p style=\"text-align: justify;\">O campeonato de Portugal de Montanha JC Group est\u00e1 agora a caminho do fecho da temporada. Este ano, cabe ao CAMI Motorsport as honras de fecho que ter\u00e3o palco na Rampa Serra da Estrela Covilh\u00e3, aprazada para os dias 12 e 13 de outubro.<\/p>\n<p style=\"text-align: justify;\">\n<p style=\"text-align: justify;\">\n","protected":false},"excerpt":{"rendered":"<p>A Rampa de Boticas consagrou mais tr\u00eas campe\u00f5es nacionais no CPM JC Group. H\u00e9lder Silva selou o seu 4\u00ba t\u00edtulo nacional absoluto consecutivo e f\u00ea-lo com estilo, reclamando a 6\u00aa vit\u00f3ria consecutiva da \u00e9poca. Lu\u00eds Nunes chegou ao seu 6\u00ba cetro de campe\u00e3o, segundo consecutivo na Categoria Super Challenge e Parc\u00eddio Summavielle rematou as contas [&hellip;]<\/p>\n","protected":false},"author":2,"featured_media":9899,"comment_status":"closed","ping_status":"open","sticky":false,"template":"","format":"standard","meta":{"_editorskit_title_hidden":false,"_editorskit_reading_time":0,"_editorskit_is_block_options_detached":false,"_editorskit_block_options_position":"{}","om_disable_all_campaigns":false,"_monsterinsights_skip_tracking":false,"_monsterinsights_sitenote_active":false,"_monsterinsights_sitenote_note":"","_monsterinsights_sitenote_category":0,"_uf_show_specific_survey":0,"_uf_disable_surveys":false,"site-sidebar-layout":"default","site-content-layout":"","ast-site-content-layout":"default","site-content-style":"default","site-sidebar-style":"default","ast-global-header-display":"","ast-banner-title-visibility":"","ast-main-header-display":"","ast-hfb-above-header-display":"","ast-hfb-below-header-display":"","ast-hfb-mobile-header-display":"","site-post-title":"","ast-breadcrumbs-content":"","ast-featured-img":"","footer-sml-layout":"","theme-transparent-header-meta":"default","adv-header-id-meta":"","stick-header-meta":"default","header-above-stick-meta":"","header-main-stick-meta":"","header-below-stick-meta":"","astra-migrate-meta-layouts":"set","ast-page-background-enabled":"default","ast-page-background-meta":{"desktop":{"background-color":"","background-image":"","background-repeat":"repeat","background-position":"center center","background-size":"auto","background-attachment":"scroll","background-type":"","background-media":"","overlay-type":"","overlay-color":"","overlay-opacity":"","overlay-gradient":""},"tablet":{"background-color":"","background-image":"","background-repeat":"repeat","background-position":"center center","background-size":"auto","background-attachment":"scroll","background-type":"","background-media":"","overlay-type":"","overlay-color":"","overlay-opacity":"","overlay-gradient":""},"mobile":{"background-color":"","background-image":"","background-repeat":"repeat","background-position":"center center","background-size":"auto","background-attachment":"scroll","background-type":"","background-media":"","overlay-type":"","overlay-color":"","overlay-opacity":"","overlay-gradient":""}},"ast-content-background-meta":{"desktop":{"background-color":"var(--ast-global-color-5)","background-image":"","background-repeat":"repeat","background-position":"center center","background-size":"auto","background-attachment":"scroll","background-type":"","background-media":"","overlay-type":"","overlay-color":"","overlay-opacity":"","overlay-gradient":""},"tablet":{"background-color":"var(--ast-global-color-5)","background-image":"","background-repeat":"repeat","background-position":"center center","background-size":"auto","background-attachment":"scroll","background-type":"","background-media":"","overlay-type":"","overlay-color":"","overlay-opacity":"","overlay-gradient":""},"mobile":{"background-color":"var(--ast-global-color-5)","background-image":"","background-repeat":"repeat","background-position":"center center","background-size":"auto","background-attachment":"scroll","background-type":"","background-media":"","overlay-type":"","overlay-color":"","overlay-opacity":"","overlay-gradient":""}},"footnotes":""},"categories":[11],"tags":[],"class_list":["post-9898","post","type-post","status-publish","format-standard","has-post-thumbnail","hentry","category-noticias"],"aioseo_notices":[],"_links":{"self":[{"href":"https:\/\/contarotacoes.com\/index.php?rest_route=\/wp\/v2\/posts\/9898","targetHints":{"allow":["GET"]}}],"collection":[{"href":"https:\/\/contarotacoes.com\/index.php?rest_route=\/wp\/v2\/posts"}],"about":[{"href":"https:\/\/contarotacoes.com\/index.php?rest_route=\/wp\/v2\/types\/post"}],"author":[{"embeddable":true,"href":"https:\/\/contarotacoes.com\/index.php?rest_route=\/wp\/v2\/users\/2"}],"replies":[{"embeddable":true,"href":"https:\/\/contarotacoes.com\/index.php?rest_route=%2Fwp%2Fv2%2Fcomments&post=9898"}],"version-history":[{"count":1,"href":"https:\/\/contarotacoes.com\/index.php?rest_route=\/wp\/v2\/posts\/9898\/revisions"}],"predecessor-version":[{"id":9900,"href":"https:\/\/contarotacoes.com\/index.php?rest_route=\/wp\/v2\/posts\/9898\/revisions\/9900"}],"wp:featuredmedia":[{"embeddable":true,"href":"https:\/\/contarotacoes.com\/index.php?rest_route=\/wp\/v2\/media\/9899"}],"wp:attachment":[{"href":"https:\/\/contarotacoes.com\/index.php?rest_route=%2Fwp%2Fv2%2Fmedia&parent=9898"}],"wp:term":[{"taxonomy":"category","embeddable":true,"href":"https:\/\/contarotacoes.com\/index.php?rest_route=%2Fwp%2Fv2%2Fcategories&post=9898"},{"taxonomy":"post_tag","embeddable":true,"href":"https:\/\/contarotacoes.com\/index.php?rest_route=%2Fwp%2Fv2%2Ftags&post=9898"}],"curies":[{"name":"wp","href":"https:\/\/api.w.org\/{rel}","templated":true}]}}