{"id":9867,"date":"2024-09-22T20:26:38","date_gmt":"2024-09-22T20:26:38","guid":{"rendered":"https:\/\/contarotacoes.com\/?p=9867"},"modified":"2024-09-22T20:26:38","modified_gmt":"2024-09-22T20:26:38","slug":"campeonato-de-portugal-de-karting-toyota-define-titulos-nacionais-em-baltar","status":"publish","type":"post","link":"https:\/\/contarotacoes.com\/?p=9867","title":{"rendered":"Campeonato de Portugal de Karting Toyota define t\u00edtulos nacionais em Baltar"},"content":{"rendered":"<div>\n<div dir=\"auto\" style=\"text-align: justify;\">Rodrigo Carreira, Artur Loureiro, M\u00e1rio Silva Lora, Gabriela Teixeira, Martim Meneses, Rodrigo Ferreira, Andr\u00e9 Serafim e Paulo Martins s\u00e3o os novos campe\u00f5es nacionais (virtuais) de Karting.<\/div>\n<\/div>\n<div style=\"text-align: justify;\">\n<div dir=\"auto\">A edi\u00e7\u00e3o 2024 do Campeonato de Portugal de Karting Toyota terminou este fim de semana, com a realiza\u00e7\u00e3o da quinta e \u00faltima jornada dupla, no Kart\u00f3dromo de Baltar, em Paredes, sob a organiza\u00e7\u00e3o da ACDME.<\/div>\n<\/div>\n<div style=\"text-align: justify;\">\n<div dir=\"auto\"><strong>Categoria X30<\/strong><\/div>\n<div dir=\"auto\">Martim Meneses somou mais um t\u00edtulo ao seu extenso palmar\u00e9s e logo na \u00e9poca de estreia na categoria-rainha do CPK, a X30 (S\u00e9nior). O jovem madeirense confirmou a conquista com uma vit\u00f3ria na prova deste domingo, em Baltar.<\/div>\n<div dir=\"auto\">Com 23 pilotos em pista, o regressado Rodrigo Vila\u00e7a (Kart Republic), que esteve a preparar a Ta\u00e7a de Portugal de Karting, foi o mais r\u00e1pido do pelot\u00e3o nos treinos cronometrados e conquistou a pole-position com uma volta em 47,519s. Na manga de qualifica\u00e7\u00e3o, Martim Meneses (Kart Republic) esteve impar\u00e1vel e ganhou na frente de Maximiano Radeck (CRG), com Pedro Cachada (Tonykart) e Rodrigo Vila\u00e7a a terminarem logo atr\u00e1s e a partilharem a segunda linha da grelha para a Final.<\/div>\n<div dir=\"auto\">A vit\u00f3ria na manga retirou press\u00e3o ao novo campe\u00e3o nacional, mas Martim Meneses fez quest\u00e3o de impor um ritmo forte e consistente, ganhando tamb\u00e9m a Final. Max Radeck foi o mais diretor perseguidor do jovem madeirense, com o luso-su\u00ed\u00e7o a confirmar as excelentes indica\u00e7\u00f5es de s\u00e1bado e a garantir o 2.\u00ba lugar, sendo acompanhado no p\u00f3dio por Pedro Cachada, que j\u00e1 tinha feito uma Final de grande n\u00edvel no s\u00e1bado.<\/div>\n<div dir=\"auto\">Rodrigo Vila\u00e7a e Jo\u00e3o Faria (CRG) encetaram um duelo muito interessante que s\u00f3 ficou decidido nos \u00faltimos metros, a favor do jovem bracarense, vencedor do Open de Portugal no arranque da \u00e9poca. Gabriel Ca\u00e7oilo (LN), que chegou a Baltar ainda com aspira\u00e7\u00f5es ao t\u00edtulo, foi o 6\u00ba classificado na Final, logo na frente de Henrique Ventura Oliveira (BRM), que recuperou nove posi\u00e7\u00f5es (!) na corrida decisiva.<\/div>\n<div dir=\"auto\">Tom\u00e1s Gomes (TBKart) foi 8.\u00ba classificado na Final, devido a uma penaliza\u00e7\u00e3o por danos na carenagem frontal do seu kart, enquanto Afonso Ferreira (Tonykart) e Lu\u00eds Aguiar (TBKart) completaram o top 10, logo na frente de Rodrigo Pires (Redspeed), autor de uma boa recupera\u00e7\u00e3o, e da melhor piloto feminina, Francisca Queiroz (TBKart).<\/div>\n<\/div>\n<div style=\"text-align: justify;\">\n<div dir=\"auto\"><strong>Categoria X30 Super Shifter<\/strong><\/div>\n<div dir=\"auto\">Hugo Marreiros (Tonykart) foi o mais r\u00e1pido nos treinos cronometrados \u00e0 geral e na Master com a marca de 45,916s. Na manga de qualifica\u00e7\u00e3o, venceu Rodrigo Ferreira (Sodikart), na frente de M\u00e1rio Borges (Maranello), pilotos que partilharam a primeira linha da grelha de partida para a Final, com Henrique Cruz (Birel ART) e Joseph Oliveira (Lenzokart) a arrancarem logo atr\u00e1s, na segunda linha.<\/div>\n<div dir=\"auto\">Na Final, disputada em 18 voltas, Rodrigo Ferreira arrancou ent\u00e3o da pole-position, assumiu o comando e n\u00e3o mais o largou at\u00e9 final, festejando assim mais uma vit\u00f3ria e o seu 12.\u00ba t\u00edtulo de campe\u00e3o nacional de Karting, uma vez mais na categoria X30 Super Shifter \u00e0 geral e na S\u00e9nior. M\u00e1rio Borges deu uma excelente r\u00e9plica e viu a bandeira xadrez na segunda posi\u00e7\u00e3o, com a volta mais r\u00e1pida em 46,401s, enquanto que na luta pelo terceiro lugar Henrique Cruz levou a melhor sobre Andr\u00e9 Serafim (Birel ART), que venceu a classe Master e sagrou-se campe\u00e3o nacional.<\/div>\n<div dir=\"auto\">Joseph Oliveira (Lenzokart) fechou o top-5 e foi quarto classificado na S\u00e9nior, na frente dos masters Hugo Marreiros, Ricardo Alves (Kosmic) e Ricardo Sousa (Sodikart). Paulo Martins (Birel ART) foi nono classificado e revalidou o t\u00edtulo de campe\u00e3o nacional Gentleman, seguindo-se o master Filipe Santos (TBKart), Rui Pires (Kali Kart) e S\u00e9rgio Carvalho (Lenzokart), os segundo e terceiros classificados da classe Gentleman.<\/div>\n<\/div>\n<div style=\"text-align: justify;\">\n<div dir=\"auto\"><strong>Categoria J\u00fanior<\/strong><\/div>\n<div dir=\"auto\">Est\u00e1 encontrada a nova campe\u00e3 nacional J\u00fanior no CPK. Gabriela Teixeira conquista o seu primeiro t\u00edtulo nacional e torna-se apenas a terceira piloto feminina a sagrar-se campe\u00e3 de Portugal de Karting, depois de Mariana Machado (Juvenil) e Maria Germano Neto (Cadete).<\/div>\n<div dir=\"auto\">Hoje de manh\u00e3, na sess\u00e3o de treinos cronometrados, Ant\u00f3nio Macedo (CRG) foi o mais r\u00e1pido e garantiu a pole-position para a manga de qualifica\u00e7\u00e3o, que seria ganha pelo vencedor da prova de s\u00e1bado, Afonso Ferreira (TBKart). Gabriela Teixeira (Kart Republic) foi 2\u00aa classificada, logo na frente de Ant\u00f3nio Macedo e Bernardo Pinto (Tonykart), que partilharam a segunda linha da grelha para a Final.<\/div>\n<div dir=\"auto\">Com os pontos necess\u00e1rios para se sagrar campe\u00e3 nacional, Gabriela Teixeira teve uma Final mais tranquila e viu o seu companheiro de equipa, Afonso Lopes (Kart Republic), lutar pela vit\u00f3ria com Afonso Ferreira, embora o piloto de Coruche tenha sido desclassificado no final da corrida, devido a uma alegada irregularidade t\u00e9cnica no seu kart. Afonso Ferreira, que j\u00e1 tinha fechado a \u00e9poca de 2023 com a conquista da Ta\u00e7a de Portugal, concluiu o CPK da melhor forma, conseguindo a segunda vit\u00f3ria consecutiva em Baltar, desta feita com 2,091s de vantagem sobre Diogo Caetano (Birel ART).<\/div>\n<div dir=\"auto\">Gabriela Teixeira festejou o t\u00edtulo de campe\u00e3 com novo p\u00f3dio, ap\u00f3s um intenso duelo com Ant\u00f3nio Macedo (4.\u00ba), outro piloto que chegou a Baltar com hip\u00f3teses de ser campe\u00e3o. Bernardo Pinto fez uma boa corrida e completou os cinco primeiros na prova de domingo, enquanto Tom\u00e1s Fernandes (TBKart) vingou o azar da Final de ontem com o 6\u00ba lugar. Seguiram-se Jo\u00e3o Barros (LN) e Jan Rodrigues (Tonykart), ambos com uma evolu\u00e7\u00e3o promissora, o mesmo se podendo dizer de Afonso Azevedo (Kart Republic), Romeu Mello (TBKart) e Tom\u00e1s Carapucinha (Birel ART), que prosseguem a sua aprendizagem na J\u00fanior.<\/div>\n<\/div>\n<div style=\"text-align: justify;\">\n<div dir=\"auto\"><strong>Categoria X30 Mini<\/strong><\/div>\n<div dir=\"auto\">Francisco Correia (CRG) foi a mais r\u00e1pido nos treinos cronometrados com a marca de 53,394s. Na manga de qualifica\u00e7\u00e3o, venceu T\u00e9o Pelfrene (Birel ART), na frente de M\u00e1rio Silva Lora (CRG), pilotos que partilharam a primeira linha da grelha de partida para a Final, com Francisco Correia e Mateus Gomes (Birel ART) a arrancarem logo atr\u00e1s, na segunda linha.<\/div>\n<div dir=\"auto\">Na Final, disputada em 18 voltas, T\u00e9o Pelfrene largou da pole-position, mas M\u00e1rio Silva Lora revelou-se mais forte na primeira volta e assumiu a lideran\u00e7a. Na 16.\u00aa volta foi a vez de Francisco Correia passar para o comando e na 18.\u00ba volta imp\u00f4s-se, em definitivo, T\u00e9o Pelfrene, somando assim mais uma vit\u00f3ria. M\u00e1rio Silva Lora e Francisco Correia, que estiveram sempre na luta pelo triunfo, foram os segundo e terceiro classificados, respetivamente, sendo que para M\u00e1rio Silva Lora \u2013 que rubricou a volta mais r\u00e1pida em 53,619s \u2013 o segundo lugar alcan\u00e7ado hoje foi mais do que suficiente para se sagrar campe\u00e3o nacional da categoria X30 Mini, numa \u00e9poca em que j\u00e1 conquistou o Open de Portugal e a Rotax Cup.<\/div>\n<div dir=\"auto\">Leonor Rocha (TBKart) e Mateus Gomes travaram um duelo muito interessante pela quarta posi\u00e7\u00e3o, tendo levado a melhor a piloto de Ponte de Lima, enquanto Mateus Gomes fechou o top-5. Jos\u00e9 Pedro Pinto (Birel ART) foi o sexto classificado, na frente de Gustavo Oliveira (KR), Santiago Barros (Birel ART), Martin Rodrigues (FA) e Guilherme Morgado, que encerrou o top-10.<\/div>\n<\/div>\n<div style=\"text-align: justify;\">\n<div dir=\"auto\"><strong>Categoria Cadete<\/strong><\/div>\n<div dir=\"auto\">Depois de j\u00e1 ter sido campe\u00e3o de Portugal na \u00e9poca de estreia na Inicia\u00e7\u00e3o, em 2022, Artur Loureiro garantiu este domingo o seu segundo t\u00edtulo de campe\u00e3o nacional de Karting, desta feita na categoria Cadete.<\/div>\n<div dir=\"auto\">De manh\u00e3, na sess\u00e3o de treinos cronometrados, Lu\u00eds Fernandes (Parolin) conseguiu a pole-position nos treinos cronometrados, com uma volta em 56,017s. Na manga de qualifica\u00e7\u00e3o, o jovem piloto de Esposende voltou a bater a concorr\u00eancia e partilhou a primeira linha da grelha para a Final com o novo campe\u00e3o nacional, Artur Loureiro. Jo\u00e3o Barros (Kart Republic) e Guilherme Aguiar (TBKart) largaram logo atr\u00e1s, na segunda linha.<\/div>\n<div dir=\"auto\">Na Final, disputada em 12 voltas, Artur Loureiro liderou a primeira metade da corrida, mas Lu\u00eds Fernandes ultrapassou o jovem piloto de Vila Nova de Gaia e partiu para uma vit\u00f3ria confort\u00e1vel, a segunda consecutiva no fim de semana de Baltar. Guilherme Aguiar e Tom\u00e1s Fontes (Tonykart) tamb\u00e9m se mostraram muito aguerridos, mas um toque entre ambos viria a decidir o duelo pelo derradeiro lugar do p\u00f3dio, com Aguiar a ser o terceiro classificado e Fontes a descer a quarto, ap\u00f3s uma penaliza\u00e7\u00e3o.<\/div>\n<div dir=\"auto\">Louren\u00e7o Antunes (Birel ART) fez uma corrida de recupera\u00e7\u00e3o e sagrou-se vice-campe\u00e3o nacional com um top 5, enquanto o luso-americano Giovanni Gilmore (Tonykart) completou a sua estreia na Cadete com um 6\u00ba lugar, logo na frente do azarado Jo\u00e3o Barros (Kart Republic), mais um jovem valor que demonstrou potencial em muito pouco tempo no Karting.<\/div>\n<\/div>\n<div>\n<div dir=\"auto\" style=\"text-align: justify;\"><strong>Categoria Inicia\u00e7\u00e3o<\/strong><\/div>\n<div dir=\"auto\" style=\"text-align: justify;\">Rodrigo Carreira (Birel ART) foi o mais r\u00e1pido nos treinos cronometrados com a marca de 1m18,147s. Na manga de qualifica\u00e7\u00e3o, o jovem piloto de Lisboa voltou a ser o mais forte, na frente Manuel Miranda (Birel ART), pilotos que partilharam a primeira linha da grelha de partida para a Final, com Ot\u00e1vio Amorim (Parolin) e Lana Pelfrene (Birel ART) a arrancarem logo atr\u00e1s, na segunda linha.<\/div>\n<div dir=\"auto\" style=\"text-align: justify;\">Na Final, disputada em 5 voltas, Rodrigo Carreia arrancou da pole-position, mas nas primeiras duas voltas foi Manuel Miranda quem liderou a corrida, passando depois, contudo, o l\u00edder do campeonato, Rodrigo Carreira, para o comando e n\u00e3o mais o largou at\u00e9 \u00e0 bandeira xadrez, tendo rubricado ainda a volta mais r\u00e1pida em 1m17,529s. No entanto, Rodrigo Carreira foi penalizado por alegada falsa partida e desceu \u00e0 segunda posi\u00e7\u00e3o, resultado que n\u00e3o o impediu de se sagrar campe\u00e3o nacional na categoria Inicia\u00e7\u00e3o.<\/div>\n<div dir=\"auto\" style=\"text-align: justify;\">Manuel Miranda garantiu assim a primeira posi\u00e7\u00e3o e estreou-se a vencer no Campeonato de Portugal de Karting, enquanto Lana Pelfrene completou o p\u00f3dio e Ot\u00e1vio Amorim foi o quarto classificado.<\/div>\n<\/div>\n","protected":false},"excerpt":{"rendered":"<p>Rodrigo Carreira, Artur Loureiro, M\u00e1rio Silva Lora, Gabriela Teixeira, Martim Meneses, Rodrigo Ferreira, Andr\u00e9 Serafim e Paulo Martins s\u00e3o os novos campe\u00f5es nacionais (virtuais) de Karting. A edi\u00e7\u00e3o 2024 do Campeonato de Portugal de Karting Toyota terminou este fim de semana, com a realiza\u00e7\u00e3o da quinta e \u00faltima jornada dupla, no Kart\u00f3dromo de Baltar, em [&hellip;]<\/p>\n","protected":false},"author":2,"featured_media":9868,"comment_status":"closed","ping_status":"open","sticky":false,"template":"","format":"standard","meta":{"_editorskit_title_hidden":false,"_editorskit_reading_time":0,"_editorskit_is_block_options_detached":false,"_editorskit_block_options_position":"{}","om_disable_all_campaigns":false,"_monsterinsights_skip_tracking":false,"_monsterinsights_sitenote_active":false,"_monsterinsights_sitenote_note":"","_monsterinsights_sitenote_category":0,"_uf_show_specific_survey":0,"_uf_disable_surveys":false,"site-sidebar-layout":"default","site-content-layout":"","ast-site-content-layout":"default","site-content-style":"default","site-sidebar-style":"default","ast-global-header-display":"","ast-banner-title-visibility":"","ast-main-header-display":"","ast-hfb-above-header-display":"","ast-hfb-below-header-display":"","ast-hfb-mobile-header-display":"","site-post-title":"","ast-breadcrumbs-content":"","ast-featured-img":"","footer-sml-layout":"","theme-transparent-header-meta":"default","adv-header-id-meta":"","stick-header-meta":"default","header-above-stick-meta":"","header-main-stick-meta":"","header-below-stick-meta":"","astra-migrate-meta-layouts":"set","ast-page-background-enabled":"default","ast-page-background-meta":{"desktop":{"background-color":"","background-image":"","background-repeat":"repeat","background-position":"center center","background-size":"auto","background-attachment":"scroll","background-type":"","background-media":"","overlay-type":"","overlay-color":"","overlay-opacity":"","overlay-gradient":""},"tablet":{"background-color":"","background-image":"","background-repeat":"repeat","background-position":"center center","background-size":"auto","background-attachment":"scroll","background-type":"","background-media":"","overlay-type":"","overlay-color":"","overlay-opacity":"","overlay-gradient":""},"mobile":{"background-color":"","background-image":"","background-repeat":"repeat","background-position":"center center","background-size":"auto","background-attachment":"scroll","background-type":"","background-media":"","overlay-type":"","overlay-color":"","overlay-opacity":"","overlay-gradient":""}},"ast-content-background-meta":{"desktop":{"background-color":"var(--ast-global-color-5)","background-image":"","background-repeat":"repeat","background-position":"center center","background-size":"auto","background-attachment":"scroll","background-type":"","background-media":"","overlay-type":"","overlay-color":"","overlay-opacity":"","overlay-gradient":""},"tablet":{"background-color":"var(--ast-global-color-5)","background-image":"","background-repeat":"repeat","background-position":"center center","background-size":"auto","background-attachment":"scroll","background-type":"","background-media":"","overlay-type":"","overlay-color":"","overlay-opacity":"","overlay-gradient":""},"mobile":{"background-color":"var(--ast-global-color-5)","background-image":"","background-repeat":"repeat","background-position":"center center","background-size":"auto","background-attachment":"scroll","background-type":"","background-media":"","overlay-type":"","overlay-color":"","overlay-opacity":"","overlay-gradient":""}},"footnotes":""},"categories":[11],"tags":[],"class_list":["post-9867","post","type-post","status-publish","format-standard","has-post-thumbnail","hentry","category-noticias"],"aioseo_notices":[],"_links":{"self":[{"href":"https:\/\/contarotacoes.com\/index.php?rest_route=\/wp\/v2\/posts\/9867","targetHints":{"allow":["GET"]}}],"collection":[{"href":"https:\/\/contarotacoes.com\/index.php?rest_route=\/wp\/v2\/posts"}],"about":[{"href":"https:\/\/contarotacoes.com\/index.php?rest_route=\/wp\/v2\/types\/post"}],"author":[{"embeddable":true,"href":"https:\/\/contarotacoes.com\/index.php?rest_route=\/wp\/v2\/users\/2"}],"replies":[{"embeddable":true,"href":"https:\/\/contarotacoes.com\/index.php?rest_route=%2Fwp%2Fv2%2Fcomments&post=9867"}],"version-history":[{"count":1,"href":"https:\/\/contarotacoes.com\/index.php?rest_route=\/wp\/v2\/posts\/9867\/revisions"}],"predecessor-version":[{"id":9869,"href":"https:\/\/contarotacoes.com\/index.php?rest_route=\/wp\/v2\/posts\/9867\/revisions\/9869"}],"wp:featuredmedia":[{"embeddable":true,"href":"https:\/\/contarotacoes.com\/index.php?rest_route=\/wp\/v2\/media\/9868"}],"wp:attachment":[{"href":"https:\/\/contarotacoes.com\/index.php?rest_route=%2Fwp%2Fv2%2Fmedia&parent=9867"}],"wp:term":[{"taxonomy":"category","embeddable":true,"href":"https:\/\/contarotacoes.com\/index.php?rest_route=%2Fwp%2Fv2%2Fcategories&post=9867"},{"taxonomy":"post_tag","embeddable":true,"href":"https:\/\/contarotacoes.com\/index.php?rest_route=%2Fwp%2Fv2%2Ftags&post=9867"}],"curies":[{"name":"wp","href":"https:\/\/api.w.org\/{rel}","templated":true}]}}