{"id":9861,"date":"2024-09-22T20:19:52","date_gmt":"2024-09-22T20:19:52","guid":{"rendered":"https:\/\/contarotacoes.com\/?p=9861"},"modified":"2024-09-22T20:19:52","modified_gmt":"2024-09-22T20:19:52","slug":"edgar-condenso-e-nuno-silva-conquistam-novo-podio-e-passam-a-liderar-cptt-na-categoria-t1","status":"publish","type":"post","link":"https:\/\/contarotacoes.com\/?p=9861","title":{"rendered":"Edgar Condenso e Nuno Silva conquistam novo p\u00f3dio e passam a liderar CPTT na categoria T1"},"content":{"rendered":"<p style=\"text-align: justify;\">\u00bb Os pilotos do Team Consilcar estiveram em excelente plano na Baja TT Sharish Gin, onde Edgar Condenso e Nuno Silva garantiram o terceiro p\u00f3dio da temporada na categoria T1 (terceiro lugar), assumindo o comando do Campeonato de Portugal de TT.<\/p>\n<p style=\"text-align: justify;\">\u00bb Em Reguengos de Monsaraz e Mour\u00e3o, David Carreira e Ant\u00f3nio Serr\u00e3o voltaram a colocar o Can-Am Maverick no p\u00f3dio da categoria T3 do evento nacional (3.\u00ba lugar), completando um fim de semana praticamente perfeito.<\/p>\n<p style=\"text-align: justify;\">Edgar Condenso e Nuno Silva chegaram a Reguengos e Mour\u00e3o j\u00e1 com uma vit\u00f3ria (no Rally-Raid Portugal) e dois p\u00f3dios entre os T1 do Campeonato de Portugal de TT, mas cumpriram na perfei\u00e7\u00e3o o objetivo de refor\u00e7ar a sua candidatura ao t\u00edtulo de campe\u00f5es nacionais.<\/p>\n<p style=\"text-align: justify;\">Em trilhos r\u00e1pidos e a exigir muita concentra\u00e7\u00e3o, a dupla do Team Consilcar extraiu o m\u00e1ximo da Ford Ranger de motor Diesel, conseguindo o 14.\u00ba lugar da geral e o terceiro posto dos T1, s\u00f3 atr\u00e1s de dois prot\u00f3tipos bem mais evolu\u00eddos. Com este resultado, Edgar Condenso e Nuno Silva s\u00e3o os novos l\u00edderes do CPTT na categoria T1, somando 79 pontos ap\u00f3s cinco provas.<\/p>\n<p style=\"text-align: justify;\">\u201cEu diria que melhor era imposs\u00edvel\u201d, afirmou Edgar Condenso, depois de subir ao p\u00f3dio no seu dia de anivers\u00e1rio.\u00a0\u201cGerimos muito bem as circunst\u00e2ncias da corrida. Atac\u00e1mos quando t\u00ednhamos de atacar, e fomos cautelosos na altura certa. Hoje, por exemplo, tivemos de andar a fundo para nos mantermos na frente de um T1+ que tinha partido atr\u00e1s de n\u00f3s. Conseguimos e isso refor\u00e7ou a nossa posi\u00e7\u00e3o no final, que realisticamente era a melhor a que pod\u00edamos aspirar nos T1, pois os dois carros que terminaram \u00e0 nossa frente s\u00e3o de outro \u2018campeonato\u2019 e com pilotos r\u00e1pidos\u201d, analisou o ex-campe\u00e3o nacional e ib\u00e9rico de T2.<\/p>\n<p style=\"text-align: justify;\">Nuno Silva confessa que\u00a0\u201choje tivemos momentos de grande adrenalina, porque tivemos de andar bem r\u00e1pido nestes tro\u00e7os espetaculares. Correu tudo bem e conseguimos mais um p\u00f3dio e uma pontua\u00e7\u00e3o importante, que nos d\u00e1 o comando do campeonato. Ainda faltam duas provas para disputar, portanto nada est\u00e1 ganho, mas este \u00e9 um resultado que nos d\u00e1 ainda maior confian\u00e7a\u201d, referiu o co-fundador do Team Consilcar.<\/p>\n<p style=\"text-align: justify;\"><strong>O segundo p\u00f3dio de David Carreira<\/strong><\/p>\n<p style=\"text-align: justify;\">Tal como em 2023, David Carreira voltou a levar o Can-Am Maverick do Team Consilcar ao p\u00f3dio do evento nacional em Reguengos e Mour\u00e3o, novamente com o terceiro lugar dos T3.<\/p>\n<p style=\"text-align: justify;\">Apesar de algumas falhas de igni\u00e7\u00e3o no Can-Am, David Carreira e Ant\u00f3nio Serr\u00e3o conseguiram superar o desafio no Alentejo e somar novo resultado para mais tarde recordar.<\/p>\n<p style=\"text-align: justify;\">\u201cFoi duro, mas n\u00e3o h\u00e1 sentimento como este: subir ao p\u00f3dio numa das provas mais espetaculares do campeonato\u201d, disse David Carreira no final.\u00a0\u201cTivemos sempre um bom ritmo nas duas passagens pelo Setor grande, mas o carro \u00e0s vezes falhava e tivemos de parar algumas vezes. Quando estava tudo em condi\u00e7\u00f5es, conseguimos imprimir um bom ritmo e foi isso que nos deu o terceiro lugar, que at\u00e9 podia ter sido melhor. Miss\u00e3o cumprida!\u201d.<\/p>\n<p style=\"text-align: justify;\">Ant\u00f3nio Serr\u00e3o navegou o piloto de Lisboa e confirmou que\u00a0\u201cfoi preciso cerrar os dentes e ultrapassar os problemas do carro. Sempre que rod\u00e1mos livremente, foi espetacular. O grande objetivo era desfrutar desta baja \u00fanica e isso foi plenamente conseguido\u201d, concluiu o navegador ribatejano.<\/p>\n<p style=\"text-align: justify;\">Na prova das motos, Janu\u00e1rio Barrocas tamb\u00e9m superou alguns problemas f\u00edsicos e conseguiu levar a sua Honda CRF 450 RX ao 26.\u00ba lugar da classe TT2.<\/p>\n<p style=\"text-align: justify;\">A sexta e pen\u00faltima prova do Campeonato de Portugal de TT ser\u00e1 a emblem\u00e1tica Baja Portalegre 500, a disputar entre 17 e 19 de outubro.<\/p>\n<p style=\"text-align: justify;\">Acompanhe todas as novidades no\u00a0<a href=\"https:\/\/www.teamconsilcar.com\/\" data-saferedirecturl=\"https:\/\/www.google.com\/url?q=https:\/\/www.teamconsilcar.com\/&amp;source=gmail&amp;ust=1727122524152000&amp;usg=AOvVaw2pMzVrb8aV5xrkm5qaioiX\">website do Team Consilcar<\/a>\u00a0e nas p\u00e1ginas oficiais no\u00a0<a href=\"https:\/\/www.facebook.com\/teamconsilcarcom\" data-saferedirecturl=\"https:\/\/www.google.com\/url?q=https:\/\/www.facebook.com\/teamconsilcarcom&amp;source=gmail&amp;ust=1727122524152000&amp;usg=AOvVaw1ywH_VoXV3LS7ks9UaIDeE\">Facebook<\/a>\u00a0e\u00a0<a href=\"https:\/\/www.instagram.com\/team.consilcar\/\" data-saferedirecturl=\"https:\/\/www.google.com\/url?q=https:\/\/www.instagram.com\/team.consilcar\/&amp;source=gmail&amp;ust=1727122524152000&amp;usg=AOvVaw0xTtuzu9kiviwnnAg6NhHf\">Instagram<\/a>.<\/p>\n","protected":false},"excerpt":{"rendered":"<p>\u00bb Os pilotos do Team Consilcar estiveram em excelente plano na Baja TT Sharish Gin, onde Edgar Condenso e Nuno Silva garantiram o terceiro p\u00f3dio da temporada na categoria T1 (terceiro lugar), assumindo o comando do Campeonato de Portugal de TT. \u00bb Em Reguengos de Monsaraz e Mour\u00e3o, David Carreira e Ant\u00f3nio Serr\u00e3o voltaram a [&hellip;]<\/p>\n","protected":false},"author":2,"featured_media":9862,"comment_status":"closed","ping_status":"open","sticky":false,"template":"","format":"standard","meta":{"_editorskit_title_hidden":false,"_editorskit_reading_time":0,"_editorskit_is_block_options_detached":false,"_editorskit_block_options_position":"{}","om_disable_all_campaigns":false,"_monsterinsights_skip_tracking":false,"_monsterinsights_sitenote_active":false,"_monsterinsights_sitenote_note":"","_monsterinsights_sitenote_category":0,"_uf_show_specific_survey":0,"_uf_disable_surveys":false,"site-sidebar-layout":"default","site-content-layout":"","ast-site-content-layout":"default","site-content-style":"default","site-sidebar-style":"default","ast-global-header-display":"","ast-banner-title-visibility":"","ast-main-header-display":"","ast-hfb-above-header-display":"","ast-hfb-below-header-display":"","ast-hfb-mobile-header-display":"","site-post-title":"","ast-breadcrumbs-content":"","ast-featured-img":"","footer-sml-layout":"","theme-transparent-header-meta":"default","adv-header-id-meta":"","stick-header-meta":"default","header-above-stick-meta":"","header-main-stick-meta":"","header-below-stick-meta":"","astra-migrate-meta-layouts":"set","ast-page-background-enabled":"default","ast-page-background-meta":{"desktop":{"background-color":"","background-image":"","background-repeat":"repeat","background-position":"center center","background-size":"auto","background-attachment":"scroll","background-type":"","background-media":"","overlay-type":"","overlay-color":"","overlay-opacity":"","overlay-gradient":""},"tablet":{"background-color":"","background-image":"","background-repeat":"repeat","background-position":"center center","background-size":"auto","background-attachment":"scroll","background-type":"","background-media":"","overlay-type":"","overlay-color":"","overlay-opacity":"","overlay-gradient":""},"mobile":{"background-color":"","background-image":"","background-repeat":"repeat","background-position":"center center","background-size":"auto","background-attachment":"scroll","background-type":"","background-media":"","overlay-type":"","overlay-color":"","overlay-opacity":"","overlay-gradient":""}},"ast-content-background-meta":{"desktop":{"background-color":"var(--ast-global-color-5)","background-image":"","background-repeat":"repeat","background-position":"center center","background-size":"auto","background-attachment":"scroll","background-type":"","background-media":"","overlay-type":"","overlay-color":"","overlay-opacity":"","overlay-gradient":""},"tablet":{"background-color":"var(--ast-global-color-5)","background-image":"","background-repeat":"repeat","background-position":"center center","background-size":"auto","background-attachment":"scroll","background-type":"","background-media":"","overlay-type":"","overlay-color":"","overlay-opacity":"","overlay-gradient":""},"mobile":{"background-color":"var(--ast-global-color-5)","background-image":"","background-repeat":"repeat","background-position":"center center","background-size":"auto","background-attachment":"scroll","background-type":"","background-media":"","overlay-type":"","overlay-color":"","overlay-opacity":"","overlay-gradient":""}},"footnotes":""},"categories":[11],"tags":[],"class_list":["post-9861","post","type-post","status-publish","format-standard","has-post-thumbnail","hentry","category-noticias"],"aioseo_notices":[],"_links":{"self":[{"href":"https:\/\/contarotacoes.com\/index.php?rest_route=\/wp\/v2\/posts\/9861","targetHints":{"allow":["GET"]}}],"collection":[{"href":"https:\/\/contarotacoes.com\/index.php?rest_route=\/wp\/v2\/posts"}],"about":[{"href":"https:\/\/contarotacoes.com\/index.php?rest_route=\/wp\/v2\/types\/post"}],"author":[{"embeddable":true,"href":"https:\/\/contarotacoes.com\/index.php?rest_route=\/wp\/v2\/users\/2"}],"replies":[{"embeddable":true,"href":"https:\/\/contarotacoes.com\/index.php?rest_route=%2Fwp%2Fv2%2Fcomments&post=9861"}],"version-history":[{"count":1,"href":"https:\/\/contarotacoes.com\/index.php?rest_route=\/wp\/v2\/posts\/9861\/revisions"}],"predecessor-version":[{"id":9863,"href":"https:\/\/contarotacoes.com\/index.php?rest_route=\/wp\/v2\/posts\/9861\/revisions\/9863"}],"wp:featuredmedia":[{"embeddable":true,"href":"https:\/\/contarotacoes.com\/index.php?rest_route=\/wp\/v2\/media\/9862"}],"wp:attachment":[{"href":"https:\/\/contarotacoes.com\/index.php?rest_route=%2Fwp%2Fv2%2Fmedia&parent=9861"}],"wp:term":[{"taxonomy":"category","embeddable":true,"href":"https:\/\/contarotacoes.com\/index.php?rest_route=%2Fwp%2Fv2%2Fcategories&post=9861"},{"taxonomy":"post_tag","embeddable":true,"href":"https:\/\/contarotacoes.com\/index.php?rest_route=%2Fwp%2Fv2%2Ftags&post=9861"}],"curies":[{"name":"wp","href":"https:\/\/api.w.org\/{rel}","templated":true}]}}