{"id":9858,"date":"2024-09-22T20:17:41","date_gmt":"2024-09-22T20:17:41","guid":{"rendered":"https:\/\/contarotacoes.com\/?p=9858"},"modified":"2024-09-22T20:17:41","modified_gmt":"2024-09-22T20:17:41","slug":"maria-luis-gameiro-e-jose-marques-preparados-para-os-desafios-da-baja-de-marrocos","status":"publish","type":"post","link":"https:\/\/contarotacoes.com\/?p=9858","title":{"rendered":"Maria Lu\u00eds Gameiro e Jos\u00e9 Marques preparados para os desafios da Baja de Marrocos"},"content":{"rendered":"<ul>\n<li><strong>Team Motivo JCB estreia-se em \u00c1frica com um Yamaha T3<\/strong><\/li>\n<\/ul>\n<p style=\"text-align: justify;\">Maria Lu\u00eds Gameiro e Jos\u00e9 Marques est\u00e3o prestes a embarcar em mais uma aventura desta feita na Baja de Marrocos, a disputar, de 23 a 27 de setembro. A dupla portuguesa, que tem competido com sucesso no Campeonato de Portugal e de Espanha de Todo-o-Terreno, decidiu mudar de cen\u00e1rio, numa prova com exig\u00eancias distintas, competindo agora com um Yamaha T3,. Esta participa\u00e7\u00e3o serve como prepara\u00e7\u00e3o para o Rally de Marrocos, ronda do Campeonato do Mundo W2RC, que ter\u00e1 lugar de 2 a 11 de outubro.<\/p>\n<p style=\"text-align: justify;\">Maria Lu\u00eds Gameiro e Jos\u00e9 Marques est\u00e3o desde o in\u00edcio da semana no Reino de Marrocos a preparar a estreia na edi\u00e7\u00e3o de 2024 da Baja de Marrocos. A piloto de Cascais cumpriu v\u00e1rias centenas de quil\u00f3metros aos comandos do Yamaha T3 preparado e assistido pela Franco Sport \u2013 Racing Development e n\u00e3o esconde a sua satisfa\u00e7\u00e3o pelo modo como se adaptou a este novo carro, \u201cque \u00e9 radicalmente diferente daquilo a que estava habituada. Estou muto contente como a forma como evolu\u00ed. Consegui, muito rapidamente, perceber o carro e as suas rea\u00e7\u00f5es e agora espero conseguir aplicar isto em competi\u00e7\u00e3o. \u00c9 para n\u00f3s uma emo\u00e7\u00e3o enorme embarcar neste novo desafio e esta \u00faltima semana for muito importante a v\u00e1rios n\u00edveis. Estamos muito entusiasmados e percebe-se que toda a equipa tem trabalhado arduamente no sentido de garantir que est\u00e1 tudo pronto para o arranque amanh\u00e3,\u201d esclareceu a piloto.<\/p>\n<p style=\"text-align: justify;\">O Baja de Marrocos que vai na sua quarta edi\u00e7\u00e3o, recebe pela primeira vez autom\u00f3veis e, por conseguinte, passa a contar com dois percursos: um primeiro, concebido para otimizar as capacidades de manobra e o desempenho dos SSV e dos motociclos, a fim de proporcionar aos concorrentes o m\u00e1ximo prazer de condu\u00e7\u00e3o; o segundo, mais adaptado aos autom\u00f3veis.<\/p>\n<p style=\"text-align: justify;\">Cada dia \u00e9 constitu\u00eddo por tr\u00eas especiais curtas, com cerca de 100 km cada. No final do dia os pilotos ter\u00e3o percorrido, no m\u00e1ximo, 300 km contra o cron\u00f3metro. Ser\u00e3o ent\u00e3o cinco dias consecutivos (cinco etapas), constitu\u00eddas por tr\u00eas especiais cada, num total de 15 especiais contra o cron\u00f3metro. Na quarta etapa, as equipas dos SSV e dos autom\u00f3veis enfrentar\u00e3o uma especial noturna, em mais um desafio \u00e0 condu\u00e7\u00e3o e navega\u00e7\u00e3o.<\/p>\n<p style=\"text-align: justify;\">As cinco etapas acontecem em torno de Merzouga, uma pequena aldeia situada no Sudeste de Marrocos, conhecida pela sua proximidade das deslumbrantes dunas de Erg Chebbi, que se estendem por cerca de 50 quil\u00f3metros de comprimento e 5 quil\u00f3metros de largura, atingindo alturas de at\u00e9 350 metros acima do n\u00edvel do mar. Esta aldeia serve de porta de entrada para o deserto do Saara. Este \u00e9 o centro nevr\u00e1lgico da prova, onde estar\u00e1 instalado o bivouac.<\/p>\n<p style=\"text-align: justify;\">Poder\u00e1 seguir a prova no site oficial da Baja de Marrocos, no endere\u00e7o: https:\/\/bajassvmorocco.com\/<\/p>\n","protected":false},"excerpt":{"rendered":"<p>Team Motivo JCB estreia-se em \u00c1frica com um Yamaha T3 Maria Lu\u00eds Gameiro e Jos\u00e9 Marques est\u00e3o prestes a embarcar em mais uma aventura desta feita na Baja de Marrocos, a disputar, de 23 a 27 de setembro. A dupla portuguesa, que tem competido com sucesso no Campeonato de Portugal e de Espanha de Todo-o-Terreno, [&hellip;]<\/p>\n","protected":false},"author":2,"featured_media":9859,"comment_status":"closed","ping_status":"open","sticky":false,"template":"","format":"standard","meta":{"_editorskit_title_hidden":false,"_editorskit_reading_time":0,"_editorskit_is_block_options_detached":false,"_editorskit_block_options_position":"{}","om_disable_all_campaigns":false,"_monsterinsights_skip_tracking":false,"_monsterinsights_sitenote_active":false,"_monsterinsights_sitenote_note":"","_monsterinsights_sitenote_category":0,"_uf_show_specific_survey":0,"_uf_disable_surveys":false,"site-sidebar-layout":"default","site-content-layout":"","ast-site-content-layout":"default","site-content-style":"default","site-sidebar-style":"default","ast-global-header-display":"","ast-banner-title-visibility":"","ast-main-header-display":"","ast-hfb-above-header-display":"","ast-hfb-below-header-display":"","ast-hfb-mobile-header-display":"","site-post-title":"","ast-breadcrumbs-content":"","ast-featured-img":"","footer-sml-layout":"","theme-transparent-header-meta":"default","adv-header-id-meta":"","stick-header-meta":"default","header-above-stick-meta":"","header-main-stick-meta":"","header-below-stick-meta":"","astra-migrate-meta-layouts":"set","ast-page-background-enabled":"default","ast-page-background-meta":{"desktop":{"background-color":"","background-image":"","background-repeat":"repeat","background-position":"center center","background-size":"auto","background-attachment":"scroll","background-type":"","background-media":"","overlay-type":"","overlay-color":"","overlay-opacity":"","overlay-gradient":""},"tablet":{"background-color":"","background-image":"","background-repeat":"repeat","background-position":"center center","background-size":"auto","background-attachment":"scroll","background-type":"","background-media":"","overlay-type":"","overlay-color":"","overlay-opacity":"","overlay-gradient":""},"mobile":{"background-color":"","background-image":"","background-repeat":"repeat","background-position":"center center","background-size":"auto","background-attachment":"scroll","background-type":"","background-media":"","overlay-type":"","overlay-color":"","overlay-opacity":"","overlay-gradient":""}},"ast-content-background-meta":{"desktop":{"background-color":"var(--ast-global-color-5)","background-image":"","background-repeat":"repeat","background-position":"center center","background-size":"auto","background-attachment":"scroll","background-type":"","background-media":"","overlay-type":"","overlay-color":"","overlay-opacity":"","overlay-gradient":""},"tablet":{"background-color":"var(--ast-global-color-5)","background-image":"","background-repeat":"repeat","background-position":"center center","background-size":"auto","background-attachment":"scroll","background-type":"","background-media":"","overlay-type":"","overlay-color":"","overlay-opacity":"","overlay-gradient":""},"mobile":{"background-color":"var(--ast-global-color-5)","background-image":"","background-repeat":"repeat","background-position":"center center","background-size":"auto","background-attachment":"scroll","background-type":"","background-media":"","overlay-type":"","overlay-color":"","overlay-opacity":"","overlay-gradient":""}},"footnotes":""},"categories":[11],"tags":[],"class_list":["post-9858","post","type-post","status-publish","format-standard","has-post-thumbnail","hentry","category-noticias"],"aioseo_notices":[],"_links":{"self":[{"href":"https:\/\/contarotacoes.com\/index.php?rest_route=\/wp\/v2\/posts\/9858","targetHints":{"allow":["GET"]}}],"collection":[{"href":"https:\/\/contarotacoes.com\/index.php?rest_route=\/wp\/v2\/posts"}],"about":[{"href":"https:\/\/contarotacoes.com\/index.php?rest_route=\/wp\/v2\/types\/post"}],"author":[{"embeddable":true,"href":"https:\/\/contarotacoes.com\/index.php?rest_route=\/wp\/v2\/users\/2"}],"replies":[{"embeddable":true,"href":"https:\/\/contarotacoes.com\/index.php?rest_route=%2Fwp%2Fv2%2Fcomments&post=9858"}],"version-history":[{"count":1,"href":"https:\/\/contarotacoes.com\/index.php?rest_route=\/wp\/v2\/posts\/9858\/revisions"}],"predecessor-version":[{"id":9860,"href":"https:\/\/contarotacoes.com\/index.php?rest_route=\/wp\/v2\/posts\/9858\/revisions\/9860"}],"wp:featuredmedia":[{"embeddable":true,"href":"https:\/\/contarotacoes.com\/index.php?rest_route=\/wp\/v2\/media\/9859"}],"wp:attachment":[{"href":"https:\/\/contarotacoes.com\/index.php?rest_route=%2Fwp%2Fv2%2Fmedia&parent=9858"}],"wp:term":[{"taxonomy":"category","embeddable":true,"href":"https:\/\/contarotacoes.com\/index.php?rest_route=%2Fwp%2Fv2%2Fcategories&post=9858"},{"taxonomy":"post_tag","embeddable":true,"href":"https:\/\/contarotacoes.com\/index.php?rest_route=%2Fwp%2Fv2%2Ftags&post=9858"}],"curies":[{"name":"wp","href":"https:\/\/api.w.org\/{rel}","templated":true}]}}