{"id":9834,"date":"2024-09-21T20:34:47","date_gmt":"2024-09-21T20:34:47","guid":{"rendered":"https:\/\/contarotacoes.com\/?p=9834"},"modified":"2024-09-21T20:34:47","modified_gmt":"2024-09-21T20:34:47","slug":"campeonato-de-portugal-de-karting-toyota-esta-ao-rubro-em-baltar-na-luta-pelos-titulos","status":"publish","type":"post","link":"https:\/\/contarotacoes.com\/?p=9834","title":{"rendered":"Campeonato de Portugal de Karting Toyota est\u00e1 ao rubro em Baltar na luta pelos t\u00edtulos"},"content":{"rendered":"<div>\n<div dir=\"auto\" style=\"text-align: justify;\">Rodrigo Ferreira, Andr\u00e9 Serafim, Rui Pires, Miguel Silva, Afonso Ferreira, T\u00e9o Pelfrene, Lu\u00eds Fernandes e Rodrigo Carreira venceram hoje no Campeonato de Portugal de Karting Toyota, a contar para a quinta e \u00faltima jornada dupla que est\u00e1 a decorrer no Kart\u00f3dromo de Baltar, sob a organiza\u00e7\u00e3o da ACDME.<\/div>\n<\/div>\n<div style=\"text-align: justify;\">\n<div dir=\"auto\">Com 71 participantes, o primeiro dia da quinta jornada dupla do Campeonato de Portugal de Karting Toyota, disputado hoje, foi bastante emotivo no tra\u00e7ado de Baltar, como seria de esperar, j\u00e1 que em causa est\u00e1 a defini\u00e7\u00e3o dos t\u00edtulos de campe\u00f5es nacionais de 2024.<\/div>\n<div dir=\"auto\">A categoria-rainha do CPK teve 23 pilotos na jornada deste s\u00e1bado em Baltar e Maximiano Radeck (CRG) entrou da melhor forma ao conseguir a pole-position nos treinos cronometrados, com uma volta em 47,532s. Na manga de qualifica\u00e7\u00e3o, o jovem piloto luso-su\u00ed\u00e7o bateu a concorr\u00eancia e terminou na frente de Afonso Ferreira (Tonykart), Tom\u00e1s Gomes (TBKart) e Henrique Ventura Oliveira (BRM), que ocuparam, por esta ordem, as duas primeiras linhas da grelha para a Final.<\/div>\n<div dir=\"auto\">Na Final, disputada em 20 voltas, Max Radeck atrasou-se logo na primeira volta e Miguel Silva (Pantano) assumiu o comando das opera\u00e7\u00f5es, partindo para uma exibi\u00e7\u00e3o irrepreens\u00edvel e regressando \u00e0s vit\u00f3rias no CPK. O ex-campe\u00e3o nacional X30 terminou na frente de Tom\u00e1s Gomes, ap\u00f3s um interessante duelo entre o bracarense e Jo\u00e3o Faria (CRG), que tamb\u00e9m subiu ao p\u00f3dio \u2018em casa\u2019.<\/div>\n<div dir=\"auto\">Afonso ferreira foi o quarto classificado e Gabriel Ca\u00e7oilo (LN) conseguiu subir ao top 5 e est\u00e1 na luta pelo t\u00edtulo, enquanto Pedro Cachada (Tonykart) fez uma grande recupera\u00e7\u00e3o de 13 lugares, para terminar em 6.\u00ba. Rodrigo Vila\u00e7a (Kart Republic), em prepara\u00e7\u00e3o para a Ta\u00e7a de Portugal, conseguiu um positivo 7.\u00ba lugar na corrida decisiva, logo na frente de Max Radeck, autor da volta mais r\u00e1pida. Lu\u00eds Aguiar (TBKart) e Rafael Rajani (TBKart) completaram o top 10 na Final, enquanto Margarida Furtado (Tonykart) foi a melhor concorrente feminina.<\/div>\n<div dir=\"auto\">Um dos momentos importantes da corrida foi a desist\u00eancia do l\u00edder do campeonato, Martim Meneses, que perdeu pontos para Gabriel Ca\u00e7oilo, Miguel Silva e Henrique Ventura Oliveira, deixando tudo em aberto para a prova de amanh\u00e3.<\/div>\n<\/div>\n<div style=\"text-align: justify;\">\n<div dir=\"auto\"><strong>Categoria X30 Super Shifter<\/strong><\/div>\n<div dir=\"auto\">Rodrigo Ferreira (Sodikart) foi o mais r\u00e1pido nos treinos cronometrados \u00e0 geral e na S\u00e9nior com uma volta em 46,031s. Na manga de qualifica\u00e7\u00e3o, o piloto do Porto voltou a ser o mais forte \u00e0 geral e na S\u00e9nior, na frente de M\u00e1rio Borges (Maranello), pilotos que partilharam a primeira linha da grelha de partida para a Final, com Henrique Cruz (Birel ART) e Andr\u00e9 Serafim (Birel ART) a arrancarem logo atr\u00e1s, na segunda linha.<\/div>\n<div dir=\"auto\">Na Final, disputada em 18 voltas, Rodrigo Ferreira arrancou ent\u00e3o da pole-position e aproveitou-a da melhor forma para dominar todos os acontecimentos do princ\u00edpio ao fim da corrida, tendo tamb\u00e9m rubricado a volta mais r\u00e1pida em 46,837s. Mais uma vit\u00f3ria \u00e0 geral e na S\u00e9nior para o piloto do Porto.<\/div>\n<div dir=\"auto\">Henrique Cruz e M\u00e1rio Borges travaram um duelo pela segunda posi\u00e7\u00e3o, tendo o primeiro levado acabado por levar a melhor \u00e0 geral e na S\u00e9nior, enquanto M\u00e1rio Borges foi terceiro classificado \u00e0 geral e na S\u00e9nior.<\/div>\n<div dir=\"auto\">Jospeh Oliveira (Lenzokart) terminou no quarto lugar, seguindo-se Andr\u00e9 Serafim \u2013 vencedor da classe Master \u2013 Hugo Marreiros (Tonykart), Ricardo Sousa (Sodikart) e Rui Pires (Kali Kart), que venceu a classe Gentleman. Pior sorte tiveram Ricardo Alves (Kosmic), Filipe Santos (TBKart), S\u00e9rgio Carvalho (Lenzokart) e Paulo Martins (Birel ART) que foram for\u00e7ados a abandonar logo nas primeiras voltas da corrida.<\/div>\n<\/div>\n<div style=\"text-align: justify;\">\n<div dir=\"auto\"><strong>Categoria J\u00fanior<\/strong><\/div>\n<div dir=\"auto\">De manh\u00e3, na sess\u00e3o de treinos cronometrados, Afonso Lopes (Kart Republic) foi o mais r\u00e1pido nos treinos cronometrados, com a marca de 48,984s. Na manga de qualifica\u00e7\u00e3o, Afonso Ferreira (TBKart) bateu a concorr\u00eancia e ficou na frente de Afonso Lopes, com Ant\u00f3nio Macedo (CRG) e Gabriela Teixeira (Kart Republic) logo atr\u00e1s. Estes pilotos ocuparam as duas primeiras linhas da grelha de partida para a corrida decisiva.<\/div>\n<div dir=\"auto\">Na Final, disputada em 20 voltas, Afonso Ferreira confirmou o favoritismo e liderou da primeira \u00e0 \u00faltima volta, conseguindo juntar a vit\u00f3ria \u00e0 volta mais r\u00e1pida da corrida, resultados importantes na luta pelo t\u00edtulo nacional, que vai discutir, amanh\u00e3, com Gabriela Teixeira e Ant\u00f3nio Macedo.<\/div>\n<div dir=\"auto\">Afonso Lopes parecia estar a caminho do segundo lugar, mas entrou na box na \u00faltima volta e desceu para o quarto lugar, com Gabriela Teixeira e Ant\u00f3nio Macedo a completarem, por esta ordem, o p\u00f3dio de Baltar.<\/div>\n<div dir=\"auto\">Diogo Caetano (Birel ART) fez uma excelente recupera\u00e7\u00e3o de sete lugares e terminou dentro do top 5, liderando um trio muito aguerrido que tamb\u00e9m inclu\u00eda Jo\u00e3o Barros (LN) e Bernardo Pinto (Tonykart). Jan Rodrigues (Tonykart) foi o 8.\u00ba classificado na corrida decisiva, logo na frente de Romeu Mello (TBKart), ainda a descobrir esta categoria, e Tom\u00e1s Carapucinha (Birel ART), que prossegue a sua evolu\u00e7\u00e3o no karting de competi\u00e7\u00e3o.<\/div>\n<\/div>\n<div style=\"text-align: justify;\">\n<div dir=\"auto\"><strong>Categoria X30 Mini<\/strong><\/div>\n<div dir=\"auto\">M\u00e1rio Silva Lora (CRG) \u2013 l\u00edder do campeonato \u00e0 partida para Baltar \u2013 foi o mais r\u00e1pido nos treinos cronometrados com a marca de 53,225s. Na manga de qualifica\u00e7\u00e3o, venceu T\u00e9o Pelfrene (Birel ART), na frente de M\u00e1rio Silva Lora, pilotos que partilharam a primeira linha da grelha de partida para a Final, com Guilherme Morgado (Birel ART) e de Leonor Rocha (TBKart), a arrancarem logo atr\u00e1s, na segunda linha.<\/div>\n<div dir=\"auto\">Na Final, disputada em 18 voltas, T\u00e9o Pelfrene aproveitou bem a pole-position e fez um bom arranque que lhe permitiu liderar at\u00e9 \u00e0 11.\u00aa volta, altura em que M\u00e1rio Silva Lora se revelou mais forte e passou para o comando. T\u00e9o Pelfrene e M\u00e1rio Silva Lora passaram ent\u00e3o a travar um intenso duelo at\u00e9 \u00e0 bandeira xadrez, tendo, contudo, levado a melhor o primeiro por 0,154s face a M\u00e1rio Silva Lora, que rubricou a volta mais r\u00e1pida em 53,700s.<\/div>\n<div dir=\"auto\">Leonor Rocha rodou as primeiras tr\u00eas voltas na segunda posi\u00e7\u00e3o, mas depois desceu ao terceiro lugar onde viria a terminar, mas seguindo bem de perto a luta pela vit\u00f3ria entre T\u00e9o Pelfrene e M\u00e1rio Silva Lora.<\/div>\n<div dir=\"auto\">Guilherme Morgado (Birel ART) \u2013 o principal perseguidor de M\u00e1rio Silva na luta pelo t\u00edtulo \u2013 e Mateus Gomes (Birel ART) completaram o top-5, na frente de Francisco Correia (CRG), Jos\u00e9 Pedro Pinto (Birel ART), Gustavo Oliveira (KR), Duarte Rodrigues (DR), Martin Rodrigues (FA), Francisco Igl\u00e9sias (Birel ART) e do israelita Noam Ehrlich (Birel ART). Santiago Barros (Birel ART) foi for\u00e7ado a abandonar \u00e0 oitava volta, numa altura em que era sexto classificado.<\/div>\n<\/div>\n<div style=\"text-align: justify;\">\n<div dir=\"auto\"><strong>Categoria Cadete<\/strong><\/div>\n<div dir=\"auto\">De manh\u00e3, na sess\u00e3o de treinos cronometrados, Jo\u00e3o Barros (Kart Republic) foi o mais r\u00e1pido do pelot\u00e3o e garantiu a pole-position e um ponto extra ao rodar em 55,783s. O jovem piloto de Santar\u00e9m tamb\u00e9m se superiorizou na manga de qualifica\u00e7\u00e3o, onde terminou na frente de Lu\u00eds Fernandes (Parolin) que, assim, tamb\u00e9m largou da primeira linha da grelha para a Final. Logo atr\u00e1s, na segunda linha, partiram Artur Loureiro (Parolin) e Louren\u00e7o Antunes (Birel ART), que discutem o t\u00edtulo nacional em Baltar.<\/div>\n<div dir=\"auto\">Na Final, disputada em 12 voltas, Lu\u00eds Fernandes esteve muito forte e liderou logo desde a fase inicial, quando Jo\u00e3o Barros se atrasou. Depois de assumir o comando, o jovem piloto de Esposende foi construindo uma vantagem confort\u00e1vel, que geriu nas \u00faltimas voltas para garantir a vit\u00f3ria.<\/div>\n<div dir=\"auto\">Louren\u00e7o Antunes foi o 2.\u00ba classificado e ganhou pontos a Artur Loureiro, o 3.\u00ba, depois do l\u00edder do campeonato ter sido penalizado por danos na carenagem frontal do seu kart. Tom\u00e1s Fontes (Tonykart) fez uma excelente recupera\u00e7\u00e3o e foi o 4.\u00ba classificado na Final, ap\u00f3s um intenso duelo com Guilherme Aguiar (TBKart), que completou o top 5.<\/div>\n<div dir=\"auto\">Estreante na categoria Cadete, Giovanni Gilmore (Tonykart) conseguiu um merit\u00f3rio 6.\u00ba lugar e Jo\u00e3o Barros, mais azarado, foi obrigado a abandonar e n\u00e3o p\u00f4de confirmar o excelente andamento que evidenciou na manga de qualifica\u00e7\u00e3o.<\/div>\n<\/div>\n<div style=\"text-align: justify;\">\n<div dir=\"auto\"><strong>Categoria Inicia\u00e7\u00e3o<\/strong><\/div>\n<div dir=\"auto\">Manuel Miranda (Birel ART) foi o mais r\u00e1pido nos treinos cronometrados com a marca de 1m17,823s. Na manga de qualifica\u00e7\u00e3o, venceu Rodrigo Carreira (Birel ART), na frente de Lana Pelfrene (Birel ART), pilotos que partilharam a primeira linha da grelha de partida para a Final, com Manuel Miranda (Birel ART) e Ot\u00e1vio Amorim (Parolin) a arrancarem logo atr\u00e1s, na segunda linha.<\/div>\n<div dir=\"auto\">Na Final, disputada em 5 voltas, Rodrigo Carreira aproveitou bem a pole-position para come\u00e7ar a dominar todos os acontecimentos, liderando a corrida de princ\u00edpio a fim, o que lhe permitiu somar mais uma vit\u00f3ria para as contas do campeonato, onde \u00e9 agora mais l\u00edder e est\u00e1 mais perto de conquistar o t\u00edtulo de campe\u00e3o nacional.<\/div>\n<div dir=\"auto\">Manuel Miranda, depois de rodar na volta inicial na terceira posi\u00e7\u00e3o, logo a seguir assumiu o segundo lugar e conservou-o at\u00e9 \u00e0 bandeira xadrez, destacando-se tamb\u00e9m ao rubricar a volta mais r\u00e1pida da corrida em 1m17,213s. Lana Pelfrene completou o p\u00f3dio e Ot\u00e1vio Amorim, que completou apenas 5 anos de idade em junho, foi o quarto classificado.<\/div>\n<\/div>\n<div>\n<div dir=\"auto\" style=\"text-align: justify;\">Amanh\u00e3, entre as 08h00 e as 15h20 cumpre-se o segundo dia desta quinta e \u00faltima jornada dupla em Baltar, estando a cerim\u00f3nia de entrega de pr\u00e9mios agendada para as 15h40.<\/div>\n<\/div>\n","protected":false},"excerpt":{"rendered":"<p>Rodrigo Ferreira, Andr\u00e9 Serafim, Rui Pires, Miguel Silva, Afonso Ferreira, T\u00e9o Pelfrene, Lu\u00eds Fernandes e Rodrigo Carreira venceram hoje no Campeonato de Portugal de Karting Toyota, a contar para a quinta e \u00faltima jornada dupla que est\u00e1 a decorrer no Kart\u00f3dromo de Baltar, sob a organiza\u00e7\u00e3o da ACDME. Com 71 participantes, o primeiro dia da [&hellip;]<\/p>\n","protected":false},"author":2,"featured_media":9835,"comment_status":"closed","ping_status":"open","sticky":false,"template":"","format":"standard","meta":{"_editorskit_title_hidden":false,"_editorskit_reading_time":0,"_editorskit_is_block_options_detached":false,"_editorskit_block_options_position":"{}","om_disable_all_campaigns":false,"_monsterinsights_skip_tracking":false,"_monsterinsights_sitenote_active":false,"_monsterinsights_sitenote_note":"","_monsterinsights_sitenote_category":0,"_uf_show_specific_survey":0,"_uf_disable_surveys":false,"site-sidebar-layout":"default","site-content-layout":"","ast-site-content-layout":"default","site-content-style":"default","site-sidebar-style":"default","ast-global-header-display":"","ast-banner-title-visibility":"","ast-main-header-display":"","ast-hfb-above-header-display":"","ast-hfb-below-header-display":"","ast-hfb-mobile-header-display":"","site-post-title":"","ast-breadcrumbs-content":"","ast-featured-img":"","footer-sml-layout":"","theme-transparent-header-meta":"default","adv-header-id-meta":"","stick-header-meta":"default","header-above-stick-meta":"","header-main-stick-meta":"","header-below-stick-meta":"","astra-migrate-meta-layouts":"set","ast-page-background-enabled":"default","ast-page-background-meta":{"desktop":{"background-color":"","background-image":"","background-repeat":"repeat","background-position":"center center","background-size":"auto","background-attachment":"scroll","background-type":"","background-media":"","overlay-type":"","overlay-color":"","overlay-opacity":"","overlay-gradient":""},"tablet":{"background-color":"","background-image":"","background-repeat":"repeat","background-position":"center center","background-size":"auto","background-attachment":"scroll","background-type":"","background-media":"","overlay-type":"","overlay-color":"","overlay-opacity":"","overlay-gradient":""},"mobile":{"background-color":"","background-image":"","background-repeat":"repeat","background-position":"center center","background-size":"auto","background-attachment":"scroll","background-type":"","background-media":"","overlay-type":"","overlay-color":"","overlay-opacity":"","overlay-gradient":""}},"ast-content-background-meta":{"desktop":{"background-color":"var(--ast-global-color-5)","background-image":"","background-repeat":"repeat","background-position":"center center","background-size":"auto","background-attachment":"scroll","background-type":"","background-media":"","overlay-type":"","overlay-color":"","overlay-opacity":"","overlay-gradient":""},"tablet":{"background-color":"var(--ast-global-color-5)","background-image":"","background-repeat":"repeat","background-position":"center center","background-size":"auto","background-attachment":"scroll","background-type":"","background-media":"","overlay-type":"","overlay-color":"","overlay-opacity":"","overlay-gradient":""},"mobile":{"background-color":"var(--ast-global-color-5)","background-image":"","background-repeat":"repeat","background-position":"center center","background-size":"auto","background-attachment":"scroll","background-type":"","background-media":"","overlay-type":"","overlay-color":"","overlay-opacity":"","overlay-gradient":""}},"footnotes":""},"categories":[11],"tags":[],"class_list":["post-9834","post","type-post","status-publish","format-standard","has-post-thumbnail","hentry","category-noticias"],"aioseo_notices":[],"_links":{"self":[{"href":"https:\/\/contarotacoes.com\/index.php?rest_route=\/wp\/v2\/posts\/9834","targetHints":{"allow":["GET"]}}],"collection":[{"href":"https:\/\/contarotacoes.com\/index.php?rest_route=\/wp\/v2\/posts"}],"about":[{"href":"https:\/\/contarotacoes.com\/index.php?rest_route=\/wp\/v2\/types\/post"}],"author":[{"embeddable":true,"href":"https:\/\/contarotacoes.com\/index.php?rest_route=\/wp\/v2\/users\/2"}],"replies":[{"embeddable":true,"href":"https:\/\/contarotacoes.com\/index.php?rest_route=%2Fwp%2Fv2%2Fcomments&post=9834"}],"version-history":[{"count":1,"href":"https:\/\/contarotacoes.com\/index.php?rest_route=\/wp\/v2\/posts\/9834\/revisions"}],"predecessor-version":[{"id":9836,"href":"https:\/\/contarotacoes.com\/index.php?rest_route=\/wp\/v2\/posts\/9834\/revisions\/9836"}],"wp:featuredmedia":[{"embeddable":true,"href":"https:\/\/contarotacoes.com\/index.php?rest_route=\/wp\/v2\/media\/9835"}],"wp:attachment":[{"href":"https:\/\/contarotacoes.com\/index.php?rest_route=%2Fwp%2Fv2%2Fmedia&parent=9834"}],"wp:term":[{"taxonomy":"category","embeddable":true,"href":"https:\/\/contarotacoes.com\/index.php?rest_route=%2Fwp%2Fv2%2Fcategories&post=9834"},{"taxonomy":"post_tag","embeddable":true,"href":"https:\/\/contarotacoes.com\/index.php?rest_route=%2Fwp%2Fv2%2Ftags&post=9834"}],"curies":[{"name":"wp","href":"https:\/\/api.w.org\/{rel}","templated":true}]}}