{"id":9777,"date":"2024-09-20T21:26:31","date_gmt":"2024-09-20T21:26:31","guid":{"rendered":"https:\/\/contarotacoes.com\/?p=9777"},"modified":"2024-09-20T21:26:31","modified_gmt":"2024-09-20T21:26:31","slug":"nj-racing-parte-para-boticas-de-olhos-postos-no-titulo-dos-prototipos-b","status":"publish","type":"post","link":"https:\/\/contarotacoes.com\/?p=9777","title":{"rendered":"NJ Racing parte para Boticas de olhos postos no t\u00edtulo dos Prot\u00f3tipos B"},"content":{"rendered":"<p style=\"text-align: justify;\">A Rampa de Boticas 2024 tem tudo para ser o palco de mais um t\u00edtulo na carreira de Nuno Guimar\u00e3es. O \u201cCapit\u00e3o da Montanha\u201d est\u00e1 em \u00f3timas condi\u00e7\u00f5es para reclamar j\u00e1 novo cetro nos Prot\u00f3tipos B e comparece na prova organizada pelo Demoporto acompanhado pelos seus colegas de equipa Nuno Pinto e Rute Br\u00e1s.<\/p>\n<p style=\"text-align: justify;\">As cinco vit\u00f3rias de Nuno Guimar\u00e3es em outras tantas provas realizadas, atestam o dom\u00ednio de Nuno Guimar\u00e3es e do seu Silver Car S2 nas lides dos Prot\u00f3tipos B. Novo triunfo em Boticas selar\u00e1 a renova\u00e7\u00e3o do t\u00edtulo, coroando mais uma \u00e9poca de grande n\u00edvel do consagrado piloto de Peso da R\u00e9gua.<\/p>\n<p style=\"text-align: justify;\">\u201cObviamente, que ganhar o t\u00edtulo \u00e9 o grande objetivo e, se acontecer nesta rampa, muito melhor!&#8230;\u201d, assume Nuno Guimar\u00e3es que, no entanto, real\u00e7a \u201co enorme prazer que sinto a competir em Boticas. Uma rampa fenomenal, uma organiza\u00e7\u00e3o de grande n\u00edvel e a hospitalidade que t\u00eam para com a Fam\u00edlia da Montanha, fazem com que seja um evento imperd\u00edvel. A previs\u00e3o de chuva vai complicar um pouco as coisas, mas \u00e9 para todos e espero que, independentemente do tempo que fa\u00e7a, voltemos a ter a multid\u00e3o que sempre acorre \u00e0 rampa\u201d.<\/p>\n<p style=\"text-align: justify;\">J\u00e1 na pele de \u2018team manager\u2019 da NJ Racing, o Capit\u00e3o faz votos de que \u201ca nossa Rute Br\u00e1s continue a senda de resultados positivos nos Turismo 3, onde tem tudo para terminar a \u00e9poca dentro do Top 5 e s\u00f3 espero que o Nuno Pinto tenha, desta feita, a sorte pelo seu lado e a barchetta colabore, para que ele tenha um fim-de-semana positivo\u201d.<\/p>\n<p style=\"text-align: justify;\">E esse \u00e9 tamb\u00e9m o desejo de Nuno Pinto. O piloto da NJ Racing espera que \u201ca ADR Sport II revele mais fiabilidade. Temos trabalhado de forma incessante para tentar resolver todos os problemas que nos t\u00eam assolado. Vou a Boticas sem qualquer ambi\u00e7\u00e3o ou busca de resultado. Se a barchetta colaborar, quero desfrutar desta grande prova, dar espet\u00e1culo e honrar o carinho das gentes e do Munic\u00edpio de Boticas!\u201d.<\/p>\n<p style=\"text-align: justify;\">Rute Br\u00e1s vai a Boticas defender o seu atual 4\u00ba posto na tabela pontual da Divis\u00e3o Turismo 3. A piloto do Peugeot 206 RC j\u00e1 \u201cestava com saudades!&#8230; Foi muito tempo parada e vou desfrutar ao m\u00e1ximo desta rampa. As expectativas s\u00e3o as de costume, fazer o melhor e divertir-me. Parece que as condi\u00e7\u00f5es meteorol\u00f3gicas n\u00e3o v\u00e3o estar a favor e j\u00e1 me causa algum problema, pois n\u00e3o gosto de correr com chuva, mas, espero um fim de semana fant\u00e1stico num tra\u00e7ado que eu gosto muito e com um p\u00fablico fant\u00e1stico!\u201d.<\/p>\n<p style=\"text-align: justify;\">O programa competitivo da Rampa de Boticas arranca \u00e0s 13:30 deste s\u00e1bado, 21 de setembro, com o dia inaugural a ter duas sess\u00f5es de treinos oficiais e a 1\u00aa Subida de Prova. No domingo, 22 de setembro, arrancar\u00e1 \u00e0s 10 da manh\u00e3, com uma sess\u00e3o de treinos livres, seguindo-se mais uma sess\u00e3o de treinos oficiais, antes da 2\u00aa e 3\u00aa Subidas de Prova, estando a entrega de pr\u00e9mios aprazada para meio da tarde.<\/p>\n","protected":false},"excerpt":{"rendered":"<p>A Rampa de Boticas 2024 tem tudo para ser o palco de mais um t\u00edtulo na carreira de Nuno Guimar\u00e3es. O \u201cCapit\u00e3o da Montanha\u201d est\u00e1 em \u00f3timas condi\u00e7\u00f5es para reclamar j\u00e1 novo cetro nos Prot\u00f3tipos B e comparece na prova organizada pelo Demoporto acompanhado pelos seus colegas de equipa Nuno Pinto e Rute Br\u00e1s. As [&hellip;]<\/p>\n","protected":false},"author":2,"featured_media":9778,"comment_status":"closed","ping_status":"open","sticky":false,"template":"","format":"standard","meta":{"_editorskit_title_hidden":false,"_editorskit_reading_time":0,"_editorskit_is_block_options_detached":false,"_editorskit_block_options_position":"{}","om_disable_all_campaigns":false,"_monsterinsights_skip_tracking":false,"_monsterinsights_sitenote_active":false,"_monsterinsights_sitenote_note":"","_monsterinsights_sitenote_category":0,"_uf_show_specific_survey":0,"_uf_disable_surveys":false,"site-sidebar-layout":"default","site-content-layout":"","ast-site-content-layout":"default","site-content-style":"default","site-sidebar-style":"default","ast-global-header-display":"","ast-banner-title-visibility":"","ast-main-header-display":"","ast-hfb-above-header-display":"","ast-hfb-below-header-display":"","ast-hfb-mobile-header-display":"","site-post-title":"","ast-breadcrumbs-content":"","ast-featured-img":"","footer-sml-layout":"","theme-transparent-header-meta":"default","adv-header-id-meta":"","stick-header-meta":"default","header-above-stick-meta":"","header-main-stick-meta":"","header-below-stick-meta":"","astra-migrate-meta-layouts":"set","ast-page-background-enabled":"default","ast-page-background-meta":{"desktop":{"background-color":"","background-image":"","background-repeat":"repeat","background-position":"center center","background-size":"auto","background-attachment":"scroll","background-type":"","background-media":"","overlay-type":"","overlay-color":"","overlay-opacity":"","overlay-gradient":""},"tablet":{"background-color":"","background-image":"","background-repeat":"repeat","background-position":"center center","background-size":"auto","background-attachment":"scroll","background-type":"","background-media":"","overlay-type":"","overlay-color":"","overlay-opacity":"","overlay-gradient":""},"mobile":{"background-color":"","background-image":"","background-repeat":"repeat","background-position":"center center","background-size":"auto","background-attachment":"scroll","background-type":"","background-media":"","overlay-type":"","overlay-color":"","overlay-opacity":"","overlay-gradient":""}},"ast-content-background-meta":{"desktop":{"background-color":"var(--ast-global-color-5)","background-image":"","background-repeat":"repeat","background-position":"center center","background-size":"auto","background-attachment":"scroll","background-type":"","background-media":"","overlay-type":"","overlay-color":"","overlay-opacity":"","overlay-gradient":""},"tablet":{"background-color":"var(--ast-global-color-5)","background-image":"","background-repeat":"repeat","background-position":"center center","background-size":"auto","background-attachment":"scroll","background-type":"","background-media":"","overlay-type":"","overlay-color":"","overlay-opacity":"","overlay-gradient":""},"mobile":{"background-color":"var(--ast-global-color-5)","background-image":"","background-repeat":"repeat","background-position":"center center","background-size":"auto","background-attachment":"scroll","background-type":"","background-media":"","overlay-type":"","overlay-color":"","overlay-opacity":"","overlay-gradient":""}},"footnotes":""},"categories":[11],"tags":[],"class_list":["post-9777","post","type-post","status-publish","format-standard","has-post-thumbnail","hentry","category-noticias"],"aioseo_notices":[],"_links":{"self":[{"href":"https:\/\/contarotacoes.com\/index.php?rest_route=\/wp\/v2\/posts\/9777","targetHints":{"allow":["GET"]}}],"collection":[{"href":"https:\/\/contarotacoes.com\/index.php?rest_route=\/wp\/v2\/posts"}],"about":[{"href":"https:\/\/contarotacoes.com\/index.php?rest_route=\/wp\/v2\/types\/post"}],"author":[{"embeddable":true,"href":"https:\/\/contarotacoes.com\/index.php?rest_route=\/wp\/v2\/users\/2"}],"replies":[{"embeddable":true,"href":"https:\/\/contarotacoes.com\/index.php?rest_route=%2Fwp%2Fv2%2Fcomments&post=9777"}],"version-history":[{"count":1,"href":"https:\/\/contarotacoes.com\/index.php?rest_route=\/wp\/v2\/posts\/9777\/revisions"}],"predecessor-version":[{"id":9779,"href":"https:\/\/contarotacoes.com\/index.php?rest_route=\/wp\/v2\/posts\/9777\/revisions\/9779"}],"wp:featuredmedia":[{"embeddable":true,"href":"https:\/\/contarotacoes.com\/index.php?rest_route=\/wp\/v2\/media\/9778"}],"wp:attachment":[{"href":"https:\/\/contarotacoes.com\/index.php?rest_route=%2Fwp%2Fv2%2Fmedia&parent=9777"}],"wp:term":[{"taxonomy":"category","embeddable":true,"href":"https:\/\/contarotacoes.com\/index.php?rest_route=%2Fwp%2Fv2%2Fcategories&post=9777"},{"taxonomy":"post_tag","embeddable":true,"href":"https:\/\/contarotacoes.com\/index.php?rest_route=%2Fwp%2Fv2%2Ftags&post=9777"}],"curies":[{"name":"wp","href":"https:\/\/api.w.org\/{rel}","templated":true}]}}