{"id":9298,"date":"2024-09-10T20:48:15","date_gmt":"2024-09-10T20:48:15","guid":{"rendered":"https:\/\/contarotacoes.com\/?p=9298"},"modified":"2024-09-10T20:49:55","modified_gmt":"2024-09-10T20:49:55","slug":"cprrali-da-agua-o-tudo-ou-nada-de-kris-meeke-e-armindo-araujo","status":"publish","type":"post","link":"https:\/\/contarotacoes.com\/?p=9298","title":{"rendered":"CPR-Rali da \u00c1gua: O tudo ou nada de Kris Meeke e Armindo Ara\u00fajo"},"content":{"rendered":"<p style=\"text-align: justify\">Kris Meeke (Hyundai i20 N Rally2) e Armindo Ara\u00fajo (Skoda Fabia RS Rally2) v\u00e3o ser, este pr\u00f3ximo fim de semana (dias 13 e 14), o foco de todas as aten\u00e7\u00f5es no Rali da \u00c1gua Transib\u00e9rico Eurocidades Chaves-Verin, a s\u00e9tima e pen\u00faltima prova do CPR (Campeonato de Portugal de Ralis). Separados por apenas 7 pontos, s\u00e3o os \u00fanicos pilotos que podem aspirar \u00e0 conquista do primeiro lugar no campeonato e, face a tais circunst\u00e2ncias, ser\u00e1 o tudo ou nada nas classificativas de asfalto transmontanas por parte destes dois protagonistas que t\u00eam monopolizado as vit\u00f3rias esta \u00e9poca.<\/p>\n<p style=\"text-align: justify\">Ali\u00e1s, a edi\u00e7\u00e3o anterior deste rali organizado pelo CAMI Motorsport j\u00e1 ficou marcada pelo duelo empolgante entre aquelas duas figuras, quando Meeke venceu em Chaves por uma margem de 1,8s, sendo que, ent\u00e3o, Ara\u00fajo foi mais r\u00e1pido em 6 \u201cespeciais\u201d, contra 4 do piloto brit\u00e2nico. Mas, suceda o que suceder agora, a n\u00edvel de desfecho final \u2013 inclusive a desist\u00eancia de um dos dois candidatos \u2013, na prova que vai ter in\u00edcio na cidade espanhola de Verin, \u00e9 um dado adquirido que a decis\u00e3o do vencedor do CPR ficar\u00e1 reservada para o m\u00eas seguinte, quando terminar o Rali Vidreiro (11 e 12 de outubro), a prova de fecho da temporada.<\/p>\n<p style=\"text-align: justify\">De qualquer modo, antev\u00ea-se um Rali da \u00c1gua Transib\u00e9rico Eurocidades Chaves-Verin mais \u201cquente\u201d do que nunca no plano competitivo, porque o CPR entra na sua reta final e para a discuss\u00e3o da vit\u00f3ria nesta s\u00e9tima jornada do ano haver\u00e1 que contar tamb\u00e9m com o \u201cintruso\u201d Jos\u00e9 Pedro Fontes (Citroen C3 Rally2). J\u00e1 sem hip\u00f3teses de discutir o t\u00edtulo, este \u00faltimo destacou-se tanto no rali de Castelo Branco como da Madeira, onde esteve, rivalizando com Ara\u00fajo, na luta pelo triunfo at\u00e9 \u00e0 derradeira classificativa. E Fontes, que estreou no rali anterior o \u00faltimo \u201ckit\u201d de evolu\u00e7\u00e3o do Citroen C3 Rally2, sempre se sentiu bastante confort\u00e1vel nos tro\u00e7os da regi\u00e3o de Chaves\u2026<\/p>\n<p style=\"text-align: justify\">Na expetativa de poder intrometer-se no trio j\u00e1 referido vai estar, com toda a certeza, o ainda campe\u00e3o Ricardo Teod\u00f3sio (Hyundai i20 N Rally2), a quem a \u00e9poca n\u00e3o tem corrido de fei\u00e7\u00e3o e procura terminar o CPR em alta. De resto, pilotos como Pedro Almeida (Skoda Fabia Rally2 evo), Pedro Meireles (Hyundai i20 N Rally2), Ernesto Cunha (Skoda Fabia Rally2 evo) e Jo\u00e3o Barros (VW Polo R5) surgem como candidatos aos lugares cimeiros\u2026 sem nunca deixarem de sonhar, caso a oportunidade surja, com uma poss\u00edvel subida ao p\u00f3dio.<\/p>\n<p style=\"text-align: justify\">O CPR 2RM (duas rodas motrizes) continua a ser marcado pelo duelo entre Hugo Lopes (Peugeot 208 Rally4) e o campe\u00e3o em t\u00edtulo Gon\u00e7alo Henriques (Renault Clio Rally4), com este \u00faltimo a dispor de uma significativa vantagem de 20 pontos \u00e0 partida desta pen\u00faltima prova da \u00e9poca. A discuss\u00e3o do \u00faltimo lugar do p\u00f3dio dever\u00e1 envolver, entre outros, Pedro Silva (Peugeot 208 Rally4), Pedro Pereira (Peugeot 208 Rally4), Guilherme Meireles (Peugeot 208 Rally4), Rafael Cardeira (Peugeot 208 Rally4) e Anton Korzun (Peugeot 208 Rally4). No CPR J\u00fanior, liderado por Pedro Pereira, Hugo Lopes, Guilherme Meireles e Gon\u00e7alo Henriques encontram-se separados por escassas diferen\u00e7as pontuais e ainda podem chegar \u00e0 primeira posi\u00e7\u00e3o.<\/p>\n<p style=\"text-align: justify\">Por \u00faltimo, e quando o FPAK J\u00fanior Team avan\u00e7a para a terceira prova, Ricardo Rocha ascendeu ao primeiro lugar, gra\u00e7as ao triunfo no Const\u00e1lica Rally Vouzela e Viseu, destacando-se de Francisco Cust\u00f3dio. Afonso Costa e Eduardo Santos est\u00e3o empatados na terceira posi\u00e7\u00e3o e \u00e0 frente e Tiago Santos e de Pedro Silva.<\/p>\n<p style=\"text-align: justify\"><strong>CAMPEONATOS<\/strong><\/p>\n<p style=\"text-align: justify\">CPR (Absoluto): 1\u00ba, Armindo Ara\u00fajo, 139 pontos; 2\u00ba, Kris Meeke, 132; 3\u00ba, Ricardo Teod\u00f3sio, 64; 4\u00bas, Jos\u00e9 Pedro Fontes e Ernesto Cunha, 60; 6\u00ba, Pedro Almeida, 44; 7\u00ba, Paulo Neto, 38; 8\u00ba, Lucas Sim\u00f5es, 32; 9\u00ba, Ricardo Filipe, 26; 10\u00ba, Gon\u00e7alo Henriques, 25.<\/p>\n<p style=\"text-align: justify\">2RM: 1\u00ba, Gon\u00e7alo Henriques, 103 pontos; 2\u00ba, Hugo Lopes, 83; 3\u00ba, Pedro Silva, 58, 4\u00bas, Pedro Pereira e Guilherme Meireles, 56; 6\u00ba, Anton Korzun, 51; 7\u00ba, Ricardo Sousa, 50; 8\u00ba, Jo\u00e3o Andrade, 30; 9\u00ba, Paulo Roque, 28; 10\u00ba, Rafael Cardeira, 24.<\/p>\n<p style=\"text-align: justify\">J\u00fanior: 1\u00ba, Pedro Pereira, 61 pontos; 2\u00ba, Hugo Lopes, 55; 3\u00bas, Guilherme Meireles e Gon\u00e7alo Henriques, 54; 5\u00ba, Diogo Marujo, 44; 6\u00ba, Lu\u00eds Caetano, 38; 7\u00ba, Jo\u00e3o Andrade, 36; 8\u00ba, Kevin Saraiva, 22.<\/p>\n<p style=\"text-align: justify\">FPAK J\u00fanior Team: 1\u00ba, Ricardo Rocha, 53 pontos; 2\u00ba, Francisco Cust\u00f3dio, 34; 3\u00bas, Afonso Costa e Eduardo Santos, 31; 5\u00ba, Tiago Santos, 21; 6\u00ba, Pedro Silva, 15.<\/p>\n<p style=\"text-align: justify\"><strong>Programa\/Hor\u00e1rio<\/strong><\/p>\n<p style=\"text-align: justify\"><strong>SEXTA-FEIRA (dia 13)<\/strong><\/p>\n<p style=\"text-align: justify\">Free Practice &#8211; Nogueirinhas (4,00 km)\u00a0\u00a0\u00a0\u00a0\u00a0\u00a0\u00a0\u00a0\u00a0\u00a0\u00a0\u00a0\u00a0\u00a0\u00a0\u00a0\u00a0\u00a0\u00a0\u00a0\u00a0\u00a0\u00a0\u00a0\u00a0\u00a0\u00a0\u00a0\u00a0\u00a0\u00a0\u00a0\u00a0\u00a0\u00a0\u00a0\u00a0 08h00<\/p>\n<p style=\"text-align: justify\">Qualifying &#8211; Nogueirinhas (4,00 km)\u00a0\u00a0\u00a0\u00a0\u00a0\u00a0\u00a0\u00a0\u00a0\u00a0\u00a0\u00a0\u00a0\u00a0\u00a0\u00a0\u00a0\u00a0\u00a0\u00a0\u00a0\u00a0\u00a0\u00a0\u00a0\u00a0\u00a0\u00a0\u00a0\u00a0\u00a0\u00a0\u00a0\u00a0\u00a0\u00a0\u00a0\u00a0\u00a0\u00a0\u00a0\u00a0\u00a0 09h30<\/p>\n<p style=\"text-align: justify\">Parque Fechado (St\u00ba Ant\u00f3nio de Monforte)<\/p>\n<p style=\"text-align: justify\">Shakedown &#8211; Nogueirinhas (4,00 km)\u00a0\u00a0\u00a0\u00a0\u00a0\u00a0\u00a0\u00a0\u00a0\u00a0\u00a0\u00a0\u00a0\u00a0\u00a0\u00a0\u00a0\u00a0\u00a0\u00a0\u00a0\u00a0\u00a0\u00a0\u00a0\u00a0\u00a0\u00a0\u00a0\u00a0\u00a0\u00a0\u00a0\u00a0\u00a0\u00a0\u00a0\u00a0\u00a0\u00a0 10h00\/11h30<\/p>\n<p style=\"text-align: justify\">Partida de Verin (Espanha) \u2013 Parque Camino da Preguiza\u00a0\u00a0\u00a0\u00a0\u00a0\u00a0\u00a0 17h00<\/p>\n<p style=\"text-align: justify\">PEC 1 \u2013 Transib\u00e9rico (6,60 km)\u00a0\u00a0\u00a0\u00a0\u00a0\u00a0\u00a0\u00a0\u00a0\u00a0\u00a0\u00a0\u00a0\u00a0\u00a0\u00a0\u00a0\u00a0\u00a0\u00a0\u00a0\u00a0\u00a0\u00a0\u00a0\u00a0\u00a0\u00a0\u00a0\u00a0\u00a0\u00a0\u00a0\u00a0\u00a0\u00a0\u00a0\u00a0\u00a0\u00a0\u00a0\u00a0\u00a0\u00a0\u00a0\u00a0\u00a0 17h48<\/p>\n<p style=\"text-align: justify\">PEC 2 \u2013 Termas de Chaves (11,14 km) \u00a0\u00a0\u00a0\u00a0\u00a0\u00a0\u00a0\u00a0\u00a0\u00a0\u00a0\u00a0\u00a0\u00a0\u00a0\u00a0\u00a0\u00a0\u00a0\u00a0\u00a0\u00a0\u00a0\u00a0\u00a0\u00a0\u00a0\u00a0\u00a0\u00a0\u00a0\u00a0\u00a0\u00a0\u00a0 18h39<\/p>\n<p style=\"text-align: justify\">PEC 3 \u2013 Alto T\u00e2mega (10,03 km)\u00a0\u00a0\u00a0\u00a0\u00a0\u00a0\u00a0\u00a0\u00a0\u00a0\u00a0\u00a0\u00a0\u00a0\u00a0\u00a0\u00a0\u00a0\u00a0\u00a0\u00a0\u00a0\u00a0\u00a0\u00a0\u00a0\u00a0\u00a0\u00a0\u00a0\u00a0\u00a0\u00a0\u00a0\u00a0\u00a0\u00a0\u00a0\u00a0\u00a0\u00a0\u00a0\u00a0\u00a0\u00a0 \u00a0\u00a0\u00a0\u00a0\u00a0\u00a0\u00a0\u00a0\u00a0\u00a0\u00a0 19h32<\/p>\n<p style=\"text-align: justify\">Entrada no Parque de Assist\u00eancia (Avenida Her\u00f3is de Chaves)\u00a0\u00a0\u00a0\u00a0\u00a0\u00a0\u00a0\u00a0\u00a0\u00a0 20h05<\/p>\n<p style=\"text-align: justify\">Sa\u00edda do Parque de Assist\u00eancia (Avenida Her\u00f3is de Chaves)\u00a0\u00a0 20h50<\/p>\n<p style=\"text-align: justify\">Parque Fechado (Parque Nadir Afonso &#8211; Chaves)\u00a0\u00a0\u00a0\u00a0\u00a0\u00a0\u00a0\u00a0\u00a0\u00a0\u00a0\u00a0\u00a0\u00a0\u00a0\u00a0\u00a0\u00a0\u00a0\u00a0 20h53<\/p>\n<p style=\"text-align: justify\"><strong>S\u00c1BADO (dia 14)<\/strong><\/p>\n<p style=\"text-align: justify\">Sa\u00edda do Parque Fechado\u00a0\u00a0\u00a0\u00a0\u00a0\u00a0\u00a0\u00a0\u00a0\u00a0\u00a0\u00a0\u00a0\u00a0\u00a0\u00a0\u00a0\u00a0\u00a0\u00a0\u00a0\u00a0\u00a0\u00a0\u00a0\u00a0\u00a0\u00a0\u00a0\u00a0\u00a0\u00a0\u00a0\u00a0\u00a0\u00a0\u00a0\u00a0\u00a0\u00a0\u00a0\u00a0\u00a0\u00a0\u00a0\u00a0\u00a0\u00a0\u00a0\u00a0\u00a0\u00a0\u00a0\u00a0\u00a0\u00a0\u00a0\u00a0\u00a0\u00a0\u00a0\u00a0\u00a0\u00a0\u00a0\u00a0\u00a0\u00a0\u00a0\u00a0 09h30<\/p>\n<p style=\"text-align: justify\">Entrada no Parque de Assist\u00eancia (Avenida Her\u00f3is de Chaves)\u00a0\u00a0\u00a0\u00a0\u00a0\u00a0\u00a0\u00a0\u00a0\u00a0 09h36<\/p>\n<p style=\"text-align: justify\">Sa\u00edda do Parque de Assist\u00eancia (Avenida Her\u00f3is de Chaves)\u00a0\u00a0 09h51<\/p>\n<p style=\"text-align: justify\">PEC 4 \u2013 Eurocidade 1 (11,50 km)\u00a0\u00a0\u00a0\u00a0\u00a0\u00a0\u00a0\u00a0\u00a0 \u00a0\u00a0\u00a0\u00a0\u00a0\u00a0\u00a0\u00a0\u00a0\u00a0\u00a0\u00a0\u00a0\u00a0\u00a0\u00a0\u00a0\u00a0\u00a0\u00a0\u00a0\u00a0\u00a0\u00a0\u00a0\u00a0\u00a0\u00a0\u00a0\u00a0\u00a0\u00a0\u00a0\u00a0\u00a0 10h14<\/p>\n<p style=\"text-align: justify\">PEC 5 \u2013 Verin 1 (15,78 km)\u00a0\u00a0\u00a0\u00a0\u00a0\u00a0\u00a0\u00a0\u00a0\u00a0\u00a0\u00a0\u00a0\u00a0\u00a0\u00a0\u00a0\u00a0\u00a0\u00a0\u00a0\u00a0\u00a0\u00a0\u00a0\u00a0\u00a0\u00a0\u00a0\u00a0\u00a0\u00a0\u00a0\u00a0\u00a0\u00a0\u00a0\u00a0\u00a0\u00a0\u00a0\u00a0\u00a0\u00a0\u00a0\u00a0\u00a0\u00a0\u00a0\u00a0\u00a0\u00a0\u00a0\u00a0\u00a0 11h05<\/p>\n<p style=\"text-align: justify\">PEC 6 \u2013 Chaves 1 (12,20 km)\u00a0\u00a0\u00a0\u00a0\u00a0\u00a0\u00a0\u00a0\u00a0\u00a0\u00a0\u00a0\u00a0\u00a0\u00a0\u00a0\u00a0\u00a0\u00a0\u00a0\u00a0\u00a0\u00a0\u00a0\u00a0\u00a0\u00a0\u00a0\u00a0\u00a0\u00a0\u00a0\u00a0\u00a0\u00a0\u00a0\u00a0\u00a0\u00a0\u00a0\u00a0\u00a0\u00a0\u00a0\u00a0\u00a0\u00a0\u00a0\u00a0\u00a0\u00a0 12h00<\/p>\n<p style=\"text-align: justify\">Reagrupamento (Parque Nadir Afonso)\u00a0\u00a0\u00a0\u00a0\u00a0\u00a0\u00a0\u00a0\u00a0\u00a0\u00a0\u00a0\u00a0\u00a0\u00a0\u00a0\u00a0\u00a0\u00a0\u00a0\u00a0\u00a0\u00a0\u00a0\u00a0\u00a0\u00a0\u00a0\u00a0\u00a0\u00a0\u00a0\u00a0\u00a0\u00a0\u00a0\u00a0 12h35\/13h05<\/p>\n<p style=\"text-align: justify\">Entrada no Parque de Assist\u00eancia (Avenida Her\u00f3is de Chaves)\u00a0\u00a0\u00a0\u00a0\u00a0\u00a0\u00a0\u00a0\u00a0\u00a0 13h11<\/p>\n<p style=\"text-align: justify\">Sa\u00edda do Parque de Assist\u00eancia (Avenida Her\u00f3is de Chaves)\u00a0\u00a0 13h41<\/p>\n<p style=\"text-align: justify\">PEC 7 \u2013 Eurocidade 2\u00a0\u00a0\u00a0\u00a0\u00a0\u00a0\u00a0\u00a0\u00a0\u00a0\u00a0\u00a0\u00a0\u00a0\u00a0\u00a0\u00a0\u00a0\u00a0\u00a0\u00a0\u00a0\u00a0\u00a0\u00a0\u00a0\u00a0\u00a0\u00a0\u00a0\u00a0\u00a0\u00a0\u00a0\u00a0\u00a0\u00a0\u00a0\u00a0\u00a0\u00a0\u00a0\u00a0\u00a0\u00a0\u00a0\u00a0\u00a0\u00a0\u00a0\u00a0\u00a0\u00a0\u00a0\u00a0\u00a0\u00a0\u00a0\u00a0\u00a0\u00a0\u00a0\u00a0 14h04<\/p>\n<p style=\"text-align: justify\">PEC 8 \u2013 Verin 2\u00a0\u00a0\u00a0\u00a0\u00a0\u00a0\u00a0\u00a0\u00a0\u00a0\u00a0\u00a0\u00a0\u00a0\u00a0\u00a0\u00a0\u00a0\u00a0\u00a0\u00a0\u00a0\u00a0\u00a0\u00a0\u00a0\u00a0\u00a0\u00a0\u00a0\u00a0\u00a0\u00a0\u00a0\u00a0\u00a0\u00a0\u00a0\u00a0\u00a0\u00a0\u00a0\u00a0\u00a0\u00a0\u00a0\u00a0\u00a0\u00a0\u00a0\u00a0\u00a0\u00a0\u00a0\u00a0\u00a0\u00a0\u00a0\u00a0\u00a0\u00a0\u00a0\u00a0\u00a0\u00a0\u00a0\u00a0\u00a0\u00a0\u00a0\u00a0\u00a0\u00a0\u00a0 14h55<\/p>\n<p style=\"text-align: justify\">Reagrupamento (Soutelinho da Raia)\u00a0\u00a0\u00a0\u00a0\u00a0\u00a0\u00a0\u00a0\u00a0\u00a0\u00a0\u00a0\u00a0\u00a0\u00a0\u00a0\u00a0\u00a0\u00a0\u00a0\u00a0\u00a0\u00a0\u00a0\u00a0\u00a0\u00a0\u00a0\u00a0\u00a0\u00a0\u00a0\u00a0\u00a0\u00a0\u00a0\u00a0\u00a0\u00a0\u00a0 15h38\/16h18<\/p>\n<p style=\"text-align: justify\">PEC 9 \u2013 Chaves 2 \u2013 POWER STAGE\u00a0\u00a0\u00a0\u00a0\u00a0\u00a0\u00a0\u00a0\u00a0\u00a0\u00a0\u00a0\u00a0\u00a0\u00a0\u00a0\u00a0\u00a0\u00a0\u00a0\u00a0\u00a0\u00a0\u00a0\u00a0\u00a0\u00a0\u00a0\u00a0\u00a0\u00a0\u00a0\u00a0\u00a0\u00a0\u00a0\u00a0\u00a0 16h30<\/p>\n<p style=\"text-align: justify\">*PEC 10 \u2013 Rota Termal (City Stage\/1,74 km)\u00a0\u00a0\u00a0\u00a0\u00a0\u00a0\u00a0\u00a0\u00a0\u00a0\u00a0\u00a0\u00a0\u00a0\u00a0\u00a0\u00a0\u00a0\u00a0\u00a0\u00a0\u00a0\u00a0\u00a0\u00a0\u00a0\u00a0 17h06<\/p>\n<p style=\"text-align: justify\">Entrada no Parque Fechado (Pra\u00e7a Ant\u00f3nio Ribeiro Carvalho) 17h10<\/p>\n<p style=\"text-align: justify\">Cerim\u00f3nia do P\u00f3dio \u00a0\u00a0\u00a0\u00a0\u00a0\u00a0\u00a0\u00a0\u00a0\u00a0\u00a0\u00a0\u00a0\u00a0\u00a0\u00a0\u00a0\u00a0\u00a0\u00a0\u00a0\u00a0\u00a0\u00a0\u00a0\u00a0\u00a0\u00a0\u00a0\u00a0\u00a0\u00a0\u00a0\u00a0\u00a0\u00a0\u00a0\u00a0\u00a0\u00a0\u00a0\u00a0\u00a0\u00a0\u00a0\u00a0\u00a0\u00a0\u00a0\u00a0\u00a0\u00a0\u00a0\u00a0\u00a0\u00a0\u00a0\u00a0\u00a0\u00a0\u00a0\u00a0\u00a0\u00a0\u00a0\u00a0\u00a0 20h15<\/p>\n<p style=\"text-align: justify\"><em>*N\u00e3o conta para a classifica\u00e7\u00e3o<\/em><\/p>\n<p style=\"text-align: justify\">Fotos: Zoom Motorsport\/FPAK<\/p>\n","protected":false},"excerpt":{"rendered":"<p>Kris Meeke (Hyundai i20 N Rally2) e Armindo Ara\u00fajo (Skoda Fabia RS Rally2) v\u00e3o ser, este pr\u00f3ximo fim de semana (dias 13 e 14), o foco de todas as aten\u00e7\u00f5es no Rali da \u00c1gua Transib\u00e9rico Eurocidades Chaves-Verin, a s\u00e9tima e pen\u00faltima prova do CPR (Campeonato de Portugal de Ralis). Separados por apenas 7 pontos, s\u00e3o [&hellip;]<\/p>\n","protected":false},"author":2,"featured_media":9299,"comment_status":"closed","ping_status":"open","sticky":false,"template":"","format":"standard","meta":{"_editorskit_title_hidden":false,"_editorskit_reading_time":0,"_editorskit_is_block_options_detached":false,"_editorskit_block_options_position":"{}","om_disable_all_campaigns":false,"_monsterinsights_skip_tracking":false,"_monsterinsights_sitenote_active":false,"_monsterinsights_sitenote_note":"","_monsterinsights_sitenote_category":0,"_uf_show_specific_survey":0,"_uf_disable_surveys":false,"site-sidebar-layout":"default","site-content-layout":"","ast-site-content-layout":"default","site-content-style":"default","site-sidebar-style":"default","ast-global-header-display":"","ast-banner-title-visibility":"","ast-main-header-display":"","ast-hfb-above-header-display":"","ast-hfb-below-header-display":"","ast-hfb-mobile-header-display":"","site-post-title":"","ast-breadcrumbs-content":"","ast-featured-img":"","footer-sml-layout":"","theme-transparent-header-meta":"default","adv-header-id-meta":"","stick-header-meta":"default","header-above-stick-meta":"","header-main-stick-meta":"","header-below-stick-meta":"","astra-migrate-meta-layouts":"set","ast-page-background-enabled":"default","ast-page-background-meta":{"desktop":{"background-color":"","background-image":"","background-repeat":"repeat","background-position":"center center","background-size":"auto","background-attachment":"scroll","background-type":"","background-media":"","overlay-type":"","overlay-color":"","overlay-opacity":"","overlay-gradient":""},"tablet":{"background-color":"","background-image":"","background-repeat":"repeat","background-position":"center center","background-size":"auto","background-attachment":"scroll","background-type":"","background-media":"","overlay-type":"","overlay-color":"","overlay-opacity":"","overlay-gradient":""},"mobile":{"background-color":"","background-image":"","background-repeat":"repeat","background-position":"center center","background-size":"auto","background-attachment":"scroll","background-type":"","background-media":"","overlay-type":"","overlay-color":"","overlay-opacity":"","overlay-gradient":""}},"ast-content-background-meta":{"desktop":{"background-color":"var(--ast-global-color-5)","background-image":"","background-repeat":"repeat","background-position":"center center","background-size":"auto","background-attachment":"scroll","background-type":"","background-media":"","overlay-type":"","overlay-color":"","overlay-opacity":"","overlay-gradient":""},"tablet":{"background-color":"var(--ast-global-color-5)","background-image":"","background-repeat":"repeat","background-position":"center center","background-size":"auto","background-attachment":"scroll","background-type":"","background-media":"","overlay-type":"","overlay-color":"","overlay-opacity":"","overlay-gradient":""},"mobile":{"background-color":"var(--ast-global-color-5)","background-image":"","background-repeat":"repeat","background-position":"center center","background-size":"auto","background-attachment":"scroll","background-type":"","background-media":"","overlay-type":"","overlay-color":"","overlay-opacity":"","overlay-gradient":""}},"footnotes":""},"categories":[11],"tags":[],"class_list":["post-9298","post","type-post","status-publish","format-standard","has-post-thumbnail","hentry","category-noticias"],"aioseo_notices":[],"_links":{"self":[{"href":"https:\/\/contarotacoes.com\/index.php?rest_route=\/wp\/v2\/posts\/9298","targetHints":{"allow":["GET"]}}],"collection":[{"href":"https:\/\/contarotacoes.com\/index.php?rest_route=\/wp\/v2\/posts"}],"about":[{"href":"https:\/\/contarotacoes.com\/index.php?rest_route=\/wp\/v2\/types\/post"}],"author":[{"embeddable":true,"href":"https:\/\/contarotacoes.com\/index.php?rest_route=\/wp\/v2\/users\/2"}],"replies":[{"embeddable":true,"href":"https:\/\/contarotacoes.com\/index.php?rest_route=%2Fwp%2Fv2%2Fcomments&post=9298"}],"version-history":[{"count":2,"href":"https:\/\/contarotacoes.com\/index.php?rest_route=\/wp\/v2\/posts\/9298\/revisions"}],"predecessor-version":[{"id":9302,"href":"https:\/\/contarotacoes.com\/index.php?rest_route=\/wp\/v2\/posts\/9298\/revisions\/9302"}],"wp:featuredmedia":[{"embeddable":true,"href":"https:\/\/contarotacoes.com\/index.php?rest_route=\/wp\/v2\/media\/9299"}],"wp:attachment":[{"href":"https:\/\/contarotacoes.com\/index.php?rest_route=%2Fwp%2Fv2%2Fmedia&parent=9298"}],"wp:term":[{"taxonomy":"category","embeddable":true,"href":"https:\/\/contarotacoes.com\/index.php?rest_route=%2Fwp%2Fv2%2Fcategories&post=9298"},{"taxonomy":"post_tag","embeddable":true,"href":"https:\/\/contarotacoes.com\/index.php?rest_route=%2Fwp%2Fv2%2Ftags&post=9298"}],"curies":[{"name":"wp","href":"https:\/\/api.w.org\/{rel}","templated":true}]}}