{"id":9013,"date":"2024-09-02T17:38:00","date_gmt":"2024-09-02T17:38:00","guid":{"rendered":"https:\/\/contarotacoes.com\/?p=9013"},"modified":"2024-09-02T17:38:00","modified_gmt":"2024-09-02T17:38:00","slug":"joao-vinha-vamos-disputar-o-rali-da-agua-sem-qualquer-pressao","status":"publish","type":"post","link":"https:\/\/contarotacoes.com\/?p=9013","title":{"rendered":"Jo\u00e3o Vinha: \u201cvamos disputar o Rali da \u00c1gua sem qualquer press\u00e3o\u201d"},"content":{"rendered":"<p style=\"text-align: justify\">Ap\u00f3s um interregno competitivo de quase um ano, interrompido esporadicamente com participa\u00e7\u00f5es n\u00e3o competitivas, Jo\u00e3o Vinha regressa aos comandos do Mitsubishi Lancer EVO Vi da Quatro Quartos Motorsport no Rali da \u00c1gua Transib\u00e9rico Eurocidade Chaves-Ver\u00edn. O Piloto de Penafiel alinha na prova com Jos\u00e9 janela, que o navegar\u00e1 pela primeira vez.<\/p>\n<p style=\"text-align: justify\">\u00c9 o regresso de Jo\u00e3o Vinha e da Quatro Quartos Motorsport \u00e0 prova organizada pelo CAMI Motorsport. O penafidelense alinhar\u00e1 integrado no plantel que disputa as lides do Campeonato Promo de Ralis e apresenta-se no nordeste transmontano com a no\u00e7\u00e3o de que ser\u00e1 um desafio intenso:<\/p>\n<p style=\"text-align: justify\">\u201cDesta feita, a presen\u00e7a no Rali da \u00c1gua ser\u00e1 um pouco mais complicada. E vamos disputar a prova sem qualquer press\u00e3o quanto a resultados. Estou parado h\u00e1 muito tempo e, como tal, sem ritmo. Desde o Rali de Mes\u00e3o Frio de 2023 que apenas participei extracompeti\u00e7\u00e3o no RallySpirit e como carro zero no Rali Ta\u00e7a Joaquim Santos\u201d.<\/p>\n<p style=\"text-align: justify\">Apesar do handicap, Jo\u00e3o Vinha est\u00e1 \u201ccom um bom feeling para esta prova. Iremos fazer um pequeno teste uns dias antes e vamos trabalhar bem nos reconhecimentos, para podermos fazer o rali com confian\u00e7a. Quero, sobretudo me divertir, andar r\u00e1pido, dar espet\u00e1culo. Por outro lado, estou muito contente por levar o Jos\u00e9 Janela a navegar e tenho a certeza de que vamos fazer uma boa dupla!\u201d.<\/p>\n<p style=\"text-align: justify\">O consagrado navegador famalicense afina pelo mesmo diapas\u00e3o e est\u00e1 muito motivado e quer contribuir para que Jo\u00e3o Vinha brilhe em terras raianas:<\/p>\n<p style=\"text-align: justify\">\u201c\u00c9 uma oportunidade nova, para mim e para o Jo\u00e3o. A amizade que nos une facilita bastante o entendimento. Agora, h\u00e1 que trabalhar muito, juntamente com a nossa equipa t\u00e9cnica, para que o rali seja um sucesso!\u201d, destacou Jos\u00e9 Janela.<\/p>\n<p style=\"text-align: justify\">A apresenta\u00e7\u00e3o da nova dupla e da nova decora\u00e7\u00e3o do imponente carro nip\u00f3nico, com destaque para a presen\u00e7a de um novo patrocinador, a Meirauto, decorreu no cora\u00e7\u00e3o da cidade de Penafiel, contando com a presen\u00e7a de parceiros e mecenas que n\u00e3o deixaram de depositar uma palavra de incentivo ao piloto e \u00e0 equipa, com Sandra Meira, CEO da Meirauto a desejar que \u201co Jo\u00e3o Vinha tenha muito sucesso e que este nosso apoio contribua para engrandecer ainda mais a imagem j\u00e1 muito forte da nossa empresa, que se assume j\u00e1 como uma refer\u00eancia no mercado autom\u00f3vel\u201d enquanto Jorge Ribeiro, l\u00edder da Publicita, destacou \u201ca parceira que estabelecemos, que \u00e9 t\u00e3o forte quanto a nossa amizade. Que lhe corra bem e que o Jo\u00e3o comece a competir com mais regularidade\u201d.<\/p>\n<p style=\"text-align: justify\">Conhecido pelo seu fervor enquanto adepto do Futebol Clube do Porto, Jo\u00e3o Vinha leva no carro o s\u00edmbolo da Casa de Penafiel da agremia\u00e7\u00e3o portuense e, para Pedro Moreira, presidente da coletividade, \u00e9 \u201cum orgulho enorme ter o Joca como amigo, como representante e s\u00f3cio fundador da Casa do Futebol Clube do Porto de Penafiel e desejo que em todas as provas em que ele participe e leve este s\u00edmbolo que tanto nos diz, tenha sucesso, a exemplo do que faz o FC Porto em todas as modalidades!\u201d.<\/p>\n<p style=\"text-align: justify\">O Rali da \u00c1gua Transib\u00e9rico Eurocidade Chaves-Ver\u00edn ir\u00e1 para a estrada nos dias 13 e 14 de setembro, numa organiza\u00e7\u00e3o do CAMI Motorsport e desenrola-se nas estradas dos concelhos fronteiri\u00e7os de Chaves e Ver\u00edn, iniciando-se nesta cidade galega e terminando na urbe portuguesa.<\/p>\n<p style=\"text-align: justify\">\n","protected":false},"excerpt":{"rendered":"<p>Ap\u00f3s um interregno competitivo de quase um ano, interrompido esporadicamente com participa\u00e7\u00f5es n\u00e3o competitivas, Jo\u00e3o Vinha regressa aos comandos do Mitsubishi Lancer EVO Vi da Quatro Quartos Motorsport no Rali da \u00c1gua Transib\u00e9rico Eurocidade Chaves-Ver\u00edn. O Piloto de Penafiel alinha na prova com Jos\u00e9 janela, que o navegar\u00e1 pela primeira vez. \u00c9 o regresso de [&hellip;]<\/p>\n","protected":false},"author":2,"featured_media":9014,"comment_status":"closed","ping_status":"open","sticky":false,"template":"","format":"standard","meta":{"_editorskit_title_hidden":false,"_editorskit_reading_time":0,"_editorskit_is_block_options_detached":false,"_editorskit_block_options_position":"{}","om_disable_all_campaigns":false,"_monsterinsights_skip_tracking":false,"_monsterinsights_sitenote_active":false,"_monsterinsights_sitenote_note":"","_monsterinsights_sitenote_category":0,"_uf_show_specific_survey":0,"_uf_disable_surveys":false,"site-sidebar-layout":"default","site-content-layout":"","ast-site-content-layout":"default","site-content-style":"default","site-sidebar-style":"default","ast-global-header-display":"","ast-banner-title-visibility":"","ast-main-header-display":"","ast-hfb-above-header-display":"","ast-hfb-below-header-display":"","ast-hfb-mobile-header-display":"","site-post-title":"","ast-breadcrumbs-content":"","ast-featured-img":"","footer-sml-layout":"","theme-transparent-header-meta":"default","adv-header-id-meta":"","stick-header-meta":"default","header-above-stick-meta":"","header-main-stick-meta":"","header-below-stick-meta":"","astra-migrate-meta-layouts":"set","ast-page-background-enabled":"default","ast-page-background-meta":{"desktop":{"background-color":"","background-image":"","background-repeat":"repeat","background-position":"center center","background-size":"auto","background-attachment":"scroll","background-type":"","background-media":"","overlay-type":"","overlay-color":"","overlay-opacity":"","overlay-gradient":""},"tablet":{"background-color":"","background-image":"","background-repeat":"repeat","background-position":"center center","background-size":"auto","background-attachment":"scroll","background-type":"","background-media":"","overlay-type":"","overlay-color":"","overlay-opacity":"","overlay-gradient":""},"mobile":{"background-color":"","background-image":"","background-repeat":"repeat","background-position":"center center","background-size":"auto","background-attachment":"scroll","background-type":"","background-media":"","overlay-type":"","overlay-color":"","overlay-opacity":"","overlay-gradient":""}},"ast-content-background-meta":{"desktop":{"background-color":"var(--ast-global-color-5)","background-image":"","background-repeat":"repeat","background-position":"center center","background-size":"auto","background-attachment":"scroll","background-type":"","background-media":"","overlay-type":"","overlay-color":"","overlay-opacity":"","overlay-gradient":""},"tablet":{"background-color":"var(--ast-global-color-5)","background-image":"","background-repeat":"repeat","background-position":"center center","background-size":"auto","background-attachment":"scroll","background-type":"","background-media":"","overlay-type":"","overlay-color":"","overlay-opacity":"","overlay-gradient":""},"mobile":{"background-color":"var(--ast-global-color-5)","background-image":"","background-repeat":"repeat","background-position":"center center","background-size":"auto","background-attachment":"scroll","background-type":"","background-media":"","overlay-type":"","overlay-color":"","overlay-opacity":"","overlay-gradient":""}},"footnotes":""},"categories":[11],"tags":[],"class_list":["post-9013","post","type-post","status-publish","format-standard","has-post-thumbnail","hentry","category-noticias"],"aioseo_notices":[],"_links":{"self":[{"href":"https:\/\/contarotacoes.com\/index.php?rest_route=\/wp\/v2\/posts\/9013","targetHints":{"allow":["GET"]}}],"collection":[{"href":"https:\/\/contarotacoes.com\/index.php?rest_route=\/wp\/v2\/posts"}],"about":[{"href":"https:\/\/contarotacoes.com\/index.php?rest_route=\/wp\/v2\/types\/post"}],"author":[{"embeddable":true,"href":"https:\/\/contarotacoes.com\/index.php?rest_route=\/wp\/v2\/users\/2"}],"replies":[{"embeddable":true,"href":"https:\/\/contarotacoes.com\/index.php?rest_route=%2Fwp%2Fv2%2Fcomments&post=9013"}],"version-history":[{"count":1,"href":"https:\/\/contarotacoes.com\/index.php?rest_route=\/wp\/v2\/posts\/9013\/revisions"}],"predecessor-version":[{"id":9015,"href":"https:\/\/contarotacoes.com\/index.php?rest_route=\/wp\/v2\/posts\/9013\/revisions\/9015"}],"wp:featuredmedia":[{"embeddable":true,"href":"https:\/\/contarotacoes.com\/index.php?rest_route=\/wp\/v2\/media\/9014"}],"wp:attachment":[{"href":"https:\/\/contarotacoes.com\/index.php?rest_route=%2Fwp%2Fv2%2Fmedia&parent=9013"}],"wp:term":[{"taxonomy":"category","embeddable":true,"href":"https:\/\/contarotacoes.com\/index.php?rest_route=%2Fwp%2Fv2%2Fcategories&post=9013"},{"taxonomy":"post_tag","embeddable":true,"href":"https:\/\/contarotacoes.com\/index.php?rest_route=%2Fwp%2Fv2%2Ftags&post=9013"}],"curies":[{"name":"wp","href":"https:\/\/api.w.org\/{rel}","templated":true}]}}