{"id":8996,"date":"2024-09-02T13:44:03","date_gmt":"2024-09-02T13:44:03","guid":{"rendered":"https:\/\/contarotacoes.com\/?p=8996"},"modified":"2024-09-02T13:44:42","modified_gmt":"2024-09-02T13:44:42","slug":"rali-da-agua-transiberico-eurocidade-chaves-verin-apresentado","status":"publish","type":"post","link":"https:\/\/contarotacoes.com\/?p=8996","title":{"rendered":"Rali da \u00c1gua Transib\u00e9rico Eurocidade Chaves-Ver\u00edn apresentado"},"content":{"rendered":"<div dir=\"auto\" style=\"text-align: justify\">Ao final da tarde deste domingo, em plena Plaza Garcia Barb\u00f3n, em Ver\u00edn (Galiza, Espanha), foi apresentado, oficialmente, a edi\u00e7\u00e3o 2024 do Rali da \u00c1gua Transib\u00e9rico Eurocidade Chaves-Ver\u00edn.<\/div>\n<div dir=\"auto\" style=\"text-align: justify\">Uma cerim\u00f3nia que contou com a presen\u00e7a do alcaide local, Gerardo Seoane, do presidente da C\u00e2mara Municipal de Chaves, Nuno Vaz, os dois munic\u00edpios que apoiam a realiza\u00e7\u00e3o do Rali, do presidente da Escuderia de Ourense, que colabora com a organiza\u00e7\u00e3o da prova, Jano Fraga, e do presidente do <a role=\"link\" href=\"https:\/\/www.facebook.com\/clubeaventuradominho?__cft__[0]=AZUVmFpbm2uyU_MIgC4o20bs8qV22UEVqUQ2vCtK62xJCLDhEu1zqz91Vd6bFIpS7Qnmlo4BqrFM2HAps7g3MGwoXbZSCCY0G4IIKaQz6EqiUUd9bngUGHIgEQSsDV5cpCMNJ7KJbKDZBGRI8vc3LXNI6x6ArC98ycCT71ut-OmmGUCpd8tHvH3tOfLnI8sma789QnfMNKpSwt5HUN_logK3&amp;__tn__=-]K-R\">CAMI<\/a> Motorsport, Nuno Loureiro.<\/div>\n<div dir=\"auto\" style=\"text-align: justify\">Ao longo dos pr\u00f3ximos dias daremos not\u00edcias das principais novidades da prova, que, como todos os oradores sublinharam une duas regi\u00f5es transfronteiri\u00e7as e ganha, cada vez mais, relevo no <a role=\"link\" href=\"https:\/\/www.facebook.com\/CampeonatoPortugaldeRalis?__cft__[0]=AZUVmFpbm2uyU_MIgC4o20bs8qV22UEVqUQ2vCtK62xJCLDhEu1zqz91Vd6bFIpS7Qnmlo4BqrFM2HAps7g3MGwoXbZSCCY0G4IIKaQz6EqiUUd9bngUGHIgEQSsDV5cpCMNJ7KJbKDZBGRI8vc3LXNI6x6ArC98ycCT71ut-OmmGUCpd8tHvH3tOfLnI8sma789QnfMNKpSwt5HUN_logK3&amp;__tn__=-]K-R\">Campeonato Portugal de Ralis &#8211; CPR<\/a>.<\/div>\n<div dir=\"auto\" style=\"text-align: justify\">Foto: CAMI Motorsport<\/div>\n","protected":false},"excerpt":{"rendered":"<p>Ao final da tarde deste domingo, em plena Plaza Garcia Barb\u00f3n, em Ver\u00edn (Galiza, Espanha), foi apresentado, oficialmente, a edi\u00e7\u00e3o 2024 do Rali da \u00c1gua Transib\u00e9rico Eurocidade Chaves-Ver\u00edn. Uma cerim\u00f3nia que contou com a presen\u00e7a do alcaide local, Gerardo Seoane, do presidente da C\u00e2mara Municipal de Chaves, Nuno Vaz, os dois munic\u00edpios que apoiam a [&hellip;]<\/p>\n","protected":false},"author":2,"featured_media":8997,"comment_status":"closed","ping_status":"open","sticky":false,"template":"","format":"standard","meta":{"_editorskit_title_hidden":false,"_editorskit_reading_time":0,"_editorskit_is_block_options_detached":false,"_editorskit_block_options_position":"{}","om_disable_all_campaigns":false,"_monsterinsights_skip_tracking":false,"_monsterinsights_sitenote_active":false,"_monsterinsights_sitenote_note":"","_monsterinsights_sitenote_category":0,"_uf_show_specific_survey":0,"_uf_disable_surveys":false,"site-sidebar-layout":"default","site-content-layout":"","ast-site-content-layout":"default","site-content-style":"default","site-sidebar-style":"default","ast-global-header-display":"","ast-banner-title-visibility":"","ast-main-header-display":"","ast-hfb-above-header-display":"","ast-hfb-below-header-display":"","ast-hfb-mobile-header-display":"","site-post-title":"","ast-breadcrumbs-content":"","ast-featured-img":"","footer-sml-layout":"","theme-transparent-header-meta":"default","adv-header-id-meta":"","stick-header-meta":"default","header-above-stick-meta":"","header-main-stick-meta":"","header-below-stick-meta":"","astra-migrate-meta-layouts":"set","ast-page-background-enabled":"default","ast-page-background-meta":{"desktop":{"background-color":"","background-image":"","background-repeat":"repeat","background-position":"center center","background-size":"auto","background-attachment":"scroll","background-type":"","background-media":"","overlay-type":"","overlay-color":"","overlay-opacity":"","overlay-gradient":""},"tablet":{"background-color":"","background-image":"","background-repeat":"repeat","background-position":"center center","background-size":"auto","background-attachment":"scroll","background-type":"","background-media":"","overlay-type":"","overlay-color":"","overlay-opacity":"","overlay-gradient":""},"mobile":{"background-color":"","background-image":"","background-repeat":"repeat","background-position":"center center","background-size":"auto","background-attachment":"scroll","background-type":"","background-media":"","overlay-type":"","overlay-color":"","overlay-opacity":"","overlay-gradient":""}},"ast-content-background-meta":{"desktop":{"background-color":"var(--ast-global-color-5)","background-image":"","background-repeat":"repeat","background-position":"center center","background-size":"auto","background-attachment":"scroll","background-type":"","background-media":"","overlay-type":"","overlay-color":"","overlay-opacity":"","overlay-gradient":""},"tablet":{"background-color":"var(--ast-global-color-5)","background-image":"","background-repeat":"repeat","background-position":"center center","background-size":"auto","background-attachment":"scroll","background-type":"","background-media":"","overlay-type":"","overlay-color":"","overlay-opacity":"","overlay-gradient":""},"mobile":{"background-color":"var(--ast-global-color-5)","background-image":"","background-repeat":"repeat","background-position":"center center","background-size":"auto","background-attachment":"scroll","background-type":"","background-media":"","overlay-type":"","overlay-color":"","overlay-opacity":"","overlay-gradient":""}},"footnotes":""},"categories":[11],"tags":[],"class_list":["post-8996","post","type-post","status-publish","format-standard","has-post-thumbnail","hentry","category-noticias"],"aioseo_notices":[],"_links":{"self":[{"href":"https:\/\/contarotacoes.com\/index.php?rest_route=\/wp\/v2\/posts\/8996","targetHints":{"allow":["GET"]}}],"collection":[{"href":"https:\/\/contarotacoes.com\/index.php?rest_route=\/wp\/v2\/posts"}],"about":[{"href":"https:\/\/contarotacoes.com\/index.php?rest_route=\/wp\/v2\/types\/post"}],"author":[{"embeddable":true,"href":"https:\/\/contarotacoes.com\/index.php?rest_route=\/wp\/v2\/users\/2"}],"replies":[{"embeddable":true,"href":"https:\/\/contarotacoes.com\/index.php?rest_route=%2Fwp%2Fv2%2Fcomments&post=8996"}],"version-history":[{"count":2,"href":"https:\/\/contarotacoes.com\/index.php?rest_route=\/wp\/v2\/posts\/8996\/revisions"}],"predecessor-version":[{"id":8999,"href":"https:\/\/contarotacoes.com\/index.php?rest_route=\/wp\/v2\/posts\/8996\/revisions\/8999"}],"wp:featuredmedia":[{"embeddable":true,"href":"https:\/\/contarotacoes.com\/index.php?rest_route=\/wp\/v2\/media\/8997"}],"wp:attachment":[{"href":"https:\/\/contarotacoes.com\/index.php?rest_route=%2Fwp%2Fv2%2Fmedia&parent=8996"}],"wp:term":[{"taxonomy":"category","embeddable":true,"href":"https:\/\/contarotacoes.com\/index.php?rest_route=%2Fwp%2Fv2%2Fcategories&post=8996"},{"taxonomy":"post_tag","embeddable":true,"href":"https:\/\/contarotacoes.com\/index.php?rest_route=%2Fwp%2Fv2%2Ftags&post=8996"}],"curies":[{"name":"wp","href":"https:\/\/api.w.org\/{rel}","templated":true}]}}