{"id":8909,"date":"2024-08-24T13:15:10","date_gmt":"2024-08-24T13:15:10","guid":{"rendered":"https:\/\/contarotacoes.com\/?p=8909"},"modified":"2024-08-30T13:16:50","modified_gmt":"2024-08-30T13:16:50","slug":"andre-sousa-demonstrei-na-belgica-que-podia-estar-no-podio","status":"publish","type":"post","link":"https:\/\/contarotacoes.com\/?p=8909","title":{"rendered":"Andr\u00e9 Sousa: \u201cdemonstrei na B\u00e9lgica que podia estar no p\u00f3dio!\u201d"},"content":{"rendered":"<p style=\"text-align: justify\">Andr\u00e9 Sousa rubricou no m\u00edtico Circuito Jules Tacheny, em Mettet, uma exibi\u00e7\u00e3o de gala, com o piloto paredense a levar o Audi A1 S1600 da TSL Racing a rodar sempre entre os mais r\u00e1pidos. O Top 5 final soube a pouco, pois s\u00f3 um furo lhe \u201croubou\u201d uma presen\u00e7a no p\u00f3dio final do EURO RX3. Fica prometido tudo fazer para brilhar em Montalegre&#8230;<\/p>\n<p style=\"text-align: justify\">Poder\u00e1 parecer paradoxal lamentar um 5\u00ba lugar num campeonato t\u00e3o competitivo como \u00e9 o Europeu reservado aos r\u00e1pidos S1600. Mas, este excelente resultado em Mettet sabe a pouco e \u00e9 injusto, pois Andr\u00e9 Sousa esteve sempre entre os mais r\u00e1pidos, quando n\u00e3o, por v\u00e1rias vezes, se assumiu como o mais lesto no tra\u00e7ado belga.<\/p>\n<p style=\"text-align: justify\">\u201cEstou muito orgulhoso do que fizemos na B\u00e9lgica!&#8230; Come\u00e7amos com um 2\u00ba lugar na Q1e vencemos a Q2, demonstramos um grande andamento ao longo d todo a jornada de s\u00e1bado. A chuva que caiu entre s\u00e1bado e domingo alterou de forma significativa as condi\u00e7\u00f5es de pista e a\u00ed algumas dificuldades\u00a0 no dia final, principalmente nos arranques. Mas, eu tenho uma grande equipa e fomos trabalhando no carro, tornando-o mais eficaz, o que nos permitiu andar forte na semifinal, conquistando um 2\u00ba posto e consequente garantia de uma posi\u00e7\u00e3o na 2\u00aa fila da grelha de partida para a corrida decisiva!\u201d, destacou Andr\u00e9 Sousa.<\/p>\n<p style=\"text-align: justify\">A\u00ed, o paredense arrancou de forma sublime, chegando \u00e0 primeira curva lado a lado com Nils Volland e logo atr\u00e1s de Jo\u00e3o Ribeiro, mergulhando para a curva, protegendo o seu compatriota e amigo da agressividade do piloto da Volland Racing \u2013 que, literalmente, entrou \u2018com tudo\u2019\u2026 -, sofrendo a\u00ed um furo que o limitou ao longo da Final, tendo o sangue-frio de conseguir levar o carro at\u00e9 \u00e0 bandeirada de xadrez, no 5\u00ba posto.<\/p>\n<p style=\"text-align: justify\">\u201c\u00c9 frustrante apanhar com um aut\u00eantico \u2018bulldozer\u2019 na 1\u00aa curva, depois do fant\u00e1stico arranque que fiz!&#8230; Sofri toques, furei e, a partir da\u00ed, foi tudo fazer para levar o Audi at\u00e9 final. O 5\u00ba lugar sabe a muito pouco!&#8230; Assim, tivemos um fim de semana agridoce, com uma vitoria espetacular do meu amigo Jo\u00e3o Ribeiro que dominou desde o in\u00edcio e demonstrou a quem tinha d\u00favidas que ganhar \u00e9 dentro de pista, mas onde tamb\u00e9m fica a tristeza de terem sido fatores externos a impedirem que eu lutasse pelo p\u00f3dio, pois demonstrei que podia estar perfeitamente entre os tr\u00eas primeiros\u201d.<\/p>\n<p style=\"text-align: justify\">Os pontos amealhados fazem com que Andr\u00e9 Sousa tenha subido ao 4\u00ba lugar do campeonato, indo para a \u00faltima prova, no Circuito Internacional de Montalegre, com reais possibilidades de lutar pelo 3\u00ba posto, estando apenas a 10 pontos desse objetivo.<\/p>\n<p style=\"text-align: justify\">\u201cQuero agradecer o apoio que tivemos durante o fim de semana na B\u00e9lgica. Foi magnifico e de criar inveja a muitos pilotos \u2026. Espero que em Montalegre a sorte esteja comigo e que consiga dar um p\u00f3dio \u00e0 minha equipa, \u00e0 minha fam\u00edlia e a todos quantos me apoiam\u201d, rematou Andr\u00e9 Sousa.<\/p>\n","protected":false},"excerpt":{"rendered":"<p>Andr\u00e9 Sousa rubricou no m\u00edtico Circuito Jules Tacheny, em Mettet, uma exibi\u00e7\u00e3o de gala, com o piloto paredense a levar o Audi A1 S1600 da TSL Racing a rodar sempre entre os mais r\u00e1pidos. O Top 5 final soube a pouco, pois s\u00f3 um furo lhe \u201croubou\u201d uma presen\u00e7a no p\u00f3dio final do EURO RX3. [&hellip;]<\/p>\n","protected":false},"author":2,"featured_media":8910,"comment_status":"closed","ping_status":"open","sticky":false,"template":"","format":"standard","meta":{"_editorskit_title_hidden":false,"_editorskit_reading_time":0,"_editorskit_is_block_options_detached":false,"_editorskit_block_options_position":"{}","om_disable_all_campaigns":false,"_monsterinsights_skip_tracking":false,"_monsterinsights_sitenote_active":false,"_monsterinsights_sitenote_note":"","_monsterinsights_sitenote_category":0,"_uf_show_specific_survey":0,"_uf_disable_surveys":false,"site-sidebar-layout":"default","site-content-layout":"","ast-site-content-layout":"default","site-content-style":"default","site-sidebar-style":"default","ast-global-header-display":"","ast-banner-title-visibility":"","ast-main-header-display":"","ast-hfb-above-header-display":"","ast-hfb-below-header-display":"","ast-hfb-mobile-header-display":"","site-post-title":"","ast-breadcrumbs-content":"","ast-featured-img":"","footer-sml-layout":"","theme-transparent-header-meta":"default","adv-header-id-meta":"","stick-header-meta":"default","header-above-stick-meta":"","header-main-stick-meta":"","header-below-stick-meta":"","astra-migrate-meta-layouts":"set","ast-page-background-enabled":"default","ast-page-background-meta":{"desktop":{"background-color":"","background-image":"","background-repeat":"repeat","background-position":"center center","background-size":"auto","background-attachment":"scroll","background-type":"","background-media":"","overlay-type":"","overlay-color":"","overlay-opacity":"","overlay-gradient":""},"tablet":{"background-color":"","background-image":"","background-repeat":"repeat","background-position":"center center","background-size":"auto","background-attachment":"scroll","background-type":"","background-media":"","overlay-type":"","overlay-color":"","overlay-opacity":"","overlay-gradient":""},"mobile":{"background-color":"","background-image":"","background-repeat":"repeat","background-position":"center center","background-size":"auto","background-attachment":"scroll","background-type":"","background-media":"","overlay-type":"","overlay-color":"","overlay-opacity":"","overlay-gradient":""}},"ast-content-background-meta":{"desktop":{"background-color":"var(--ast-global-color-5)","background-image":"","background-repeat":"repeat","background-position":"center center","background-size":"auto","background-attachment":"scroll","background-type":"","background-media":"","overlay-type":"","overlay-color":"","overlay-opacity":"","overlay-gradient":""},"tablet":{"background-color":"var(--ast-global-color-5)","background-image":"","background-repeat":"repeat","background-position":"center center","background-size":"auto","background-attachment":"scroll","background-type":"","background-media":"","overlay-type":"","overlay-color":"","overlay-opacity":"","overlay-gradient":""},"mobile":{"background-color":"var(--ast-global-color-5)","background-image":"","background-repeat":"repeat","background-position":"center center","background-size":"auto","background-attachment":"scroll","background-type":"","background-media":"","overlay-type":"","overlay-color":"","overlay-opacity":"","overlay-gradient":""}},"footnotes":""},"categories":[11],"tags":[],"class_list":["post-8909","post","type-post","status-publish","format-standard","has-post-thumbnail","hentry","category-noticias"],"aioseo_notices":[],"_links":{"self":[{"href":"https:\/\/contarotacoes.com\/index.php?rest_route=\/wp\/v2\/posts\/8909","targetHints":{"allow":["GET"]}}],"collection":[{"href":"https:\/\/contarotacoes.com\/index.php?rest_route=\/wp\/v2\/posts"}],"about":[{"href":"https:\/\/contarotacoes.com\/index.php?rest_route=\/wp\/v2\/types\/post"}],"author":[{"embeddable":true,"href":"https:\/\/contarotacoes.com\/index.php?rest_route=\/wp\/v2\/users\/2"}],"replies":[{"embeddable":true,"href":"https:\/\/contarotacoes.com\/index.php?rest_route=%2Fwp%2Fv2%2Fcomments&post=8909"}],"version-history":[{"count":1,"href":"https:\/\/contarotacoes.com\/index.php?rest_route=\/wp\/v2\/posts\/8909\/revisions"}],"predecessor-version":[{"id":8911,"href":"https:\/\/contarotacoes.com\/index.php?rest_route=\/wp\/v2\/posts\/8909\/revisions\/8911"}],"wp:featuredmedia":[{"embeddable":true,"href":"https:\/\/contarotacoes.com\/index.php?rest_route=\/wp\/v2\/media\/8910"}],"wp:attachment":[{"href":"https:\/\/contarotacoes.com\/index.php?rest_route=%2Fwp%2Fv2%2Fmedia&parent=8909"}],"wp:term":[{"taxonomy":"category","embeddable":true,"href":"https:\/\/contarotacoes.com\/index.php?rest_route=%2Fwp%2Fv2%2Fcategories&post=8909"},{"taxonomy":"post_tag","embeddable":true,"href":"https:\/\/contarotacoes.com\/index.php?rest_route=%2Fwp%2Fv2%2Ftags&post=8909"}],"curies":[{"name":"wp","href":"https:\/\/api.w.org\/{rel}","templated":true}]}}