{"id":8859,"date":"2024-08-30T11:33:15","date_gmt":"2024-08-30T11:33:15","guid":{"rendered":"https:\/\/contarotacoes.com\/?p=8859"},"modified":"2024-08-30T11:33:15","modified_gmt":"2024-08-30T11:33:15","slug":"clio-trophy-portugal-promete-emocoes-fortes-nos-trocos-de-vouzela-e-viseu","status":"publish","type":"post","link":"https:\/\/contarotacoes.com\/?p=8859","title":{"rendered":"Clio Trophy Portugal promete emo\u00e7\u00f5es fortes nos tro\u00e7os de Vouzela e Viseu"},"content":{"rendered":"<p style=\"text-align: justify\">A \u00e9poca de estreia do Clio Trophy Portugal est\u00e1 ao rubro. Depois de Lisboa e Castelo Branco, a competi\u00e7\u00e3o dos Renault Clio Rally5 ruma a outra capital de distrito, com o Const\u00e1lica Rallye Vouzela e Viseu e a sua apote\u00f3tica chegada na Feira de S\u00e3o Mateus, a maior feira franca da Pen\u00ednsula Ib\u00e9rica. \u00a0Na terceira prova do calend\u00e1rio, o jovem Danny Carreira defende a sua lideran\u00e7a perante um aguerrido pelot\u00e3o.<\/p>\n<p style=\"text-align: justify\">Al\u00e9m da confirma\u00e7\u00e3o da fiabilidade e da competitividade do Renault Clio Rally5, as duas primeiras provas da \u00e9poca confirmaram o equil\u00edbrio entre os pilotos mais experientes e os jovens valores que despontam no Clio Trophy Portugal. O ex-campe\u00e3o nacional de 2 Rodas Motrizes, Gil Antunes, entrou na competi\u00e7\u00e3o da melhor forma, ao vencer o Rali de Lisboa, mas o jovem Danny Carreira (23 anos) respondeu em grande no Rali de Castelo Branco e Vila Velha de R\u00f3d\u00e3o, assumindo a lideran\u00e7a do trof\u00e9u organizado pela Renault Portugal.<\/p>\n<p style=\"text-align: justify\">Terceira de cinco provas do calend\u00e1rio, o Const\u00e1lica Rallye Vouzela e Viseu vai, agora, colocar os Renault Clio Rally5 nas exigentes especiais de asfalto da regi\u00e3o de Viseu D\u00e3o-Laf\u00f5es, no pr\u00f3ximo s\u00e1bado e domingo. Um rali composto por nove tro\u00e7os de asfalto, alguns com tradi\u00e7\u00e3o no panorama dos ralis nacionais, mas que configuram um novo desafio para v\u00e1rios dos pilotos do Clio Trophy Portugal.<\/p>\n<p><strong>Juventude e experi\u00eancia<\/strong><\/p>\n<p style=\"text-align: justify\">Apenas na sua terceira \u00e9poca nos ralis, Danny Carreira est\u00e1 a demonstrar o seu potencial ao volante do Clio Rally5 e chega a esta prova com tr\u00eas pontos de vantagem sobre Gil Antunes, voltando agora a ser navegado por Marco Vilas Boas (tal como em Lisboa). A exibi\u00e7\u00e3o dominadora em Castelo Branco abriu boas perspetivas para o jovem piloto portugu\u00eas, radicado na Su\u00ed\u00e7a que, em 2022, teve uma curta experi\u00eancia no Const\u00e1lica Rally Vouzela e Viseu, integrado no FPAK Junior Team.<\/p>\n<p style=\"text-align: justify\">Gil Antunes, por outro lado, vai descobrir esta prova e, ao mesmo tempo, tentar recuperar o comando da competi\u00e7\u00e3o. O piloto de Sintra e o navegador Diogo Correia j\u00e1 perceberam que h\u00e1 jovens pilotos com capacidade para lutar pelos primeiros lugares, como \u00e9 o caso de Pedro Pereira Jr., navegado por Tiago Silva, uma dupla que acumula j\u00e1 dois segundos lugares, com escassos tr\u00eas pontos a separarem agora o piloto da Mealhada de Gil Antunes.<\/p>\n<p style=\"text-align: justify\">Nuno Coelho e Ricardo Cunha chegam a Vouzela e Viseu motivados pelo primeiro p\u00f3dio da temporada, obtido em Castelo Branco, enquanto Paulo Barata tamb\u00e9m est\u00e1 no top 5 do trof\u00e9u, agora acompanhado por Joaquim Alvarinhas.<\/p>\n<p style=\"text-align: justify\">Os jovens Jos\u00e9 Pedro Quintas (23 anos) e Lu\u00eds Caetano (22 anos) tamb\u00e9m partem determinados em entrar na discuss\u00e3o dos lugares cimeiros, navegados, respetivamente, por Nuno Carvalhosa e David Monteiro. Henrique Azenha, por sua vez, ganhou a classe nesta prova com o Clio Rally5, em 2023, regressando agora aos tro\u00e7os de Vouzela e Viseu com Hugo Marques.<\/p>\n<p style=\"text-align: justify\"><strong>Desafio pelo Centro<\/strong><\/p>\n<p style=\"text-align: justify\">O Const\u00e1lica Rallye Vouzela e Viseu marca a terceira passagem, em outros tantos ralis, do Clio Trophy Portugal por uma capital de distrito, depois de Lisboa e Castelo Branco. A prova organizada pelo Gondomar Autom\u00f3vel Sport tem um total de nove classificativas de asfalto, que perfazem 72,40 quil\u00f3metros cronometrados. A etapa de s\u00e1bado inclui uma Super Especial noturna, no centro de Vouzela, enquanto o p\u00f3dio final do rali acontece em plena Feira de S\u00e3o Mateus, em Viseu, no domingo \u00e0 tarde (ver hor\u00e1rio em baixo).<\/p>\n<p style=\"text-align: justify\"><strong>Classifica\u00e7\u00e3o do Clio Trophy Portugal (ap\u00f3s duas provas)<\/strong><\/p>\n<p style=\"text-align: justify\">1\u00ba Danny Carreira, 43 pontos<\/p>\n<p style=\"text-align: justify\">2\u00ba Gil Antunes, 40<\/p>\n<p style=\"text-align: justify\">3\u00ba Pedro Pereira Jr., 37<\/p>\n<p style=\"text-align: justify\">4\u00ba Nuno Coelho, 27<\/p>\n<p style=\"text-align: justify\">5\u00ba Paulo Barata, 14<\/p>\n<p style=\"text-align: justify\">6\u00ba Jos\u00e9 Pedro Quintas, 13<\/p>\n<p style=\"text-align: justify\">\u00a0\u00a0\u00a0\u00a0\u00a0 Lu\u00eds Caetano, 13<\/p>\n<p style=\"text-align: justify\">8\u00ba Vasco Tintim, 11<\/p>\n<p style=\"text-align: justify\">9\u00ba Carlos Marreiros, 10<\/p>\n<p style=\"text-align: justify\">10\u00ba Henrique Azenha, 4.<\/p>\n<p style=\"text-align: justify\"><strong>Programa do Const\u00e1lica Rallye Vouzela e Viseu<\/strong><\/p>\n<p style=\"text-align: justify\">S\u00e1bado, 31 de agosto<\/p>\n<table border=\"1\">\n<tbody>\n<tr>\n<td>PE1 Penoita 1 (8,70 km)<\/td>\n<td>16h13<\/td>\n<\/tr>\n<tr>\n<td>PE2 Vouzela \/ Castelo 1 (7,10 km)<\/td>\n<td>16h41<\/td>\n<\/tr>\n<tr>\n<td>PE3 Penoita 2<\/td>\n<td>18h19<\/td>\n<\/tr>\n<tr>\n<td>PE4 Vouzela \/ Castelo 2<\/td>\n<td>18h47<\/td>\n<\/tr>\n<tr>\n<td>PE5 S. E. Vouzela (2,60 km)<\/td>\n<td>21h20<\/td>\n<\/tr>\n<\/tbody>\n<\/table>\n<p style=\"text-align: justify\">Domingo, 1 de setembro<\/p>\n<table border=\"1\">\n<tbody>\n<tr>\n<td>PE6 Povolide 1 (7,10 km)<\/td>\n<td>11h37<\/td>\n<\/tr>\n<tr>\n<td>PE7 Santa Euf\u00e9mia 1 (10,70 km)<\/td>\n<td>12h02<\/td>\n<\/tr>\n<tr>\n<td>PE8 Povolide 2<\/td>\n<td>14h19<\/td>\n<\/tr>\n<tr>\n<td>PE9 Santa Euf\u00e9mia 2<\/td>\n<td>14h55<\/td>\n<\/tr>\n<tr>\n<td>Final \u2013 Feira de S\u00e3o Mateus (Viseu)<\/td>\n<td>15h20<\/td>\n<\/tr>\n<\/tbody>\n<\/table>\n<p style=\"text-align: justify\">\n","protected":false},"excerpt":{"rendered":"<p>A \u00e9poca de estreia do Clio Trophy Portugal est\u00e1 ao rubro. Depois de Lisboa e Castelo Branco, a competi\u00e7\u00e3o dos Renault Clio Rally5 ruma a outra capital de distrito, com o Const\u00e1lica Rallye Vouzela e Viseu e a sua apote\u00f3tica chegada na Feira de S\u00e3o Mateus, a maior feira franca da Pen\u00ednsula Ib\u00e9rica. \u00a0Na terceira [&hellip;]<\/p>\n","protected":false},"author":2,"featured_media":8860,"comment_status":"closed","ping_status":"open","sticky":false,"template":"","format":"standard","meta":{"_editorskit_title_hidden":false,"_editorskit_reading_time":0,"_editorskit_is_block_options_detached":false,"_editorskit_block_options_position":"{}","om_disable_all_campaigns":false,"_monsterinsights_skip_tracking":false,"_monsterinsights_sitenote_active":false,"_monsterinsights_sitenote_note":"","_monsterinsights_sitenote_category":0,"_uf_show_specific_survey":0,"_uf_disable_surveys":false,"site-sidebar-layout":"default","site-content-layout":"","ast-site-content-layout":"default","site-content-style":"default","site-sidebar-style":"default","ast-global-header-display":"","ast-banner-title-visibility":"","ast-main-header-display":"","ast-hfb-above-header-display":"","ast-hfb-below-header-display":"","ast-hfb-mobile-header-display":"","site-post-title":"","ast-breadcrumbs-content":"","ast-featured-img":"","footer-sml-layout":"","theme-transparent-header-meta":"default","adv-header-id-meta":"","stick-header-meta":"default","header-above-stick-meta":"","header-main-stick-meta":"","header-below-stick-meta":"","astra-migrate-meta-layouts":"set","ast-page-background-enabled":"default","ast-page-background-meta":{"desktop":{"background-color":"","background-image":"","background-repeat":"repeat","background-position":"center center","background-size":"auto","background-attachment":"scroll","background-type":"","background-media":"","overlay-type":"","overlay-color":"","overlay-opacity":"","overlay-gradient":""},"tablet":{"background-color":"","background-image":"","background-repeat":"repeat","background-position":"center center","background-size":"auto","background-attachment":"scroll","background-type":"","background-media":"","overlay-type":"","overlay-color":"","overlay-opacity":"","overlay-gradient":""},"mobile":{"background-color":"","background-image":"","background-repeat":"repeat","background-position":"center center","background-size":"auto","background-attachment":"scroll","background-type":"","background-media":"","overlay-type":"","overlay-color":"","overlay-opacity":"","overlay-gradient":""}},"ast-content-background-meta":{"desktop":{"background-color":"var(--ast-global-color-5)","background-image":"","background-repeat":"repeat","background-position":"center center","background-size":"auto","background-attachment":"scroll","background-type":"","background-media":"","overlay-type":"","overlay-color":"","overlay-opacity":"","overlay-gradient":""},"tablet":{"background-color":"var(--ast-global-color-5)","background-image":"","background-repeat":"repeat","background-position":"center center","background-size":"auto","background-attachment":"scroll","background-type":"","background-media":"","overlay-type":"","overlay-color":"","overlay-opacity":"","overlay-gradient":""},"mobile":{"background-color":"var(--ast-global-color-5)","background-image":"","background-repeat":"repeat","background-position":"center center","background-size":"auto","background-attachment":"scroll","background-type":"","background-media":"","overlay-type":"","overlay-color":"","overlay-opacity":"","overlay-gradient":""}},"footnotes":""},"categories":[11],"tags":[],"class_list":["post-8859","post","type-post","status-publish","format-standard","has-post-thumbnail","hentry","category-noticias"],"aioseo_notices":[],"_links":{"self":[{"href":"https:\/\/contarotacoes.com\/index.php?rest_route=\/wp\/v2\/posts\/8859","targetHints":{"allow":["GET"]}}],"collection":[{"href":"https:\/\/contarotacoes.com\/index.php?rest_route=\/wp\/v2\/posts"}],"about":[{"href":"https:\/\/contarotacoes.com\/index.php?rest_route=\/wp\/v2\/types\/post"}],"author":[{"embeddable":true,"href":"https:\/\/contarotacoes.com\/index.php?rest_route=\/wp\/v2\/users\/2"}],"replies":[{"embeddable":true,"href":"https:\/\/contarotacoes.com\/index.php?rest_route=%2Fwp%2Fv2%2Fcomments&post=8859"}],"version-history":[{"count":1,"href":"https:\/\/contarotacoes.com\/index.php?rest_route=\/wp\/v2\/posts\/8859\/revisions"}],"predecessor-version":[{"id":8861,"href":"https:\/\/contarotacoes.com\/index.php?rest_route=\/wp\/v2\/posts\/8859\/revisions\/8861"}],"wp:featuredmedia":[{"embeddable":true,"href":"https:\/\/contarotacoes.com\/index.php?rest_route=\/wp\/v2\/media\/8860"}],"wp:attachment":[{"href":"https:\/\/contarotacoes.com\/index.php?rest_route=%2Fwp%2Fv2%2Fmedia&parent=8859"}],"wp:term":[{"taxonomy":"category","embeddable":true,"href":"https:\/\/contarotacoes.com\/index.php?rest_route=%2Fwp%2Fv2%2Fcategories&post=8859"},{"taxonomy":"post_tag","embeddable":true,"href":"https:\/\/contarotacoes.com\/index.php?rest_route=%2Fwp%2Fv2%2Ftags&post=8859"}],"curies":[{"name":"wp","href":"https:\/\/api.w.org\/{rel}","templated":true}]}}