{"id":8726,"date":"2024-08-09T16:34:55","date_gmt":"2024-08-09T16:34:55","guid":{"rendered":"https:\/\/contarotacoes.com\/?p=8726"},"modified":"2024-08-09T16:34:55","modified_gmt":"2024-08-09T16:34:55","slug":"constalica-rallye-vouzela-e-viseu-a-melhor-edicao-de-sempre","status":"publish","type":"post","link":"https:\/\/contarotacoes.com\/?p=8726","title":{"rendered":"Const\u00e1lica Rallye Vouzela e Viseu &#8211; A melhor edi\u00e7\u00e3o de Sempre"},"content":{"rendered":"<p style=\"text-align: justify\">A prova organizada pelo Gondomar Autom\u00f3vel Sport e promovida pela Promolaf\u00f5es vai para a estrada nos dias 31 de agosto e 1 de setembro, com a leg\u00edtima ambi\u00e7\u00e3o de ascender ao Campeonato de Portugal de Ralis (CPR).<\/p>\n<p style=\"text-align: justify\">A 11.\u00aa edi\u00e7\u00e3o do Const\u00e1lica Rallye Vouzela e Viseu foi apresentada com pompa e circunst\u00e2ncia no Solar do Vinho do D\u00e3o, em que, ao longo dos \u00faltimos 10 anos, o selo da inova\u00e7\u00e3o esteve sempre presente e, em 2024, n\u00e3o foge \u00e0 regra.<\/p>\n<p style=\"text-align: justify\">A partir das estradas de asfalto da regi\u00e3o do Interior Centro, palco de tantas batalhas \u00e9picas e que tem no Const\u00e1lica Rallye Vouzela Viseu uma das melhores provas de competi\u00e7\u00e3o a n\u00edvel nacional, a estrutura organizativa e os seus parceiros reconhecem esse desiderato e eleva a fasquia. Ascender ao Campeonato de Portugal de Ralis, escal\u00e3o primodivision\u00e1rio da modalidade em territ\u00f3rio nacional.<\/p>\n<p style=\"text-align: justify\">S\u00e9rgio Matos, da Const\u00e1lica, n\u00e3o tem d\u00favidas de que a prova tem todas as condi\u00e7\u00f5es para almejar a t\u00e3o desejada subida ao patamar superior do calend\u00e1rio nacional de ralis, at\u00e9 porque j\u00e1 prov\u00e1mos, ao longo dos anos anteriores, que estamos \u00e0 frente em todos os dom\u00ednios\u00bb.<\/p>\n<p style=\"text-align: justify\">Em jeito de ultimato, o CEO da Const\u00e1lica e aliado \u00e0 prova desde a primeira edi\u00e7\u00e3o, que o futuro s\u00f3 a Deus pertence, afirmando que \u00ab\u00e9 urgente que haja uma triagem no final de cada ano, promovendo quem realmente trabalha no sentido de merecer estar entre os melhores, e relegar para lugares secund\u00e1rios quem n\u00e3o fez o trabalho de excel\u00eancia\u00bb.<\/p>\n<p style=\"text-align: justify\">Carlos Oliveira, presidente da C\u00e2mara Municipal de Vouzela, reconhece que o rali \u00abest\u00e1 em crescendo ano ap\u00f3s ano, tirando tamb\u00e9m partido deste novo formato desta super municipalidade que vem permitir que possamos ter mais p\u00fablico, reafirmando os nossos territ\u00f3rios, n\u00e3o s\u00f3 de Vouzela e Viseu, mas tamb\u00e9m os concelhos vizinhos\u00bb.<\/p>\n<p style=\"text-align: justify\">A prova permite, de igual forma, alavancar a nossa economia, local e regional, e \u00e9 nesse sentido que queremos continuar na senda do rali, uma refer\u00eancia e a super-especial noturna \u00e9 um evento marcante com muita gente a assistir e a permanecer no nosso concelho\u00bb, referiu ainda Carlos Oliveira.<\/p>\n<p style=\"text-align: justify\">Fernando Ruas, presidente da C\u00e2mara Municipal de Viseu, destacou \u00aba liga\u00e7\u00e3o muito forte com Vouzela e a Const\u00e1lica e, na sequ\u00eancia das provas anteriores seja um \u00eaxito\u00bb. \u00abEste evento \u00e9 o contributo de dois munic\u00edpios e de uma empresa de grande sucesso na regi\u00e3o e que podem ajudar a alavancar o territ\u00f3rio\u00bb.<\/p>\n<p style=\"text-align: justify\">\u00a0\u00abO apoio que temos dado ao Const\u00e1lica Rallye Vouzela e Viseu \u00e9, naturalmente, para termos outro tipo de ambi\u00e7\u00f5es. Interessa-nos muito a forma como est\u00e1 organizada a prova, mas aspiramos a muito mais, o que n\u00e3o deixa de ser leg\u00edtimo\u00bb, confidenciou o autarca viseense.<\/p>\n<p style=\"text-align: justify\">Raul Almeida, presidente de Turismo do Centro de Portugal, referiu que o Const\u00e1lica Rallye Vouzela e Viseu \u00ab\u00e9 um evento que acrescenta valor ao territ\u00f3rio e \u00e0 economia, trazendo dimens\u00e3o e notoriedade \u00e0 nossa regi\u00e3o, dinamizando-a e, no fim de semana da prova, as unidades hoteleiras e restaura\u00e7\u00e3o ficam cheios, fazendo com que a economia tenha um crescimento acentuado\u00bb. Al\u00e9m disso, a prova dinamiza pessoas, porque na Feira de S. Mateus vem milhares de pessoas para assistir \u00e0 entrega de pr\u00e9mios, outras tantas para assistir \u00e0s classificativas, o que tamb\u00e9m n\u00e3o deixa que essas pessoas sejam turistas\u00bb.<\/p>\n<p style=\"text-align: justify\">Jos\u00e9 Correia, da Promolaf\u00f5es, sustentou que \u00abexiste um enorme empenho de parceiros e autarquias para que o Const\u00e1lica Rallye Vouzela e Viseu continue a trilhar os caminhos do sucesso, organizativo, social e desportivo, pelo que est\u00e3o reunidas todas as condi\u00e7\u00f5es para que possamos ser obsequiados com o Campeonato de Portuga de Ralis\u00bb.<\/p>\n<p style=\"text-align: justify\">\u00abVamos para a 11.\u00aa edi\u00e7\u00e3o de um rali que tem subido paulatinamente ano ap\u00f3s ano, com uma dimens\u00e3o \u00edmpar a n\u00edvel nacional, em que no ano passado tivemos 67 participantes e que n\u00e3o faz inveja \u00e0s provas do Portugal de Ralis. Este ano, e a tr\u00eas semanas do evento j\u00e1 temos 40 equipas inscritas, entre elas oito espanholas. Ou seja, \u00e9 uma prova com enorme apet\u00eancia e que muito nos orgulha\u00bb, acrescentou Jos\u00e9 Correia.<\/p>\n<p style=\"text-align: justify\">Jos\u00e9 Lopes, em representa\u00e7\u00e3o da Federa\u00e7\u00e3o Portuguesa de Automobilismo e Karting (FPAK), diz que ouviu \u00abcom aten\u00e7\u00e3o os principais interessados e essa \u00e9 a principal motiva\u00e7\u00e3o para qualquer organiza\u00e7\u00e3o e os seus patrocinadores\u00bb. \u00abN\u00e3o h\u00e1 d\u00favida de que este rali j\u00e1 tem um valor completamente diferente daquilo que eu vi h\u00e1 oito ou nove anos, cresceu muito a todos os n\u00edveis e n\u00e3o pode ser descurada a motiva\u00e7\u00e3o para que um dia venha a fazer parte do Campeonato de Portugal de Ralis.<\/p>\n<p style=\"text-align: justify\">O Const\u00e1lica Rallye Vouzela e Viseu j\u00e1 vai na 11.\u00aa edi\u00e7\u00e3o e continua a crescer de forma desnatural e j\u00e1 \u00e9 apontado para outros voos. O rali re\u00fane todos os condimentos para o sucesso junto de participantes e p\u00fablico, beneficiando dois concelhos importantes com estradas a condizer.<\/p>\n<p style=\"text-align: justify\">Jos\u00e9 Lopes sublinhou que \u00abos pr\u00f3prios pilotos se mostram agradados com as especiais, pelo que temos de compreender que, numa cidade como Viseu, do Interior e bastante desenvolvida, que tem no seu territ\u00f3rio o parque de assist\u00eancia, o final do rali e, depois, terminar na Feira de S. Mateus, naturalmente que s\u00e3o ingredientes positivos para a prova\u00bb.<\/p>\n<p style=\"text-align: justify\">O Const\u00e1lica Rallye Vouzela e Viseu, pontu\u00e1vel para o Campeonato de Portugal GT de Ralis, Campeonato Promo Ralis, Campeonato Start Centro Ralis, Campeonato Start 2RM Centro Ralis, FPAK J\u00fanior Team, Clio Trophy Portugal e KIA Rally Cup.<\/p>\n<p style=\"text-align: justify\">O \u201cmenu\u201d da prova compreende 297,25 quil\u00f3metros, com as equipas a enfrentar 72,4 de classificativas disputadas ao cron\u00f3metro, entre s\u00e1bado (31 de agosto) e domingo (1 de setembro). O primeiro dia privilegia duas passagens por Penoita (8,70 km \u2013 16h13 e 18h19) e Vouzela\/Castelo (7,10 km- 16h41 e 18h47) e super-especial noturna de Vouzela (2,60 km \u2013 21h20 e 21h39), seguindo as equipas para o parque fechado, no Parque Urbano de Santiago, em Viseu, com a primeira a entrar \u00e0s 23h15.<\/p>\n<p style=\"text-align: justify\">Para o segundo dia ser\u00e3o disputadas tamb\u00e9m duplas passagens pelas classificativas de Povolide (7,10 km \u2013 11h37 e 14h19) e Santa Euf\u00e9mia (10,70 km \u2013 12h02 e 14h44). Pelas 15h40, as equipas entram em parque fechado na Feira de S. Mateus, procedendo-se, posteriormente, a entrega de pr\u00e9mios no palco principal do certame.<\/p>\n","protected":false},"excerpt":{"rendered":"<p>A prova organizada pelo Gondomar Autom\u00f3vel Sport e promovida pela Promolaf\u00f5es vai para a estrada nos dias 31 de agosto e 1 de setembro, com a leg\u00edtima ambi\u00e7\u00e3o de ascender ao Campeonato de Portugal de Ralis (CPR). A 11.\u00aa edi\u00e7\u00e3o do Const\u00e1lica Rallye Vouzela e Viseu foi apresentada com pompa e circunst\u00e2ncia no Solar do [&hellip;]<\/p>\n","protected":false},"author":2,"featured_media":8727,"comment_status":"closed","ping_status":"open","sticky":false,"template":"","format":"standard","meta":{"_editorskit_title_hidden":false,"_editorskit_reading_time":0,"_editorskit_is_block_options_detached":false,"_editorskit_block_options_position":"{}","om_disable_all_campaigns":false,"_monsterinsights_skip_tracking":false,"_monsterinsights_sitenote_active":false,"_monsterinsights_sitenote_note":"","_monsterinsights_sitenote_category":0,"_uf_show_specific_survey":0,"_uf_disable_surveys":false,"site-sidebar-layout":"default","site-content-layout":"","ast-site-content-layout":"default","site-content-style":"default","site-sidebar-style":"default","ast-global-header-display":"","ast-banner-title-visibility":"","ast-main-header-display":"","ast-hfb-above-header-display":"","ast-hfb-below-header-display":"","ast-hfb-mobile-header-display":"","site-post-title":"","ast-breadcrumbs-content":"","ast-featured-img":"","footer-sml-layout":"","theme-transparent-header-meta":"default","adv-header-id-meta":"","stick-header-meta":"default","header-above-stick-meta":"","header-main-stick-meta":"","header-below-stick-meta":"","astra-migrate-meta-layouts":"set","ast-page-background-enabled":"default","ast-page-background-meta":{"desktop":{"background-color":"","background-image":"","background-repeat":"repeat","background-position":"center center","background-size":"auto","background-attachment":"scroll","background-type":"","background-media":"","overlay-type":"","overlay-color":"","overlay-opacity":"","overlay-gradient":""},"tablet":{"background-color":"","background-image":"","background-repeat":"repeat","background-position":"center center","background-size":"auto","background-attachment":"scroll","background-type":"","background-media":"","overlay-type":"","overlay-color":"","overlay-opacity":"","overlay-gradient":""},"mobile":{"background-color":"","background-image":"","background-repeat":"repeat","background-position":"center center","background-size":"auto","background-attachment":"scroll","background-type":"","background-media":"","overlay-type":"","overlay-color":"","overlay-opacity":"","overlay-gradient":""}},"ast-content-background-meta":{"desktop":{"background-color":"var(--ast-global-color-5)","background-image":"","background-repeat":"repeat","background-position":"center center","background-size":"auto","background-attachment":"scroll","background-type":"","background-media":"","overlay-type":"","overlay-color":"","overlay-opacity":"","overlay-gradient":""},"tablet":{"background-color":"var(--ast-global-color-5)","background-image":"","background-repeat":"repeat","background-position":"center center","background-size":"auto","background-attachment":"scroll","background-type":"","background-media":"","overlay-type":"","overlay-color":"","overlay-opacity":"","overlay-gradient":""},"mobile":{"background-color":"var(--ast-global-color-5)","background-image":"","background-repeat":"repeat","background-position":"center center","background-size":"auto","background-attachment":"scroll","background-type":"","background-media":"","overlay-type":"","overlay-color":"","overlay-opacity":"","overlay-gradient":""}},"footnotes":""},"categories":[11],"tags":[],"class_list":["post-8726","post","type-post","status-publish","format-standard","has-post-thumbnail","hentry","category-noticias"],"aioseo_notices":[],"_links":{"self":[{"href":"https:\/\/contarotacoes.com\/index.php?rest_route=\/wp\/v2\/posts\/8726","targetHints":{"allow":["GET"]}}],"collection":[{"href":"https:\/\/contarotacoes.com\/index.php?rest_route=\/wp\/v2\/posts"}],"about":[{"href":"https:\/\/contarotacoes.com\/index.php?rest_route=\/wp\/v2\/types\/post"}],"author":[{"embeddable":true,"href":"https:\/\/contarotacoes.com\/index.php?rest_route=\/wp\/v2\/users\/2"}],"replies":[{"embeddable":true,"href":"https:\/\/contarotacoes.com\/index.php?rest_route=%2Fwp%2Fv2%2Fcomments&post=8726"}],"version-history":[{"count":1,"href":"https:\/\/contarotacoes.com\/index.php?rest_route=\/wp\/v2\/posts\/8726\/revisions"}],"predecessor-version":[{"id":8728,"href":"https:\/\/contarotacoes.com\/index.php?rest_route=\/wp\/v2\/posts\/8726\/revisions\/8728"}],"wp:featuredmedia":[{"embeddable":true,"href":"https:\/\/contarotacoes.com\/index.php?rest_route=\/wp\/v2\/media\/8727"}],"wp:attachment":[{"href":"https:\/\/contarotacoes.com\/index.php?rest_route=%2Fwp%2Fv2%2Fmedia&parent=8726"}],"wp:term":[{"taxonomy":"category","embeddable":true,"href":"https:\/\/contarotacoes.com\/index.php?rest_route=%2Fwp%2Fv2%2Fcategories&post=8726"},{"taxonomy":"post_tag","embeddable":true,"href":"https:\/\/contarotacoes.com\/index.php?rest_route=%2Fwp%2Fv2%2Ftags&post=8726"}],"curies":[{"name":"wp","href":"https:\/\/api.w.org\/{rel}","templated":true}]}}