{"id":8407,"date":"2024-07-25T20:01:56","date_gmt":"2024-07-25T20:01:56","guid":{"rendered":"https:\/\/contarotacoes.com\/?p=8407"},"modified":"2024-07-25T20:01:56","modified_gmt":"2024-07-25T20:01:56","slug":"resultados-positivos-opel-apoia-as-estrelas-de-rali-do-futuro","status":"publish","type":"post","link":"https:\/\/contarotacoes.com\/?p=8407","title":{"rendered":"Resultados positivos: Opel apoia as estrelas de rali do futuro"},"content":{"rendered":"<ul>\n<li style=\"text-align: justify\"><strong>Conceito inovador de ralis com autom\u00f3veis el\u00e9tricos: A Opel Motorsport d\u00e1 especial import\u00e2ncia \u00e0 promo\u00e7\u00e3o de jovens talentos<\/strong><\/li>\n<li style=\"text-align: justify\"><strong>ADAC Opel Electric Rally Cup \u201cpowered by GSe\u201d: Oportunidades \u00fanicas de promo\u00e7\u00e3o para os melhores talentos na primeira ta\u00e7a de ralis monomarca com autom\u00f3veis el\u00e9tricos do mundo<\/strong><\/li>\n<li style=\"text-align: justify\"><strong>A ADAC Opel Rally Junior Team celebrou cinco t\u00edtulos no Campeonato da Europa de Ralis Junior desde 2015.<\/strong><\/li>\n<\/ul>\n<p style=\"text-align: justify\">Desde 2013, a Opel e a ADAC t\u00eam estado a escrever uma hist\u00f3ria de sucesso sem precedentes nos ralis. At\u00e9 \u00e0 data, quase 140 participantes de 22 pa\u00edses participaram numa ronda da ADAC Opel Rally Cup ou da <a href=\"https:\/\/www.media.stellantis.com\/pt-pt\/opel\/corsa-e-rally\">ADAC Opel Electric Rally Cup &#8220;powered by GSe&#8221;<\/a>. A ta\u00e7a monomarca, concebida e organizada em estreita coopera\u00e7\u00e3o entre os dois parceiros, estabelece os padr\u00f5es: \u00e9 a primeira ta\u00e7a monomarca de ralis com autom\u00f3veis el\u00e9tricos do mundo!<\/p>\n<p style=\"text-align: justify\">Um dos focos do projeto conjunto \u00e9 o desenvolvimento de talentos. Desde 2013, os melhores pilotos da ta\u00e7a t\u00eam tido a oportunidade de passar para a ADAC Opel Rally Junior Team no ano seguinte e dar os pr\u00f3ximos passos no seu desenvolvimento como pilotos da Opel no Campeonato da Europa de Ralis Junior (JERC). At\u00e9 \u00e0 data, 11 pilotos deram o salto para o palco internacional dos ralis com a Opel. E n\u00e3o foi apenas o esp\u00edrito ol\u00edmpico que acompanhou o desenvolvimento de talentos da Opel e da ADAC &#8211; os resultados de topo no JERC demonstram-no de forma impressionante.<\/p>\n<p style=\"text-align: justify\">Com Emil Bergkvist (Su\u00e9cia, \u00e9poca de 2015), Marijan Griebel (Alemanha, 2016), Chris Ingram (Gr\u00e3-Bretanha, 2017) e M\u0101rti\u0146\u0161 Sesks (Let\u00f3nia, 2018), a ADAC Opel Rallye Junior Team celebrou quatro t\u00edtulos europeus consecutivos. A piloto italiana da Opel, Tamara Molinaro, tamb\u00e9m venceu a categoria feminina na \u00e9poca de 2017 do JERC.<\/p>\n<p style=\"text-align: justify\">Quando os parceiros Opel e ADAC abriram novos caminhos nos ralis para a temporada de 2021, introduzindo a ADAC Opel Electric Rally Cup, o s\u00f3lido historial prolongou-se sem interrup\u00e7\u00f5es. Laurent Pellier foi coroado o primeiro campe\u00e3o de uma ta\u00e7a monomarca de ralis com autom\u00f3veis el\u00e9tricos no Opel Corsa Rally Electric de 100 kW (136 cv). Logo a seguir, o franc\u00eas conquistou o quinto t\u00edtulo no Campeonato da Europa de Ralis Junior para a ADAC Opel Rally Junior Team em 2022 com o Corsa Rally4.<\/p>\n<p style=\"text-align: justify\"><strong>Os campe\u00f5es da ADAC Opel Electric Rally Cup de 2022 e 2023 celebram os \u00eaxitos no JERC<\/strong><\/p>\n<p style=\"text-align: justify\">Os campe\u00f5es da ADAC Opel Electric Rally Cup de 2022 e 2023 est\u00e3o a competir na atual \u00e9poca do JERC. E tamb\u00e9m t\u00eam sido muito bem-sucedidos. Nos primeiros quatro ralis da \u00e9poca deste ano, Calle Carlberg (Su\u00e9cia) e Timo Schulz (Alemanha) j\u00e1 alcan\u00e7aram quatro p\u00f3dios entre os melhores pilotos j\u00fanior de ralis da Europa. Carlberg est\u00e1 atualmente em segundo lugar na classifica\u00e7\u00e3o geral do Campeonato da Europa e vai para as duas \u00faltimas provas do JERC com hip\u00f3teses de conquistar o t\u00edtulo.<\/p>\n<p style=\"text-align: justify\">N\u00e3o \u00e9 s\u00f3 no Campeonato da Europa de Ralis Junior que os antigos pilotos da ta\u00e7a est\u00e3o a recolher louros. Emil Bergkvist e Tom Kristensson celebraram o t\u00edtulo do Campeonato do Mundo de Juniores em 2018 e 2020, respetivamente. O ingl\u00eas Chris Ingram tornou-se Campe\u00e3o Europeu de Ralis em 2019. Marijan Griebel juntou o Campeonato Europeu de Sub28 de 2017 ao seu t\u00edtulo do JERC no ano anterior e tamb\u00e9m j\u00e1 foi coroado Campe\u00e3o de Ralis da Alemanha por tr\u00eas vezes, estando a caminho do t\u00edtulo novamente na temporada atual. O ex-j\u00fanior da Opel Fabian Kreim tamb\u00e9m garantiu o t\u00edtulo no Campeonato de Ralis da Alemanha por tr\u00eas vezes.<\/p>\n<p style=\"text-align: justify\">O panorama dos ralis na Alemanha \u00e9 dominado por pilotos que ganharam as suas primeiras provas numa ta\u00e7a monomarca da Opel e da ADAC. Com Marijan Griebel (1.\u00ba), Julius Tannert (2.\u00ba), Nico Knacker (4.\u00ba), Tom K\u00e4sser (10.\u00ba) &#8211; que j\u00e1 foi confirmado como campe\u00e3o da DRM2 &#8211; Bj\u00f6rn Satorius (12.\u00ba) e Max Schumann (15.\u00ba), seis pilotos do atual top 15 da classifica\u00e7\u00e3o geral do DRM (Campeonato de Ralis da Alemanha) foram promovidos a partir de uma ta\u00e7a monomarca Opel.<\/p>\n<p style=\"text-align: justify\">J\u00f6rg Schrott, Diretor da Opel Motorsport: &#8220;Promover o talento \u00e9 extremamente importante para a Opel. O hist\u00f3rico da ADAC Opel Rally Junior Team, com um total de cinco t\u00edtulos no Campeonato da Europa de Ralis Junior, \u00e9 not\u00e1vel. Como parte da fam\u00edlia Stellantis, os nossos melhores talentos tamb\u00e9m t\u00eam outras oportunidades em categorias superiores de ralis. N\u00f3s, na Opel Motorsport, estamos orgulhosos dos nossos jovens talentos e dos sucessos que celebr\u00e1mos em conjunto com a ADAC desde 2013 e desde 2021 com a ADAC Opel Electric Rally Cup. A Opel est\u00e1 a fazer algo pelos jovens talentos nos ralis alem\u00e3es. Continuaremos a fazer tudo o que pudermos para dar seguimento ao nosso impressionante registo com mais triunfos.&#8221;<\/p>\n","protected":false},"excerpt":{"rendered":"<p>Conceito inovador de ralis com autom\u00f3veis el\u00e9tricos: A Opel Motorsport d\u00e1 especial import\u00e2ncia \u00e0 promo\u00e7\u00e3o de jovens talentos ADAC Opel Electric Rally Cup \u201cpowered by GSe\u201d: Oportunidades \u00fanicas de promo\u00e7\u00e3o para os melhores talentos na primeira ta\u00e7a de ralis monomarca com autom\u00f3veis el\u00e9tricos do mundo A ADAC Opel Rally Junior Team celebrou cinco t\u00edtulos no [&hellip;]<\/p>\n","protected":false},"author":2,"featured_media":8408,"comment_status":"closed","ping_status":"open","sticky":false,"template":"","format":"standard","meta":{"_editorskit_title_hidden":false,"_editorskit_reading_time":0,"_editorskit_is_block_options_detached":false,"_editorskit_block_options_position":"{}","om_disable_all_campaigns":false,"_monsterinsights_skip_tracking":false,"_monsterinsights_sitenote_active":false,"_monsterinsights_sitenote_note":"","_monsterinsights_sitenote_category":0,"_uf_show_specific_survey":0,"_uf_disable_surveys":false,"site-sidebar-layout":"default","site-content-layout":"","ast-site-content-layout":"default","site-content-style":"default","site-sidebar-style":"default","ast-global-header-display":"","ast-banner-title-visibility":"","ast-main-header-display":"","ast-hfb-above-header-display":"","ast-hfb-below-header-display":"","ast-hfb-mobile-header-display":"","site-post-title":"","ast-breadcrumbs-content":"","ast-featured-img":"","footer-sml-layout":"","theme-transparent-header-meta":"default","adv-header-id-meta":"","stick-header-meta":"default","header-above-stick-meta":"","header-main-stick-meta":"","header-below-stick-meta":"","astra-migrate-meta-layouts":"set","ast-page-background-enabled":"default","ast-page-background-meta":{"desktop":{"background-color":"","background-image":"","background-repeat":"repeat","background-position":"center center","background-size":"auto","background-attachment":"scroll","background-type":"","background-media":"","overlay-type":"","overlay-color":"","overlay-opacity":"","overlay-gradient":""},"tablet":{"background-color":"","background-image":"","background-repeat":"repeat","background-position":"center center","background-size":"auto","background-attachment":"scroll","background-type":"","background-media":"","overlay-type":"","overlay-color":"","overlay-opacity":"","overlay-gradient":""},"mobile":{"background-color":"","background-image":"","background-repeat":"repeat","background-position":"center center","background-size":"auto","background-attachment":"scroll","background-type":"","background-media":"","overlay-type":"","overlay-color":"","overlay-opacity":"","overlay-gradient":""}},"ast-content-background-meta":{"desktop":{"background-color":"var(--ast-global-color-5)","background-image":"","background-repeat":"repeat","background-position":"center center","background-size":"auto","background-attachment":"scroll","background-type":"","background-media":"","overlay-type":"","overlay-color":"","overlay-opacity":"","overlay-gradient":""},"tablet":{"background-color":"var(--ast-global-color-5)","background-image":"","background-repeat":"repeat","background-position":"center center","background-size":"auto","background-attachment":"scroll","background-type":"","background-media":"","overlay-type":"","overlay-color":"","overlay-opacity":"","overlay-gradient":""},"mobile":{"background-color":"var(--ast-global-color-5)","background-image":"","background-repeat":"repeat","background-position":"center center","background-size":"auto","background-attachment":"scroll","background-type":"","background-media":"","overlay-type":"","overlay-color":"","overlay-opacity":"","overlay-gradient":""}},"footnotes":""},"categories":[11],"tags":[],"class_list":["post-8407","post","type-post","status-publish","format-standard","has-post-thumbnail","hentry","category-noticias"],"aioseo_notices":[],"_links":{"self":[{"href":"https:\/\/contarotacoes.com\/index.php?rest_route=\/wp\/v2\/posts\/8407","targetHints":{"allow":["GET"]}}],"collection":[{"href":"https:\/\/contarotacoes.com\/index.php?rest_route=\/wp\/v2\/posts"}],"about":[{"href":"https:\/\/contarotacoes.com\/index.php?rest_route=\/wp\/v2\/types\/post"}],"author":[{"embeddable":true,"href":"https:\/\/contarotacoes.com\/index.php?rest_route=\/wp\/v2\/users\/2"}],"replies":[{"embeddable":true,"href":"https:\/\/contarotacoes.com\/index.php?rest_route=%2Fwp%2Fv2%2Fcomments&post=8407"}],"version-history":[{"count":1,"href":"https:\/\/contarotacoes.com\/index.php?rest_route=\/wp\/v2\/posts\/8407\/revisions"}],"predecessor-version":[{"id":8409,"href":"https:\/\/contarotacoes.com\/index.php?rest_route=\/wp\/v2\/posts\/8407\/revisions\/8409"}],"wp:featuredmedia":[{"embeddable":true,"href":"https:\/\/contarotacoes.com\/index.php?rest_route=\/wp\/v2\/media\/8408"}],"wp:attachment":[{"href":"https:\/\/contarotacoes.com\/index.php?rest_route=%2Fwp%2Fv2%2Fmedia&parent=8407"}],"wp:term":[{"taxonomy":"category","embeddable":true,"href":"https:\/\/contarotacoes.com\/index.php?rest_route=%2Fwp%2Fv2%2Fcategories&post=8407"},{"taxonomy":"post_tag","embeddable":true,"href":"https:\/\/contarotacoes.com\/index.php?rest_route=%2Fwp%2Fv2%2Ftags&post=8407"}],"curies":[{"name":"wp","href":"https:\/\/api.w.org\/{rel}","templated":true}]}}