{"id":8084,"date":"2024-07-13T12:37:01","date_gmt":"2024-07-13T12:37:01","guid":{"rendered":"https:\/\/contarotacoes.com\/?p=8084"},"modified":"2024-07-13T12:37:02","modified_gmt":"2024-07-13T12:37:02","slug":"o-novo-mercedes-amg-gt-63-pro-4matic-ainda-mais-agilidade-em-pista","status":"publish","type":"post","link":"https:\/\/contarotacoes.com\/?p=8084","title":{"rendered":"\u201cO novo Mercedes-AMG GT 63 PRO 4MATIC+: ainda mais agilidade em pista\u201d"},"content":{"rendered":"\n<p class=\"has-text-align-justify\">Pot\u00eancia m\u00e1xima: a pot\u00eancia de 612 CV de um motor de 4.0 litros V8 biturbo assegura um elevado poder de arranque<\/p>\n\n\n\n<p class=\"has-text-align-justify\">Aerodin\u00e2mica otimizada: os componentes independentes da carro\u00e7aria reduzem ainda mais a for\u00e7a aerodin\u00e2mica ascendente<\/p>\n\n\n\n<p class=\"has-text-align-justify\">Melhoria do arrefecimento: maior dissipa\u00e7\u00e3o de calor gra\u00e7as \u00e0s entradas de ar adicionais e aos elementos ativos de arrefecimento<\/p>\n\n\n\n<p class=\"has-text-align-justify\">A Mercedes-AMG apresentou o \u00faltimo membro da fam\u00edlia AMG GT no Festival de Velocidade de Goodwood \u2013 o novo Mercedes-AMG GT 63 PRO 4MATIC+ (valores provis\u00f3rios; consumo de energia em ciclo combinado: 14,1 l\/100 km | emiss\u00f5es de CO<sub>2<\/sub> em ciclo combinado: 319 g\/km | classe de emiss\u00f5es de CO<sub>2<\/sub>: G)<a href=\"#_ftn1\" id=\"_ftnref1\">[1]<\/a> destina-se aos amantes de autom\u00f3veis que procuram uma din\u00e2mica de condu\u00e7\u00e3o excecional. A resposta \u00e1gil \u00e0s solicita\u00e7\u00f5es do condutor e o desempenho geral oferecem uma experi\u00eancia de condu\u00e7\u00e3o ainda mais desportiva, que \u00e9 particularmente not\u00e1vel em pista. A maior pot\u00eancia, afina\u00e7\u00e3o da aerodin\u00e2mica com ainda mais redu\u00e7\u00e3o da for\u00e7a aerodin\u00e2mica ascendente e a maior capacidade de arrefecimento contribuem para um aumento da din\u00e2mica de condu\u00e7\u00e3o e voltas mais r\u00e1pidas nos circuitos.<\/p>\n\n\n\n<p class=\"has-text-align-justify\">Ao mesmo tempo, o novo modelo oferece as mesmas vantagens que outros membros da fam\u00edlia AMG GT. Com base na exig\u00eancia dos clientes de uma melhor utiliza\u00e7\u00e3o no dia a dia em compara\u00e7\u00e3o com a s\u00e9rie anterior, o AMG GT de segunda gera\u00e7\u00e3o oferece uma sensa\u00e7\u00e3o de espa\u00e7o generoso e uma boa visibilidade geral. O modelo est\u00e1 tamb\u00e9m dispon\u00edvel opcionalmente na configura\u00e7\u00e3o de 2+2 lugares. Os sistemas tecnologicamente avan\u00e7ados, tais como a suspens\u00e3o AMG ACTIVE RIDE CONTROL com controlo ativo de estabilidade, o eixo traseiro direcional de s\u00e9rie e a aerodin\u00e2mica ativa, tamb\u00e9m aperfei\u00e7oam o perfil de condu\u00e7\u00e3o. Al\u00e9m disso, o coup\u00e9 desportivo coloca a sua pot\u00eancia na estrada com o sistema de tra\u00e7\u00e3o integral AMG Performance 4MATIC+ totalmente vari\u00e1vel.<\/p>\n\n\n\n<p><strong>Melhoria do desempenho e comportamento otimizado em pista<\/strong><\/p>\n\n\n\n<p class=\"has-text-align-justify\">O motor AMG de 4.0 litros V8 biturbo na configura\u00e7\u00e3o de 612 CV assegura uma propuls\u00e3o superior. Produz mais 27 CV do que no AMG GT 63, e os engenheiros de motores em Affalterbach aumentaram o bin\u00e1rio m\u00e1ximo em 50 Nm para 850 Nm, para uma acelera\u00e7\u00e3o ainda mais poderosa. Este aumento do desempenho foi alcan\u00e7ado atrav\u00e9s da adapta\u00e7\u00e3o da unidade de controlo do motor. O AMG GT 63 PRO impressiona com o seu desempenho geral, especialmente a velocidades elevadas. O AMG GT 63 PRO acelera dos 0 aos 200 km\/h em apenas 10,9 segundos (0,5 segundos mais r\u00e1pido do que o AMG GT 63). A velocidade m\u00e1xima \u00e9 atingida a 317 km\/h.<\/p>\n\n\n\n<p><strong>Pack de arrefecimento amplamente expandido<\/strong><\/p>\n\n\n\n<p class=\"has-text-align-justify\">Os especialistas do AMG GT refor\u00e7aram os circuitos de arrefecimento de alta e de baixa temperatura de modo que a cadeia cinem\u00e1tica n\u00e3o aque\u00e7a demasiado em carga elevada. Dois radiadores est\u00e3o agora instalados nas cavas das rodas dianteiras esquerda e direita. Esta solu\u00e7\u00e3o aumenta o desempenho do sistema de arrefecimento da cadeia cinem\u00e1tica e desta forma o desempenho geral do ve\u00edculo em pista.<\/p>\n\n\n\n<p class=\"has-text-align-justify\">Os radiadores instalados no topo dos diferenciais dos eixos dianteiro e traseiro e da caixa de transfer\u00eancia do sistema de tra\u00e7\u00e3o integral totalmente vari\u00e1vel AMG Performance 4MATIC+ s\u00e3o agora arrefecidos ativamente. Com o aux\u00edlio das bombas el\u00e9tricas de l\u00edquido de arrefecimento, o l\u00edquido de arrefecimento circula nos circuitos de arrefecimento correspondentes e pode, portanto, dissipar melhor o calor e de forma cont\u00ednua atrav\u00e9s dos radiadores instalados no topo.<\/p>\n\n\n\n<p class=\"has-text-align-justify\">A nova geometria dos defletores de ar na sec\u00e7\u00e3o inferior da carro\u00e7aria e as placas de prote\u00e7\u00e3o remodeladas dos trav\u00f5es tamb\u00e9m direcionam uma maior quantidade de ar para os trav\u00f5es. Esta solu\u00e7\u00e3o aumenta a durabilidade e evita que os trav\u00f5es atinjam temperaturas excessivamente elevadas.<\/p>\n\n\n\n<p><strong>Maior desempenho aerodin\u00e2mico<\/strong><\/p>\n\n\n\n<p class=\"has-text-align-justify\">A afina\u00e7\u00e3o da aerodin\u00e2mica tamb\u00e9m aumenta o desempenho geral em termos de din\u00e2mica longitudinal e lateral. Neste dom\u00ednio, os especialistas de aerodin\u00e2mica e de din\u00e2mica de condu\u00e7\u00e3o trabalharam em conjunto. O renovado para-choques dianteiro \u00e9 ainda mais imponente. Integra defletores de ar adicionais, constru\u00eddos em fibra de carbono, instalados em redor das entradas de ar laterais alargadas. O perfil aerodin\u00e2mico ativo na sec\u00e7\u00e3o inferior da carro\u00e7aria, o sistema ativo de controlo de ar AIRPANEL no para-choques dianteiro e o pack de aerodin\u00e2mica com um spoiler traseiro fixo na porta da bagageira tamb\u00e9m est\u00e3o inclu\u00eddos de s\u00e9rie. A for\u00e7a aerodin\u00e2mica ascendente no eixo dianteiro foi reduzida em mais de 30 quilogramas. Isto resulta num comportamento da dire\u00e7\u00e3o ainda mais preciso. O AMG GT 63 PRO tamb\u00e9m inclui defletores de ar adicionais na sec\u00e7\u00e3o inferior da carro\u00e7aria &#8211; semelhantes aos utilizados no Mercedes-AMG ONE. Estas aletas, que est\u00e3o instaladas \u00e0 altura dos eixos dianteiro e traseiro, aceleram o escoamento do ar na sec\u00e7\u00e3o inferior da carro\u00e7aria. Todas as solu\u00e7\u00f5es s\u00e3o coordenadas e interagem com a asa traseira, que aumenta a for\u00e7a aerodin\u00e2mica descendente no eixo traseiro em cerca de 15 quilogramas.<\/p>\n\n\n\n<p><strong>Trav\u00f5es cer\u00e2micos robustos, jantes forjadas de 21 polegadas e pneus de competi\u00e7\u00e3o sem custo adicional<\/strong><\/p>\n\n\n\n<p class=\"has-text-align-justify\">O sistema de trav\u00f5es comp\u00f3sitos cer\u00e2micos de elevado desempenho da AMG, de s\u00e9rie, com pin\u00e7as fixas de seis \u00eambolos no eixo dianteiro e pin\u00e7as flutuantes de um \u00eambolo no eixo traseiro, est\u00e1 equipado com discos de 420 mm no eixo dianteiro. Estes s\u00e3o atualmente os discos de trav\u00e3o cer\u00e2micos de s\u00e9rie de maiores dimens\u00f5es dispon\u00edveis da Mercedes-AMG. Tal como no desporto autom\u00f3vel, o lado posterior dos discos de trav\u00e3o desportivos \u00e9 constru\u00eddo em tit\u00e2nio leve e de elevada resist\u00eancia. Este sistema de travagem permite reduzir o peso do ve\u00edculo, particularmente as massas n\u00e3o amortecidas. Outras vantagens s\u00e3o a sua durabilidade ainda maior e a resist\u00eancia \u00e0 fadiga em caso de travagens fortes, o que garante tempos de volta r\u00e1pidos. O sistema de travagem tamb\u00e9m se destaca com um bom ciclo de vida e uma resposta particularmente r\u00e1pida. Estes s\u00e3o tamb\u00e9m fatores importantes para um elevado n\u00edvel de seguran\u00e7a no dia a dia na estrada.<\/p>\n\n\n\n<p class=\"has-text-align-justify\">As jantes de liga leve forjadas de 21 polegadas e de baixo peso da AMG, com design em raios cruzados, s\u00e3o pintadas na cor cinzento Himalaya mate. Est\u00e3o equipadas de s\u00e9rie com pneus Michelin Pilot Sport 5. Os pneus de competi\u00e7\u00e3o Michelin Pilot Sport Cup 2R est\u00e3o dispon\u00edveis como op\u00e7\u00e3o sem custo adicional. No eixo dianteiro est\u00e3o instalados pneus 295\/30 ZR 21, enquanto no eixo traseiro os pneus t\u00eam medidas 305\/30 ZR 21.<\/p>\n\n\n\n<p><strong>Sensa\u00e7\u00e3o de desporto autom\u00f3vel no exterior e no interior<\/strong><\/p>\n\n\n\n<p class=\"has-text-align-justify\">O pack exterior em fibra de carbono AMG de s\u00e9rie, com repartidor dianteiro, frisos de revestimento nas prote\u00e7\u00f5es das embaladeiras laterais, difusor e asa traseira em fibra de carbono de alta qualidade, destaca a liga\u00e7\u00e3o do modelo ao desporto autom\u00f3vel. As pin\u00e7as de trav\u00e3o pintadas de preto, os bancos AMG Performance com forte apoio lateral e o volante AMG Performance revestido em pele Nappa\/microfibra MICROCUT tamb\u00e9m est\u00e3o inclu\u00eddos de s\u00e9rie.<\/p>\n\n\n\n<p><strong>Resumo dos dados t\u00e9cnicos<\/strong><\/p>\n\n\n\n<figure class=\"wp-block-table\"><table><tbody><tr><td><strong>&nbsp;<\/strong><\/td><td><strong>&nbsp;<\/strong><\/td><td>Mercedes-AMG GT 63 PRO 4MATIC+<\/td><\/tr><tr><td>Motor<\/td><td>&nbsp;<\/td><td>Oito cilindros dispostos em V, com inje\u00e7\u00e3o direta e dupla sobrealimenta\u00e7\u00e3o<\/td><\/tr><tr><td>Cilindrada<\/td><td>cm<sup>3<\/sup><\/td><td>3982<\/td><\/tr><tr><td>Pot\u00eancia m\u00e1xima<\/td><td>kW\/CV<strong><\/strong><\/td><td>450\/612<strong><\/strong><\/td><\/tr><tr><td>\u00e0s<\/td><td>1\/min<\/td><td>5500-6500<strong><\/strong><\/td><\/tr><tr><td>Bin\u00e1rio m\u00e1ximo<\/td><td>Nm<\/td><td>850<\/td><\/tr><tr><td>\u00e0s<\/td><td>1\/min<\/td><td>2350-5000<\/td><\/tr><tr><td>Transmiss\u00e3o<\/td><td>&nbsp;<\/td><td>Sistema de tra\u00e7\u00e3o integral totalmente vari\u00e1vel AMG Performance 4MATIC+<\/td><\/tr><tr><td>Caixa de velocidades<\/td><td>&nbsp;<\/td><td>AMG SPEEDSHIFT MCT 9G<\/td><\/tr><tr><td>Acelera\u00e7\u00e3o 0-100 km\/h<\/td><td>s<\/td><td>3,2<\/td><\/tr><tr><td>Velocidade m\u00e1xima<\/td><td>km\/h<\/td><td>317<\/td><\/tr><tr><td>Consumo de energia em ciclo combinado<a href=\"#_ftn2\" id=\"_ftnref2\">[2]<\/a><\/td><td>l\/100 km<\/td><td>14,1<\/td><\/tr><tr><td>Emiss\u00f5es de CO<sub>2 <\/sub>em ciclo combinado<sup>2<\/sup><\/td><td>g\/km<\/td><td>319<\/td><\/tr><tr><td>Classe de emiss\u00f5es de CO<sub>2<\/sub><\/td><td>&nbsp;<\/td><td>G<\/td><\/tr><\/tbody><\/table><\/figure>\n\n\n\n<hr class=\"wp-block-separator has-alpha-channel-opacity\" \/>\n\n\n\n<p class=\"has-text-align-justify\"><a href=\"#_ftnref1\" id=\"_ftn1\"><sup>[1]<\/sup><\/a> Os dados fornecidos s\u00e3o provis\u00f3rios e foram determinados internamente de acordo com o m\u00e9todo de certifica\u00e7\u00e3o utilizado no procedimento WLTP. A homologa\u00e7\u00e3o CE e o certificado de conformidade com os valores oficiais ainda n\u00e3o est\u00e3o dispon\u00edveis. \u00c9 poss\u00edvel que existam diferen\u00e7as entre os valores declarados e os valores oficiais.<\/p>\n\n\n\n<p class=\"has-text-align-justify\"><a href=\"#_ftnref2\" id=\"_ftn2\"><sup>[2]<\/sup><\/a><sup> <\/sup>Os dados fornecidos s\u00e3o provis\u00f3rios e foram determinados internamente de acordo com o m\u00e9todo de certifica\u00e7\u00e3o utilizado no procedimento WLTP. A homologa\u00e7\u00e3o CE e o certificado de conformidade com os valores oficiais ainda n\u00e3o est\u00e3o dispon\u00edveis. \u00c9 poss\u00edvel que existam diferen\u00e7as entre os valores declarados e os valores oficiais.<\/p>\n","protected":false},"excerpt":{"rendered":"<p>Pot\u00eancia m\u00e1xima: a pot\u00eancia de 612 CV de um motor de 4.0 litros V8 biturbo assegura um elevado poder de arranque Aerodin\u00e2mica otimizada: os componentes independentes da carro\u00e7aria reduzem ainda mais a for\u00e7a aerodin\u00e2mica ascendente Melhoria do arrefecimento: maior dissipa\u00e7\u00e3o de calor gra\u00e7as \u00e0s entradas de ar adicionais e aos elementos ativos de arrefecimento A [&hellip;]<\/p>\n","protected":false},"author":2,"featured_media":8085,"comment_status":"closed","ping_status":"open","sticky":false,"template":"","format":"standard","meta":{"_editorskit_title_hidden":false,"_editorskit_reading_time":0,"_editorskit_is_block_options_detached":false,"_editorskit_block_options_position":"{}","om_disable_all_campaigns":false,"_monsterinsights_skip_tracking":false,"_monsterinsights_sitenote_active":false,"_monsterinsights_sitenote_note":"","_monsterinsights_sitenote_category":0,"_uf_show_specific_survey":0,"_uf_disable_surveys":false,"site-sidebar-layout":"default","site-content-layout":"","ast-site-content-layout":"default","site-content-style":"default","site-sidebar-style":"default","ast-global-header-display":"","ast-banner-title-visibility":"","ast-main-header-display":"","ast-hfb-above-header-display":"","ast-hfb-below-header-display":"","ast-hfb-mobile-header-display":"","site-post-title":"","ast-breadcrumbs-content":"","ast-featured-img":"","footer-sml-layout":"","theme-transparent-header-meta":"","adv-header-id-meta":"","stick-header-meta":"","header-above-stick-meta":"","header-main-stick-meta":"","header-below-stick-meta":"","astra-migrate-meta-layouts":"set","ast-page-background-enabled":"default","ast-page-background-meta":{"desktop":{"background-color":"","background-image":"","background-repeat":"repeat","background-position":"center center","background-size":"auto","background-attachment":"scroll","background-type":"","background-media":"","overlay-type":"","overlay-color":"","overlay-opacity":"","overlay-gradient":""},"tablet":{"background-color":"","background-image":"","background-repeat":"repeat","background-position":"center center","background-size":"auto","background-attachment":"scroll","background-type":"","background-media":"","overlay-type":"","overlay-color":"","overlay-opacity":"","overlay-gradient":""},"mobile":{"background-color":"","background-image":"","background-repeat":"repeat","background-position":"center center","background-size":"auto","background-attachment":"scroll","background-type":"","background-media":"","overlay-type":"","overlay-color":"","overlay-opacity":"","overlay-gradient":""}},"ast-content-background-meta":{"desktop":{"background-color":"var(--ast-global-color-5)","background-image":"","background-repeat":"repeat","background-position":"center center","background-size":"auto","background-attachment":"scroll","background-type":"","background-media":"","overlay-type":"","overlay-color":"","overlay-opacity":"","overlay-gradient":""},"tablet":{"background-color":"var(--ast-global-color-5)","background-image":"","background-repeat":"repeat","background-position":"center center","background-size":"auto","background-attachment":"scroll","background-type":"","background-media":"","overlay-type":"","overlay-color":"","overlay-opacity":"","overlay-gradient":""},"mobile":{"background-color":"var(--ast-global-color-5)","background-image":"","background-repeat":"repeat","background-position":"center center","background-size":"auto","background-attachment":"scroll","background-type":"","background-media":"","overlay-type":"","overlay-color":"","overlay-opacity":"","overlay-gradient":""}},"footnotes":""},"categories":[13],"tags":[],"class_list":["post-8084","post","type-post","status-publish","format-standard","has-post-thumbnail","hentry","category-comercio"],"aioseo_notices":[],"_links":{"self":[{"href":"https:\/\/contarotacoes.com\/index.php?rest_route=\/wp\/v2\/posts\/8084","targetHints":{"allow":["GET"]}}],"collection":[{"href":"https:\/\/contarotacoes.com\/index.php?rest_route=\/wp\/v2\/posts"}],"about":[{"href":"https:\/\/contarotacoes.com\/index.php?rest_route=\/wp\/v2\/types\/post"}],"author":[{"embeddable":true,"href":"https:\/\/contarotacoes.com\/index.php?rest_route=\/wp\/v2\/users\/2"}],"replies":[{"embeddable":true,"href":"https:\/\/contarotacoes.com\/index.php?rest_route=%2Fwp%2Fv2%2Fcomments&post=8084"}],"version-history":[{"count":1,"href":"https:\/\/contarotacoes.com\/index.php?rest_route=\/wp\/v2\/posts\/8084\/revisions"}],"predecessor-version":[{"id":8086,"href":"https:\/\/contarotacoes.com\/index.php?rest_route=\/wp\/v2\/posts\/8084\/revisions\/8086"}],"wp:featuredmedia":[{"embeddable":true,"href":"https:\/\/contarotacoes.com\/index.php?rest_route=\/wp\/v2\/media\/8085"}],"wp:attachment":[{"href":"https:\/\/contarotacoes.com\/index.php?rest_route=%2Fwp%2Fv2%2Fmedia&parent=8084"}],"wp:term":[{"taxonomy":"category","embeddable":true,"href":"https:\/\/contarotacoes.com\/index.php?rest_route=%2Fwp%2Fv2%2Fcategories&post=8084"},{"taxonomy":"post_tag","embeddable":true,"href":"https:\/\/contarotacoes.com\/index.php?rest_route=%2Fwp%2Fv2%2Ftags&post=8084"}],"curies":[{"name":"wp","href":"https:\/\/api.w.org\/{rel}","templated":true}]}}