{"id":7272,"date":"2024-06-13T19:03:09","date_gmt":"2024-06-13T19:03:09","guid":{"rendered":"https:\/\/contarotacoes.com\/?p=7272"},"modified":"2024-06-13T19:03:10","modified_gmt":"2024-06-13T19:03:10","slug":"luis-martins-espero-que-o-novo-carro-nos-de-alegrias-ja-em-santa-marta","status":"publish","type":"post","link":"https:\/\/contarotacoes.com\/?p=7272","title":{"rendered":"Lu\u00eds Martins: \u201cespero que o novo carro nos d\u00ea alegrias j\u00e1 em Santa Marta\u201d"},"content":{"rendered":"\n<p class=\"has-text-align-justify\"><strong>Novo carro e decora\u00e7\u00e3o renovada. \u00c9 toda uma \u201ccara lavada\u201d aquela que Lu\u00eds Martins vai apresentar na 9\u00aa Rampa de Santa Marta de Penagui\u00e3o, segunda apari\u00e7\u00e3o do piloto no Campeonato de Portugal de Montanha JC Group 2024. O piloto de S\u00e3o pedro do Sul est\u00e1 reparado para a sua estreia na \u201dSerpente do Douro\u201d e quer estar na luta pelo p\u00f3dio dos Turismo 3.<\/strong><\/p>\n\n\n\n<p class=\"has-text-align-justify\">A aposta continua a ser num Peugeot 208 VTI R2. Mas, um diferente, adquirido em Espanha, depois de Lu\u00eds Martins e a sua equipa t\u00e9cnica terem considerado que <strong>\u201csendo muita a nossa insatisfa\u00e7\u00e3o com a menor performance do carro que utiliz\u00e1vamos, n\u00e3o nos restava outra coisa que n\u00e3o fosse ir em busca de uma solu\u00e7\u00e3o melhor\u201d<\/strong>.<\/p>\n\n\n\n<p class=\"has-text-align-justify\">De forma c\u00e9lere, foram capazes de identificar um carro em terras espanholas e, num \u00e1pice, Martins concretizou a aquisi\u00e7\u00e3o, depois de <strong>\u201ctermos estudado o carro e percebido num pequeno teste que, mesmo sem afina\u00e7\u00f5es e trabalho de desenvolvimento, j\u00e1 nos dava mais garantias de sermos competitivos\u201d<\/strong>, assumindo que <strong>\u201cSanta Marta ser\u00e1 o primeiro verdadeiro teste, onde poderemos trabalhar de forma profunda as afina\u00e7\u00f5es\u201d<\/strong>.<\/p>\n\n\n\n<p class=\"has-text-align-justify\">O piloto de S. Pedro do Sul j\u00e1 teve o primeiro contato com o desafiante tra\u00e7ado duriense<strong>: \u201cquis conhecer a rampa, embora obviamente de forma informal e aos comandos de um carro normal e respeitando as regras. Realmente, \u00e9 uma rampa muito gira, curta, mas bem mais intuitiva do que o tra\u00e7ado de Mur\u00e7a, indo muito de encontro \u00e0s minhas caracter\u00edsticas e \u00e0 minha experi\u00eancia nos ralis\u201d<\/strong>.<\/p>\n\n\n\n<p class=\"has-text-align-justify\">E, mesmo assumindo que o seu desconhecimento da rampa \u00e9 um handicap que ter\u00e1 de suplantar, face a muitos advers\u00e1rios que j\u00e1 l\u00e1 correram, Lu\u00eds Martins assume que <strong>\u201cqueremos fazer melhor do que em Mur\u00e7a. Obviamente, teremos algumas cautelas, para ver como o carros e comporta, mas darei tudo nas subidas de prova para estar na luta pelos lugares de p\u00f3dio da Divis\u00e3o Turismo 3, mesmo sabendo que ser\u00e3o muito se bons os que estar\u00e3o na prova com o mesmo intuito. Vai ser uma luta digna de se ver!\u201d<\/strong>.<\/p>\n\n\n\n<p class=\"has-text-align-justify\">A edi\u00e7\u00e3o 2024 da Rampa de Santa Marta de Penagui\u00e3o arrancar\u00e1 \u00e0s 10.00 horas de s\u00e1bado, com a 1\u00aa Subida de Treinos, seguindo-a a 2\u00aa Subida de Treinos e terminando o programa do primeiro dia com a 1\u00aa Subida de Prova do fim-de-semana.<\/p>\n\n\n\n<p class=\"has-text-align-justify\">No domingo, derradeiro dia da rampa organizada pelo Clube Autom\u00f3vel da R\u00e9gua, o Warm-up de abertura tem arranque marcado para as 9.30 horas, seguindo-se a 3\u00aa Subida de Treinos e fechando, como habitualmente, com as decisivas 2\u00aa e 3\u00aa Subidas de Prova, antes da cerim\u00f3nia protocolar de encerramento decorrer no cora\u00e7\u00e3o de Santa Marta de Penagui\u00e3o.<\/p>\n","protected":false},"excerpt":{"rendered":"<p>Novo carro e decora\u00e7\u00e3o renovada. \u00c9 toda uma \u201ccara lavada\u201d aquela que Lu\u00eds Martins vai apresentar na 9\u00aa Rampa de Santa Marta de Penagui\u00e3o, segunda apari\u00e7\u00e3o do piloto no Campeonato de Portugal de Montanha JC Group 2024. O piloto de S\u00e3o pedro do Sul est\u00e1 reparado para a sua estreia na \u201dSerpente do Douro\u201d e [&hellip;]<\/p>\n","protected":false},"author":2,"featured_media":7273,"comment_status":"closed","ping_status":"open","sticky":false,"template":"","format":"standard","meta":{"_editorskit_title_hidden":false,"_editorskit_reading_time":0,"_editorskit_is_block_options_detached":false,"_editorskit_block_options_position":"{}","om_disable_all_campaigns":false,"_monsterinsights_skip_tracking":false,"_monsterinsights_sitenote_active":false,"_monsterinsights_sitenote_note":"","_monsterinsights_sitenote_category":0,"_uf_show_specific_survey":0,"_uf_disable_surveys":false,"site-sidebar-layout":"default","site-content-layout":"","ast-site-content-layout":"default","site-content-style":"default","site-sidebar-style":"default","ast-global-header-display":"","ast-banner-title-visibility":"","ast-main-header-display":"","ast-hfb-above-header-display":"","ast-hfb-below-header-display":"","ast-hfb-mobile-header-display":"","site-post-title":"","ast-breadcrumbs-content":"","ast-featured-img":"","footer-sml-layout":"","theme-transparent-header-meta":"","adv-header-id-meta":"","stick-header-meta":"","header-above-stick-meta":"","header-main-stick-meta":"","header-below-stick-meta":"","astra-migrate-meta-layouts":"set","ast-page-background-enabled":"default","ast-page-background-meta":{"desktop":{"background-color":"","background-image":"","background-repeat":"repeat","background-position":"center center","background-size":"auto","background-attachment":"scroll","background-type":"","background-media":"","overlay-type":"","overlay-color":"","overlay-opacity":"","overlay-gradient":""},"tablet":{"background-color":"","background-image":"","background-repeat":"repeat","background-position":"center center","background-size":"auto","background-attachment":"scroll","background-type":"","background-media":"","overlay-type":"","overlay-color":"","overlay-opacity":"","overlay-gradient":""},"mobile":{"background-color":"","background-image":"","background-repeat":"repeat","background-position":"center center","background-size":"auto","background-attachment":"scroll","background-type":"","background-media":"","overlay-type":"","overlay-color":"","overlay-opacity":"","overlay-gradient":""}},"ast-content-background-meta":{"desktop":{"background-color":"var(--ast-global-color-5)","background-image":"","background-repeat":"repeat","background-position":"center center","background-size":"auto","background-attachment":"scroll","background-type":"","background-media":"","overlay-type":"","overlay-color":"","overlay-opacity":"","overlay-gradient":""},"tablet":{"background-color":"var(--ast-global-color-5)","background-image":"","background-repeat":"repeat","background-position":"center center","background-size":"auto","background-attachment":"scroll","background-type":"","background-media":"","overlay-type":"","overlay-color":"","overlay-opacity":"","overlay-gradient":""},"mobile":{"background-color":"var(--ast-global-color-5)","background-image":"","background-repeat":"repeat","background-position":"center center","background-size":"auto","background-attachment":"scroll","background-type":"","background-media":"","overlay-type":"","overlay-color":"","overlay-opacity":"","overlay-gradient":""}},"footnotes":""},"categories":[11],"tags":[],"class_list":["post-7272","post","type-post","status-publish","format-standard","has-post-thumbnail","hentry","category-noticias"],"aioseo_notices":[],"_links":{"self":[{"href":"https:\/\/contarotacoes.com\/index.php?rest_route=\/wp\/v2\/posts\/7272","targetHints":{"allow":["GET"]}}],"collection":[{"href":"https:\/\/contarotacoes.com\/index.php?rest_route=\/wp\/v2\/posts"}],"about":[{"href":"https:\/\/contarotacoes.com\/index.php?rest_route=\/wp\/v2\/types\/post"}],"author":[{"embeddable":true,"href":"https:\/\/contarotacoes.com\/index.php?rest_route=\/wp\/v2\/users\/2"}],"replies":[{"embeddable":true,"href":"https:\/\/contarotacoes.com\/index.php?rest_route=%2Fwp%2Fv2%2Fcomments&post=7272"}],"version-history":[{"count":1,"href":"https:\/\/contarotacoes.com\/index.php?rest_route=\/wp\/v2\/posts\/7272\/revisions"}],"predecessor-version":[{"id":7274,"href":"https:\/\/contarotacoes.com\/index.php?rest_route=\/wp\/v2\/posts\/7272\/revisions\/7274"}],"wp:featuredmedia":[{"embeddable":true,"href":"https:\/\/contarotacoes.com\/index.php?rest_route=\/wp\/v2\/media\/7273"}],"wp:attachment":[{"href":"https:\/\/contarotacoes.com\/index.php?rest_route=%2Fwp%2Fv2%2Fmedia&parent=7272"}],"wp:term":[{"taxonomy":"category","embeddable":true,"href":"https:\/\/contarotacoes.com\/index.php?rest_route=%2Fwp%2Fv2%2Fcategories&post=7272"},{"taxonomy":"post_tag","embeddable":true,"href":"https:\/\/contarotacoes.com\/index.php?rest_route=%2Fwp%2Fv2%2Ftags&post=7272"}],"curies":[{"name":"wp","href":"https:\/\/api.w.org\/{rel}","templated":true}]}}