{"id":7248,"date":"2024-06-13T18:31:03","date_gmt":"2024-06-13T18:31:03","guid":{"rendered":"https:\/\/contarotacoes.com\/?p=7248"},"modified":"2024-06-13T18:31:06","modified_gmt":"2024-06-13T18:31:06","slug":"a-emocao-do-supercars-jarama-race-no-jarama-classic","status":"publish","type":"post","link":"https:\/\/contarotacoes.com\/?p=7248","title":{"rendered":"A emo\u00e7\u00e3o do Supercars Jarama RACE no Jarama Classic"},"content":{"rendered":"\n<p class=\"has-text-align-justify\">Realiza-se no pr\u00f3ximo fim-de-semana no Circuito de Madrid Jarama \u2013 RACE a segunda ronda do Supercars Jarama RACE, a nova competi\u00e7\u00e3o da Race Ready com \u00edndole espanhol, que na sua primeira prova exclusiva, o Jarama Classic, apresenta uma forte lista de inscritos com quase vinte inscritos.<\/p>\n\n\n\n<p class=\"has-text-align-justify\">Este ano estreia-se nas pistas o Supercars Jarama RACE e se na sua primeira etapa, efectuada em Maio no Circuito de Jerez, era acompanhada <a><\/a>pelos seus \u2018irm\u00e3os mais velhos\u2019 \u2013 Iberian Supercars e Campeonato de Portugal de Velocidade \u2013, na sua segunda etapa ter\u00e1 o seu evento exclusivo, o aguardado Jarama Classic.<\/p>\n\n\n\n<p class=\"has-text-align-justify\">Os muitos adeptos que se esperam no Circuito de Madrid Jarama \u2013 RACE poder\u00e3o encontrar um pelot\u00e3o com dezanove carros de tr\u00eas categorias, sete divis\u00f5es e equipas e pilotos oriundos de Espanha, Portugal e Reinos Unido, que prometem muita emo\u00e7\u00e3o e lutas na m\u00edtica pista situada em Madrid.<\/p>\n\n\n\n<p class=\"has-text-align-justify\">Na GT4 esperam-se intensas batalhas em todas as divis\u00f5es protagonizado pela grande rivalidade que op\u00f5e a Mercedes \u00e0 BMW, a ser um dos grandes motivos de interesse, com a McLaren a entrar tamb\u00e9m no jogo.<\/p>\n\n\n\n<p class=\"has-text-align-justify\">Na GT4 Pro ser\u00e3o dois carros b\u00e1varos contra tr\u00eas de Estugarda em li\u00e7a, com Nerea Mart\u00ed e Jos\u00e9 de los Milagros, no M4 GT4 (G82) da BMW Motorsport Espa\u00f1a, a desejar manter as boas presta\u00e7\u00f5es que evidenciaram em Jerez, ao passo que S\u00e9rgio Azevedo e Orlando Batina, no M4 GT4 (F82) da Batina Racing, esperam poder prosseguir o bom in\u00edcio de temporada nesta sua incurs\u00e3o pela prova direccionada para o automobilismo espanhol.<\/p>\n\n\n\n<p class=\"has-text-align-justify\">Depois de um arranque mais desafiante do que o esperado os homens da NM Racing Team esperam uma melhoria dos resultados, com Guillermo Aso e Filip Vava, num dos Mercedes AMG GT4 da equipa, e Alba Cano e Andy Cantu, em outro, mostrando-se determinados em se bater pelos lugares do p\u00f3dio.<\/p>\n\n\n\n<p class=\"has-text-align-justify\">A Team VRT teve um in\u00edcio muito positivo em Jerez, tendo Salvador Tineo e Luis Gonz\u00e1lez mostrado competitividade e consist\u00eancia aos comandos do seu Mercedes AMG, que esperam traduzir em resultados em Jarama.<\/p>\n\n\n\n<p class=\"has-text-align-justify\">Na GT4 Bronze, uma vez mais, teremos um duelo entre m\u00e1quinas de Estugarda e de Munique. Alberto de Mart\u00edn e Nil Montserrat mostraram competitividade no primeiro evento do ano, no Mercedes AMG da NM Racing Team, mas foi o BMW M4 GT4 (F82) da Autoworks Motorsport partilhado por Borja Hormigos e H\u00e9ctor Hern\u00e1ndez, que jogam em casa, a levar a melhor na primeira corrida, ainda que com um grande sentido de oportunidade.<\/p>\n\n\n\n<p class=\"has-text-align-justify\">Gabriela Correia ser\u00e1 a representante portuguesa na divis\u00e3o e, depois, de algumas contrariedades em Jerez, vai para Jarama determinada em ter um fim-de-semana sem sobressaltos e mostrar o seu verdadeiro potencial. A jovem portuguesa do Mercedes AMG da JC Group Racing Team, desta feita operado pela Veloso Motorsport, estrear-se-\u00e1 na exigente pista de Madrid, sendo um dos motivos de interesse seguir a sua evolu\u00e7\u00e3o.<\/p>\n\n\n\n<p class=\"has-text-align-justify\">Na GT4 Am ser\u00e3o tr\u00eas marcas a baterem-se pelo triunfo \u2013 BMW, McLaren e Mercedes. Keith Gatehouse e Igor Sorokin, dificilmente poderiam ter um melhor debute na competi\u00e7\u00e3o, tendo conquistado um triunfo e um segundo lugar em Jerez.<\/p>\n\n\n\n<p class=\"has-text-align-justify\">O duo do Mercedes AMG da NM Racing Team, que n\u00e3o conhecem nenhum dos circuitos do campeonato, em Jerez ter\u00e3o a concorr\u00eancia do BMW da Promotion Motorsport, dividido por Sm\u00f6rg e Javier Macias, e do McLaren 570S GT4 da McLaren Barcelona &#8211; SMC Motorsport que ser\u00e1 entregue a Rafael Muncharaz.<\/p>\n\n\n\n<p class=\"has-text-align-justify\">Na categoria de Turismo a RX Pro Racing \u00e9 a grande novidade, sendo uma estreia nas competi\u00e7\u00f5es da Race Ready. A forma\u00e7\u00e3o espanhola inscrever\u00e1 dois carros na divis\u00e3o TCR \u2013 um Hyundai I30 TCR para Busi\u00e1n Font\u00e1n e Samuel G\u00f3mez e um Peugeot 308 Racing Cup para Manuel Ca\u00f1izares e Pedro Herraiz.<\/p>\n\n\n\n<p class=\"has-text-align-justify\">A Monteiros Competi\u00e7\u00f5es ser\u00e1 tamb\u00e9m um factor a ter em conta na luta pelas honras nos Turismos, com um \u00e1gil Ginetta G40 inscrito para Nuno Teixeira, que poder\u00e1 dar-se muito bem no selectivo tra\u00e7ado de Jarama.<\/p>\n\n\n\n<p class=\"has-text-align-justify\">Na categoria GTC, dedicadas a GT4 sem homologa\u00e7\u00e3o (GTX) e aos Porsche 911 que participaram nos trof\u00e9us monomarca do construtor alem\u00e3o (Cup), ser\u00e3o os Ginetta e os Porsche os protagonistas.<\/p>\n\n\n\n<p class=\"has-text-align-justify\">A Tockwith Motorsports coloca em pista dois G55 GT4 \u2013 um para Steve Kirton e Jonathan Elsworth e outro para Jemma Moore \u2013 e um G50 para Simon Moore e Tom\u00e1s Pinto Abreu, sendo garantida uma intensa luta interna pelas melhores posi\u00e7\u00f5es.<\/p>\n\n\n\n<p class=\"has-text-align-justify\">A forma\u00e7\u00e3o inglesa ter\u00e1 ainda em pista um Porsche 911 para Marcus Fothergill e Dave Benett que na divis\u00e3o Cup ter\u00e3o forte oposi\u00e7\u00e3o da parte de Rui Miritta, num carro de Zuffenhausen operado pela Monteiros Competi\u00e7\u00f5es, que venceu a divis\u00e3o em ambas as provas de Jerez.<\/p>\n\n\n\n<p class=\"has-text-align-justify\">Como se percebe, as duas corridas previstas para a pista espanhola prometem muitas lutas e elevar os n\u00edveis de adrenalina, mas s\u00e3o muitos os motivos de interesse do Jarama Classic, o evento onde se integra a segunda ronda do Supercars Jarama RACE.<\/p>\n\n\n\n<p class=\"has-text-align-justify\">Os adeptos ter\u00e3o a possibilidade celebrar a heran\u00e7a automobil\u00edstica e a cultura de cada \u00e9poca. Num ambiente agrad\u00e1vel para toda a fam\u00edlia desfrutar, os f\u00e3s e entusiastas ter\u00e3o acesso ao paddock e, assim, a ocasi\u00e3o de admirar de perto carros de competi\u00e7\u00e3o de outros tempos, podendo comparar o passado com presente e perceber como a tecnologia evoluiu ao longo dos anos. Existe tamb\u00e9m a oportunidade de usufruir de actividades interactivas como simuladores, karting e insufl\u00e1veis para os mais novos. A BMW M estar\u00e1 presente no paddock com actividades para crian\u00e7as e adultos, assim como a NAPA, a reputada marca norte-americana de pe\u00e7as para autom\u00f3vel.<\/p>\n\n\n\n<p class=\"has-text-align-justify\">Os bilhetes para o paddock poder\u00e3o ser adquiridos no site oficial do circuito, em <a href=\"https:\/\/l.facebook.com\/l.php?u=https%3A%2F%2Fjarama.org%2F%3Ffbclid%3DIwZXh0bgNhZW0CMTAAAR31IdLq7bhmQfCcub7nVoR-qp9SwXjxg2IYELz481k4uH2PfS0pWpqwVvs_aem_AZFh5AKF8-Dna5OsYNGUW6aspCwWFJutKdAf8XBMT_XZ2ZrNkcn3HJw45jj7rL6RVNcDi6bsyEzRhnNb6Xjg7mjN&amp;h=AT1F1jaBZiHYh7iweSaVGALe4nLVtW0EvysKln0iPHuenoeZUCn6YRd_jPN5_XW7-LpNtMHrPeTQC90go4HHESwhI7s6NqOI-u5cCY6Mm5amxC01xGgKzOgQJr-ElcEbrzpNyVUJG5Vj-I0Uug&amp;__tn__=-UK-R&amp;c[0]=AT1XMrmh7G4crie9cYBiHfQz3GEe_HW3uKKsU_DPgT-6x0uFdzGAC8LGKVvmdJceaPGX1jds5L1iyprPfqEbeguD-z-4kxJtbt14NaaqQzHX0bIW5HqcuFlj70bxqSmNiTHff-ltkFJbhoyLjzE5_pWiic1spZljONoQRxEF8TidKR-HgnIMHHx8u4Wi8xoIkp_hpQ6VPIoPi2uo-LD18WPjQu_U1TSv3Rd4\" rel=\"noreferrer noopener\" target=\"_blank\">jarama.org.<\/a> No domingo as corridas ter\u00e3o transmitidas nas redes sociais, Facebook e Youtube, da Race Ready, na DAZN, em Espanha, e na A Bola TV, Portugal.<\/p>\n","protected":false},"excerpt":{"rendered":"<p>Realiza-se no pr\u00f3ximo fim-de-semana no Circuito de Madrid Jarama \u2013 RACE a segunda ronda do Supercars Jarama RACE, a nova competi\u00e7\u00e3o da Race Ready com \u00edndole espanhol, que na sua primeira prova exclusiva, o Jarama Classic, apresenta uma forte lista de inscritos com quase vinte inscritos. Este ano estreia-se nas pistas o Supercars Jarama RACE [&hellip;]<\/p>\n","protected":false},"author":2,"featured_media":7249,"comment_status":"closed","ping_status":"open","sticky":false,"template":"","format":"standard","meta":{"_editorskit_title_hidden":false,"_editorskit_reading_time":0,"_editorskit_is_block_options_detached":false,"_editorskit_block_options_position":"{}","om_disable_all_campaigns":false,"_monsterinsights_skip_tracking":false,"_monsterinsights_sitenote_active":false,"_monsterinsights_sitenote_note":"","_monsterinsights_sitenote_category":0,"_uf_show_specific_survey":0,"_uf_disable_surveys":false,"site-sidebar-layout":"default","site-content-layout":"","ast-site-content-layout":"default","site-content-style":"default","site-sidebar-style":"default","ast-global-header-display":"","ast-banner-title-visibility":"","ast-main-header-display":"","ast-hfb-above-header-display":"","ast-hfb-below-header-display":"","ast-hfb-mobile-header-display":"","site-post-title":"","ast-breadcrumbs-content":"","ast-featured-img":"","footer-sml-layout":"","theme-transparent-header-meta":"","adv-header-id-meta":"","stick-header-meta":"","header-above-stick-meta":"","header-main-stick-meta":"","header-below-stick-meta":"","astra-migrate-meta-layouts":"set","ast-page-background-enabled":"default","ast-page-background-meta":{"desktop":{"background-color":"","background-image":"","background-repeat":"repeat","background-position":"center center","background-size":"auto","background-attachment":"scroll","background-type":"","background-media":"","overlay-type":"","overlay-color":"","overlay-opacity":"","overlay-gradient":""},"tablet":{"background-color":"","background-image":"","background-repeat":"repeat","background-position":"center center","background-size":"auto","background-attachment":"scroll","background-type":"","background-media":"","overlay-type":"","overlay-color":"","overlay-opacity":"","overlay-gradient":""},"mobile":{"background-color":"","background-image":"","background-repeat":"repeat","background-position":"center center","background-size":"auto","background-attachment":"scroll","background-type":"","background-media":"","overlay-type":"","overlay-color":"","overlay-opacity":"","overlay-gradient":""}},"ast-content-background-meta":{"desktop":{"background-color":"var(--ast-global-color-5)","background-image":"","background-repeat":"repeat","background-position":"center center","background-size":"auto","background-attachment":"scroll","background-type":"","background-media":"","overlay-type":"","overlay-color":"","overlay-opacity":"","overlay-gradient":""},"tablet":{"background-color":"var(--ast-global-color-5)","background-image":"","background-repeat":"repeat","background-position":"center center","background-size":"auto","background-attachment":"scroll","background-type":"","background-media":"","overlay-type":"","overlay-color":"","overlay-opacity":"","overlay-gradient":""},"mobile":{"background-color":"var(--ast-global-color-5)","background-image":"","background-repeat":"repeat","background-position":"center center","background-size":"auto","background-attachment":"scroll","background-type":"","background-media":"","overlay-type":"","overlay-color":"","overlay-opacity":"","overlay-gradient":""}},"footnotes":""},"categories":[11],"tags":[],"class_list":["post-7248","post","type-post","status-publish","format-standard","has-post-thumbnail","hentry","category-noticias"],"aioseo_notices":[],"_links":{"self":[{"href":"https:\/\/contarotacoes.com\/index.php?rest_route=\/wp\/v2\/posts\/7248","targetHints":{"allow":["GET"]}}],"collection":[{"href":"https:\/\/contarotacoes.com\/index.php?rest_route=\/wp\/v2\/posts"}],"about":[{"href":"https:\/\/contarotacoes.com\/index.php?rest_route=\/wp\/v2\/types\/post"}],"author":[{"embeddable":true,"href":"https:\/\/contarotacoes.com\/index.php?rest_route=\/wp\/v2\/users\/2"}],"replies":[{"embeddable":true,"href":"https:\/\/contarotacoes.com\/index.php?rest_route=%2Fwp%2Fv2%2Fcomments&post=7248"}],"version-history":[{"count":1,"href":"https:\/\/contarotacoes.com\/index.php?rest_route=\/wp\/v2\/posts\/7248\/revisions"}],"predecessor-version":[{"id":7250,"href":"https:\/\/contarotacoes.com\/index.php?rest_route=\/wp\/v2\/posts\/7248\/revisions\/7250"}],"wp:featuredmedia":[{"embeddable":true,"href":"https:\/\/contarotacoes.com\/index.php?rest_route=\/wp\/v2\/media\/7249"}],"wp:attachment":[{"href":"https:\/\/contarotacoes.com\/index.php?rest_route=%2Fwp%2Fv2%2Fmedia&parent=7248"}],"wp:term":[{"taxonomy":"category","embeddable":true,"href":"https:\/\/contarotacoes.com\/index.php?rest_route=%2Fwp%2Fv2%2Fcategories&post=7248"},{"taxonomy":"post_tag","embeddable":true,"href":"https:\/\/contarotacoes.com\/index.php?rest_route=%2Fwp%2Fv2%2Ftags&post=7248"}],"curies":[{"name":"wp","href":"https:\/\/api.w.org\/{rel}","templated":true}]}}