{"id":7245,"date":"2024-06-13T18:27:26","date_gmt":"2024-06-13T18:27:26","guid":{"rendered":"https:\/\/contarotacoes.com\/?p=7245"},"modified":"2024-06-13T18:27:28","modified_gmt":"2024-06-13T18:27:28","slug":"barrichello-kanaan-e-piquet-no-estoril","status":"publish","type":"post","link":"https:\/\/contarotacoes.com\/?p=7245","title":{"rendered":"Barrichello, Kanaan e Piquet no Estoril"},"content":{"rendered":"\n<p class=\"has-text-align-justify\">A Porsche Cup C6 Bank regressa este ano a Portugal, com duas provas no Aut\u00f3dromo do Estoril, e trar\u00e1 grande nomes do automobilismo mundial \u2013 vencedores de Grandes Pr\u00e9mios e das 500 Milhas de Indian\u00e1polis.<\/p>\n\n\n\n<p class=\"has-text-align-justify\">O n\u00edvel competitivo e o glamour da maior competi\u00e7\u00e3o de GTs da Am\u00e9rica do Sul s\u00e3o motivos determinantes para seduzir grandes pilotos, que testam a suas capacidades num pelot\u00e3o de elevado n\u00edvel aos comandos de grandes m\u00e1quinas num ambiente <a><\/a>distinto e elegante a que todos os adeptos podem ter acesso atrav\u00e9s do paddock.<\/p>\n\n\n\n<p class=\"has-text-align-justify\">N\u00e3o \u00e9, portanto, de estranhar que alguns dos grandes nomes do automobilismo brasileiro e mundial marquem presen\u00e7a na Porsche Cup C6 Bank.<\/p>\n\n\n\n<p class=\"has-text-align-justify\">Um deles \u00e9 o sobejamente conhecido Rubens Barrichello, piloto que esteve dezanove temporadas na F\u00f3rmula 1, defendendo equipas como a Ferrari, Honda, Brawn, Jordan e Stewart, tendo conquistado onze vit\u00f3rias em Grandes Pr\u00e9mios.<\/p>\n\n\n\n<p class=\"has-text-align-justify\">O piloto brasileiro, que far\u00e1 equipa com Werner Neugebauer no Endurance Challenge, disputou quatro Grandes Pr\u00e9mio de Portugal no Aut\u00f3dromo do Estoril, mostrando-se entusiasmado com o seu regresso ao circuito portugu\u00eas. \u201cFiz muito quil\u00f3metros nesta pista, na F\u00f3rmula 1. Entretanto, teve algumas altera\u00e7\u00f5es na Curva 1 e na Curva 2, mas no geral \u00e9 a pista em que eu andei. Fico muito feliz em voltar. Portugal \u00e9 um pa\u00eds tremendo e vou para l\u00e1 com os bra\u00e7os abertos. \u00c9 a minha primeira prova com o meu novo colega de equipa e vai ser maravilhoso poder dar tudo para colocar o Porsche no primeiro lugar. Espero que haja muito p\u00fablico, temos no campeonato alguns pilotos muito conhecidos e a organiza\u00e7\u00e3o oferece muito ao p\u00fablico. Estou muito feliz, vou at\u00e9 um dia antes para aproveitar\u201c, afirmou o brasileiro que presentemente disputa tamb\u00e9m a Stock Car Brasil.<\/p>\n\n\n\n<p class=\"has-text-align-justify\">Toni Kanaan \u00e9 outro dos nomes globais que marcar\u00e1 presen\u00e7a na ronda do Endurance Challenge do Aut\u00f3dromo do Estoril, piloto que venceu as 500 Milhas de Indian\u00e1polis e foi Campe\u00e3o da IndyCar.<\/p>\n\n\n\n<p class=\"has-text-align-justify\">O brasileiro foi uma das grandes for\u00e7as competitivas da mais importante competi\u00e7\u00e3o de monolugares dos Estados Unidos durante vinte e tr\u00eas temporada, tendo passado pela pista portuguesa no in\u00edcio da sua carreira, quando disputava a F\u00f3rmula GM Lotus. &#8220;A \u00faltima vez que eu corri em Estoril foi em 1993, lembro de ser um tra\u00e7ado muito t\u00e9cnico e selectivo para os pilotos. Por estar a tanto tempo sem andar por l\u00e1, vou fazer boas sess\u00f5es de simulador para reaprender o tra\u00e7ado e as refer\u00eancias\u201d, afirmou Toni Kanaan, que acrescentou: \u201co Carlos Campos, com quem vou fazer equipa, \u00e9 um conhecido desde a minha inf\u00e2ncia. Eu, ele e o H\u00e9lio Castroneves dividimos diversas vezes as pistas e o \u2018Carl\u00e3o\u2019 deu-me muito trabalho na \u00e9poca! Estou feliz por dividir o Porsche com ele na minha primeira corrida do ano, estou muito empolgado!&#8221;<\/p>\n\n\n\n<p class=\"has-text-align-justify\">O sobrenome Piquet \u00e9 um dos mais conhecidos do mundo das corridas, tendo Nelson Piquet conquistado tr\u00eas campeonatos mundiais de F\u00f3rmula 1. O seu filho mais velho, Nelsinho Piquet, seguiu os passos do pai, tendo sido um dos pilotos mais bem-sucedidos da sua \u00e9poca nas categorias de promo\u00e7\u00e3o.<\/p>\n\n\n\n<p class=\"has-text-align-justify\">Depois de ter passado pela categoria m\u00e1xima do desporto autom\u00f3vel, passou ainda pela NASCAR e pelo Campeonato do Mundo de F\u00f3rmula E, disputando presentemente a Stock Car Brasil.<\/p>\n\n\n\n<p class=\"has-text-align-justify\">Nelsinho Piquet, que faz equipa com Rouman Ziemkiewicz, mostra-se entusiasmado com o seu regresso ao Aut\u00f3dromo do Estoril: \u201cPortugal \u00e9 um pa\u00eds maravilhoso, com fortes la\u00e7os com o Brasil. Tem duas pistas fant\u00e1sticas, no Algarve e Estoril, esta \u00faltima com bastante hist\u00f3ria inclusive nas corridas de F\u00f3rmula 1. Desde o an\u00fancio da etapa da Porsche Cup C6 Bank no Estoril, no ano passado, todos fic\u00e1mos muito entusiasmados. Na \u00faltima vez que l\u00e1 estive, fiz a \u2018pole\u2019 e espero termos novamente um bom desempenho. \u00c9 muito positivo correr no Estoril, tanto pela atmosfera do aut\u00f3dromo e entusiasmo dos f\u00e3s portugueses, como do ponto de vista t\u00e9cnico, porque \u00e9 um tra\u00e7ado muito desafiador e seguro, que vai proporcionar emo\u00e7\u00e3o para os pilotos e para quem acompanhar a corrida na pista ou na TV\u201d.<\/p>\n\n\n\n<p class=\"has-text-align-justify\">Um pelot\u00e3o com quarenta Porsches com pilotos de elevado n\u00edvel competitivo j\u00e1 s\u00e3o argumentos mais que suficientes para que os adeptos portugueses se desloquem ao Aut\u00f3dromo do Estoril e nos fins-de-semana de 21 e 22 de Junho e de 29 e 30 de Junho, acrescentando estes tr\u00eas nomes motivos para a visita.<\/p>\n\n\n\n<p class=\"has-text-align-justify\">O acesso \u00e0 Bancada A \u00e9 livre, estando os bilhetes, com um custo de apenas dez euros, dispon\u00edveis no site oficial da competi\u00e7\u00e3o podendo ainda ser adquiridos, no pr\u00f3prio dia, nas bilheteiras do Aut\u00f3dromo do Estoril.<\/p>\n","protected":false},"excerpt":{"rendered":"<p>A Porsche Cup C6 Bank regressa este ano a Portugal, com duas provas no Aut\u00f3dromo do Estoril, e trar\u00e1 grande nomes do automobilismo mundial \u2013 vencedores de Grandes Pr\u00e9mios e das 500 Milhas de Indian\u00e1polis. O n\u00edvel competitivo e o glamour da maior competi\u00e7\u00e3o de GTs da Am\u00e9rica do Sul s\u00e3o motivos determinantes para seduzir [&hellip;]<\/p>\n","protected":false},"author":2,"featured_media":7246,"comment_status":"closed","ping_status":"open","sticky":false,"template":"","format":"standard","meta":{"_editorskit_title_hidden":false,"_editorskit_reading_time":0,"_editorskit_is_block_options_detached":false,"_editorskit_block_options_position":"{}","om_disable_all_campaigns":false,"_monsterinsights_skip_tracking":false,"_monsterinsights_sitenote_active":false,"_monsterinsights_sitenote_note":"","_monsterinsights_sitenote_category":0,"_uf_show_specific_survey":0,"_uf_disable_surveys":false,"site-sidebar-layout":"default","site-content-layout":"","ast-site-content-layout":"default","site-content-style":"default","site-sidebar-style":"default","ast-global-header-display":"","ast-banner-title-visibility":"","ast-main-header-display":"","ast-hfb-above-header-display":"","ast-hfb-below-header-display":"","ast-hfb-mobile-header-display":"","site-post-title":"","ast-breadcrumbs-content":"","ast-featured-img":"","footer-sml-layout":"","theme-transparent-header-meta":"","adv-header-id-meta":"","stick-header-meta":"","header-above-stick-meta":"","header-main-stick-meta":"","header-below-stick-meta":"","astra-migrate-meta-layouts":"set","ast-page-background-enabled":"default","ast-page-background-meta":{"desktop":{"background-color":"","background-image":"","background-repeat":"repeat","background-position":"center center","background-size":"auto","background-attachment":"scroll","background-type":"","background-media":"","overlay-type":"","overlay-color":"","overlay-opacity":"","overlay-gradient":""},"tablet":{"background-color":"","background-image":"","background-repeat":"repeat","background-position":"center center","background-size":"auto","background-attachment":"scroll","background-type":"","background-media":"","overlay-type":"","overlay-color":"","overlay-opacity":"","overlay-gradient":""},"mobile":{"background-color":"","background-image":"","background-repeat":"repeat","background-position":"center center","background-size":"auto","background-attachment":"scroll","background-type":"","background-media":"","overlay-type":"","overlay-color":"","overlay-opacity":"","overlay-gradient":""}},"ast-content-background-meta":{"desktop":{"background-color":"var(--ast-global-color-5)","background-image":"","background-repeat":"repeat","background-position":"center center","background-size":"auto","background-attachment":"scroll","background-type":"","background-media":"","overlay-type":"","overlay-color":"","overlay-opacity":"","overlay-gradient":""},"tablet":{"background-color":"var(--ast-global-color-5)","background-image":"","background-repeat":"repeat","background-position":"center center","background-size":"auto","background-attachment":"scroll","background-type":"","background-media":"","overlay-type":"","overlay-color":"","overlay-opacity":"","overlay-gradient":""},"mobile":{"background-color":"var(--ast-global-color-5)","background-image":"","background-repeat":"repeat","background-position":"center center","background-size":"auto","background-attachment":"scroll","background-type":"","background-media":"","overlay-type":"","overlay-color":"","overlay-opacity":"","overlay-gradient":""}},"footnotes":""},"categories":[11],"tags":[],"class_list":["post-7245","post","type-post","status-publish","format-standard","has-post-thumbnail","hentry","category-noticias"],"aioseo_notices":[],"_links":{"self":[{"href":"https:\/\/contarotacoes.com\/index.php?rest_route=\/wp\/v2\/posts\/7245","targetHints":{"allow":["GET"]}}],"collection":[{"href":"https:\/\/contarotacoes.com\/index.php?rest_route=\/wp\/v2\/posts"}],"about":[{"href":"https:\/\/contarotacoes.com\/index.php?rest_route=\/wp\/v2\/types\/post"}],"author":[{"embeddable":true,"href":"https:\/\/contarotacoes.com\/index.php?rest_route=\/wp\/v2\/users\/2"}],"replies":[{"embeddable":true,"href":"https:\/\/contarotacoes.com\/index.php?rest_route=%2Fwp%2Fv2%2Fcomments&post=7245"}],"version-history":[{"count":1,"href":"https:\/\/contarotacoes.com\/index.php?rest_route=\/wp\/v2\/posts\/7245\/revisions"}],"predecessor-version":[{"id":7247,"href":"https:\/\/contarotacoes.com\/index.php?rest_route=\/wp\/v2\/posts\/7245\/revisions\/7247"}],"wp:featuredmedia":[{"embeddable":true,"href":"https:\/\/contarotacoes.com\/index.php?rest_route=\/wp\/v2\/media\/7246"}],"wp:attachment":[{"href":"https:\/\/contarotacoes.com\/index.php?rest_route=%2Fwp%2Fv2%2Fmedia&parent=7245"}],"wp:term":[{"taxonomy":"category","embeddable":true,"href":"https:\/\/contarotacoes.com\/index.php?rest_route=%2Fwp%2Fv2%2Fcategories&post=7245"},{"taxonomy":"post_tag","embeddable":true,"href":"https:\/\/contarotacoes.com\/index.php?rest_route=%2Fwp%2Fv2%2Ftags&post=7245"}],"curies":[{"name":"wp","href":"https:\/\/api.w.org\/{rel}","templated":true}]}}