{"id":7242,"date":"2024-06-13T18:22:19","date_gmt":"2024-06-13T18:22:19","guid":{"rendered":"https:\/\/contarotacoes.com\/?p=7242"},"modified":"2024-06-13T18:22:20","modified_gmt":"2024-06-13T18:22:20","slug":"revolucao-na-mobilidade-eletrica-volt-e-lanca-super-estacoes-de-carregamento-ultrarrapido","status":"publish","type":"post","link":"https:\/\/contarotacoes.com\/?p=7242","title":{"rendered":"Revolu\u00e7\u00e3o na Mobilidade El\u00e9trica: VOLT-E Lan\u00e7a super esta\u00e7\u00f5es de carregamento ultrarr\u00e1pido"},"content":{"rendered":"\n<p class=\"has-text-align-justify\"><strong>Revolu\u00e7\u00e3o na Mobilidade El\u00e9trica: VOLT-E lan\u00e7a super esta\u00e7\u00f5es de carregamento ultrarr\u00e1pido<\/strong><\/p>\n\n\n\n<p class=\"has-text-align-justify\"><em>A ind\u00fastria da mobilidade el\u00e9trica est\u00e1 prestes a dar um salto evolutivo e qualitativo com o lan\u00e7amento das esta\u00e7\u00f5es de carregamento ultrarr\u00e1pido da VOLT-E. A empresa portuguesa, sediada em Braga, acaba de introduzir uma gera\u00e7\u00e3o avan\u00e7ada de solu\u00e7\u00f5es de carregamento para ve\u00edculos el\u00e9tricos (VE) mais potentes, que promete transformar a experi\u00eancia dos utilizadores.<\/em><\/p>\n\n\n\n<p class=\"has-text-align-justify\"><strong>Carregamento mais r\u00e1pido e eficiente<\/strong><\/p>\n\n\n\n<p class=\"has-text-align-justify\">Estas esta\u00e7\u00f5es, equipadas com tecnologia de \u00faltima gera\u00e7\u00e3o, oferecem pot\u00eancias de carregamento substancialmente mais elevadas, prometendo reduzir drasticamente o tempo de carregamento e melhorar a experi\u00eancia dos utilizadores.<\/p>\n\n\n\n<p class=\"has-text-align-justify\">A nova gama de carregamento, desenvolvida pela VOLT-E, destaca-se pela sua capacidade de fornecer at\u00e9 300kW de pot\u00eancia, um aumento consider\u00e1vel na sua gama de solu\u00e7\u00f5es de carregamento. Um update que vem permitir que os propriet\u00e1rios de ve\u00edculos el\u00e9tricos (VE) carreguem os seus ve\u00edculos de forma mais r\u00e1pida e eficiente, facilitando viagens de longa dist\u00e2ncia e reduzindo a depend\u00eancia de esta\u00e7\u00f5es de carregamento r\u00e1pidas.<\/p>\n\n\n\n<p class=\"has-text-align-justify\">A introdu\u00e7\u00e3o destas novas esta\u00e7\u00f5es \u00e9 particularmente significativa num momento em que a ado\u00e7\u00e3o de ve\u00edculos el\u00e9tricos est\u00e1 a crescer rapidamente, ajudando a mitigar um dos principais obst\u00e1culos \u00e0 eletrifica\u00e7\u00e3o: os tempos de carregamento prolongados.<\/p>\n\n\n\n<p class=\"has-text-align-justify\">J\u00fanior Braga, CEO da VOLT-E, destaca a import\u00e2ncia desta inova\u00e7\u00e3o para o futuro da mobilidade sustent\u00e1vel. &#8220;Estamos entusiasmados por apresentar estas novas esta\u00e7\u00f5es de carregamento, que n\u00e3o s\u00f3 respondem \u00e0 crescente procura por uma infraestrutura de carregamento ultrarr\u00e1pida e eficiente, mas tamb\u00e9m representam um passo crucial em dire\u00e7\u00e3o a um futuro mais el\u00e9trico e sustent\u00e1vel.&#8221;<\/p>\n\n\n\n<p><strong>Acessibilidade: Instala\u00e7\u00e3o em locais estrat\u00e9gicos<\/strong><\/p>\n\n\n\n<p class=\"has-text-align-justify\">As novas esta\u00e7\u00f5es de carregamento foram cuidadosamente planeadas para serem instaladas em locais estrat\u00e9gicos como autoestradas, centros urbanos e zonas comerciais. Estas infraestruturas oferecem uma variedade de op\u00e7\u00f5es de pot\u00eancia, incluindo modelos de 150 kW, 180 kW, 240 kW e at\u00e9 300 kW, que se adaptam \u00e0s diferentes necessidades dos utilizadores.<\/p>\n\n\n\n<p class=\"has-text-align-justify\">Desta forma, a VOLT-E reafirma o seu compromisso com a transforma\u00e7\u00e3o da mobilidade urbana e com a promo\u00e7\u00e3o de pr\u00e1ticas sustent\u00e1veis. Contribuir para a redu\u00e7\u00e3o das emiss\u00f5es de carbono e melhorar a experi\u00eancia dos utilizadores mais conveniente, incentivando a ado\u00e7\u00e3o de tecnologias limpas, continua a ser uma das maiores miss\u00f5es desta empresa de Braga, rumo a um futuro onde a mobilidade el\u00e9trica acess\u00edvel, eficiente e ecol\u00f3gica seja uma realidade.<\/p>\n","protected":false},"excerpt":{"rendered":"<p>Revolu\u00e7\u00e3o na Mobilidade El\u00e9trica: VOLT-E lan\u00e7a super esta\u00e7\u00f5es de carregamento ultrarr\u00e1pido A ind\u00fastria da mobilidade el\u00e9trica est\u00e1 prestes a dar um salto evolutivo e qualitativo com o lan\u00e7amento das esta\u00e7\u00f5es de carregamento ultrarr\u00e1pido da VOLT-E. A empresa portuguesa, sediada em Braga, acaba de introduzir uma gera\u00e7\u00e3o avan\u00e7ada de solu\u00e7\u00f5es de carregamento para ve\u00edculos el\u00e9tricos (VE) [&hellip;]<\/p>\n","protected":false},"author":2,"featured_media":7243,"comment_status":"closed","ping_status":"open","sticky":false,"template":"","format":"standard","meta":{"_editorskit_title_hidden":false,"_editorskit_reading_time":0,"_editorskit_is_block_options_detached":false,"_editorskit_block_options_position":"{}","om_disable_all_campaigns":false,"_monsterinsights_skip_tracking":false,"_monsterinsights_sitenote_active":false,"_monsterinsights_sitenote_note":"","_monsterinsights_sitenote_category":0,"_uf_show_specific_survey":0,"_uf_disable_surveys":false,"site-sidebar-layout":"default","site-content-layout":"","ast-site-content-layout":"default","site-content-style":"default","site-sidebar-style":"default","ast-global-header-display":"","ast-banner-title-visibility":"","ast-main-header-display":"","ast-hfb-above-header-display":"","ast-hfb-below-header-display":"","ast-hfb-mobile-header-display":"","site-post-title":"","ast-breadcrumbs-content":"","ast-featured-img":"","footer-sml-layout":"","theme-transparent-header-meta":"","adv-header-id-meta":"","stick-header-meta":"","header-above-stick-meta":"","header-main-stick-meta":"","header-below-stick-meta":"","astra-migrate-meta-layouts":"set","ast-page-background-enabled":"default","ast-page-background-meta":{"desktop":{"background-color":"","background-image":"","background-repeat":"repeat","background-position":"center center","background-size":"auto","background-attachment":"scroll","background-type":"","background-media":"","overlay-type":"","overlay-color":"","overlay-opacity":"","overlay-gradient":""},"tablet":{"background-color":"","background-image":"","background-repeat":"repeat","background-position":"center center","background-size":"auto","background-attachment":"scroll","background-type":"","background-media":"","overlay-type":"","overlay-color":"","overlay-opacity":"","overlay-gradient":""},"mobile":{"background-color":"","background-image":"","background-repeat":"repeat","background-position":"center center","background-size":"auto","background-attachment":"scroll","background-type":"","background-media":"","overlay-type":"","overlay-color":"","overlay-opacity":"","overlay-gradient":""}},"ast-content-background-meta":{"desktop":{"background-color":"var(--ast-global-color-5)","background-image":"","background-repeat":"repeat","background-position":"center center","background-size":"auto","background-attachment":"scroll","background-type":"","background-media":"","overlay-type":"","overlay-color":"","overlay-opacity":"","overlay-gradient":""},"tablet":{"background-color":"var(--ast-global-color-5)","background-image":"","background-repeat":"repeat","background-position":"center center","background-size":"auto","background-attachment":"scroll","background-type":"","background-media":"","overlay-type":"","overlay-color":"","overlay-opacity":"","overlay-gradient":""},"mobile":{"background-color":"var(--ast-global-color-5)","background-image":"","background-repeat":"repeat","background-position":"center center","background-size":"auto","background-attachment":"scroll","background-type":"","background-media":"","overlay-type":"","overlay-color":"","overlay-opacity":"","overlay-gradient":""}},"footnotes":""},"categories":[13],"tags":[],"class_list":["post-7242","post","type-post","status-publish","format-standard","has-post-thumbnail","hentry","category-comercio"],"aioseo_notices":[],"_links":{"self":[{"href":"https:\/\/contarotacoes.com\/index.php?rest_route=\/wp\/v2\/posts\/7242","targetHints":{"allow":["GET"]}}],"collection":[{"href":"https:\/\/contarotacoes.com\/index.php?rest_route=\/wp\/v2\/posts"}],"about":[{"href":"https:\/\/contarotacoes.com\/index.php?rest_route=\/wp\/v2\/types\/post"}],"author":[{"embeddable":true,"href":"https:\/\/contarotacoes.com\/index.php?rest_route=\/wp\/v2\/users\/2"}],"replies":[{"embeddable":true,"href":"https:\/\/contarotacoes.com\/index.php?rest_route=%2Fwp%2Fv2%2Fcomments&post=7242"}],"version-history":[{"count":1,"href":"https:\/\/contarotacoes.com\/index.php?rest_route=\/wp\/v2\/posts\/7242\/revisions"}],"predecessor-version":[{"id":7244,"href":"https:\/\/contarotacoes.com\/index.php?rest_route=\/wp\/v2\/posts\/7242\/revisions\/7244"}],"wp:featuredmedia":[{"embeddable":true,"href":"https:\/\/contarotacoes.com\/index.php?rest_route=\/wp\/v2\/media\/7243"}],"wp:attachment":[{"href":"https:\/\/contarotacoes.com\/index.php?rest_route=%2Fwp%2Fv2%2Fmedia&parent=7242"}],"wp:term":[{"taxonomy":"category","embeddable":true,"href":"https:\/\/contarotacoes.com\/index.php?rest_route=%2Fwp%2Fv2%2Fcategories&post=7242"},{"taxonomy":"post_tag","embeddable":true,"href":"https:\/\/contarotacoes.com\/index.php?rest_route=%2Fwp%2Fv2%2Ftags&post=7242"}],"curies":[{"name":"wp","href":"https:\/\/api.w.org\/{rel}","templated":true}]}}