{"id":7233,"date":"2024-06-13T18:14:54","date_gmt":"2024-06-13T18:14:54","guid":{"rendered":"https:\/\/contarotacoes.com\/?p=7233"},"modified":"2024-06-13T18:15:06","modified_gmt":"2024-06-13T18:15:06","slug":"rafael-lobato-ruma-a-jarama","status":"publish","type":"post","link":"https:\/\/contarotacoes.com\/?p=7233","title":{"rendered":"Rafael Lobato ruma a Jarama"},"content":{"rendered":"\n<p class=\"has-text-align-justify\"><strong>Terceira ronda da Caterham Motorsport Iberia<\/strong><\/p>\n\n\n\n<p class=\"has-text-align-justify\"><strong>Mais uma estreia do piloto nesta pista espanhola<\/strong><\/p>\n\n\n\n<p class=\"has-text-align-justify\">O pr\u00f3ximo fim-de-semana marca o ponto m\u00e9dio da temporada desportiva de Rafael Lobato em 2024, com o piloto a deslocar-se at\u00e9 \u00e0 pista espanhola de Jarama para disputar a terceira ronda da Caterham Motorsport Iberia.<br>\u00a0<br>Depois da excelente presta\u00e7\u00e3o em Paul Ricard por parte do piloto e de toda a estrutura da Speedy, traduzida em vit\u00f3rias e subida ao p\u00f3dio em todas as corridas, \u00e9 com natural ambi\u00e7\u00e3o que a equipa encara esta prova como mais um passo na caminhada para a lideran\u00e7a da competi\u00e7\u00e3o que usa os Caterham 420R.<\/p>\n\n\n\n<p class=\"has-text-align-justify\">Na sexta-feira Rafael Lobato ter\u00e1&nbsp;a oportunidade de ter o primeiro contacto com a pista espanhola, durante as tr\u00eas&nbsp;sess\u00f5es de Treinos Privados agendadas para esse dia.<\/p>\n\n\n\n<p class=\"has-text-align-justify\">No S\u00e1bado ainda haver\u00e1 uma derradeira oportunidade para testar, antes de se iniciar o dia competitivo com a disputa da sess\u00e3o de Qualifica\u00e7\u00e3o e a primeira Corrida do evento.<\/p>\n\n\n\n<p class=\"has-text-align-justify\">Como habitualmente, para Domingo est\u00e1\u00a0reservada\u00a0a disputa das Corridas 2 e 3, cada uma com 20 minutos de dura\u00e7\u00e3o e transmiss\u00e3o no\u00a0<a href=\"https:\/\/rafaellobato.us4.list-manage.com\/track\/click?u=63f8ce1f70d163646be87c898&amp;id=a46eac82f3&amp;e=9f2aa2d4ad\" target=\"_blank\" rel=\"noreferrer noopener\">FACEBOOK<\/a>\u00a0e\u00a0<a href=\"https:\/\/rafaellobato.us4.list-manage.com\/track\/click?u=63f8ce1f70d163646be87c898&amp;id=4f51d9cee7&amp;e=9f2aa2d4ad\" target=\"_blank\" rel=\"noreferrer noopener\">YOUTUBE<\/a>.<\/p>\n\n\n\n<p class=\"has-text-align-justify\">Rafael Lobato: &#8220;<em><strong>Paul Ricard marcou a minha estreia nas vit\u00f3rias nesta competi\u00e7\u00e3o! Os p\u00f3dios conquistados nas outras duas corridas e a Pole Position na Qualifica\u00e7\u00e3o permitiram-nos obter muitos pontos, que se traduziram na subida ao segundo lugar na Geral do campeonato. Queremos manter esta onda de bons resultados e atacar a lideran\u00e7a da classifica\u00e7\u00e3o na segunda metade da \u00e9poca. Vamos estar em mais uma pista que n\u00e3o conhe\u00e7o e em luta com um plantel de dezenas de outros pilotos, pelo que o desafio ser\u00e1 enorme.<br>Mas com a excelente prepara\u00e7\u00e3o que sempre fazemos das provas e com o enorme apoio recebido de\u00a0patrocinadores e f\u00e3s no local ou nas redes sociais, sentimos um incentico decisivo para o resultado final.<\/strong><\/em>&#8220;<\/p>\n\n\n\n<p class=\"has-text-align-justify\">O evento pode ser acompanhado atrav\u00e9s das redes sociais do piloto e tamb\u00e9m no&nbsp;<strong>Live Timing<\/strong>&nbsp;da competi\u00e7\u00e3o:&nbsp;<a href=\"https:\/\/rafaellobato.us4.list-manage.com\/track\/click?u=63f8ce1f70d163646be87c898&amp;id=91e7aab522&amp;e=9f2aa2d4ad\" target=\"_blank\" rel=\"noreferrer noopener\">CRONO JARAMA<\/a><\/p>\n\n\n\n<p class=\"has-text-align-justify\">As corridas de Domingo podem ser acompanhadas nas transmiss\u00f5es do&nbsp;<a href=\"https:\/\/rafaellobato.us4.list-manage.com\/track\/click?u=63f8ce1f70d163646be87c898&amp;id=7b297acd2d&amp;e=9f2aa2d4ad\" target=\"_blank\" rel=\"noreferrer noopener\">FACEBOOK<\/a>&nbsp;ou&nbsp;<a href=\"https:\/\/rafaellobato.us4.list-manage.com\/track\/click?u=63f8ce1f70d163646be87c898&amp;id=238c5d5f06&amp;e=9f2aa2d4ad\" target=\"_blank\" rel=\"noreferrer noopener\">YOUTUBE<\/a><\/p>\n","protected":false},"excerpt":{"rendered":"<p>Terceira ronda da Caterham Motorsport Iberia Mais uma estreia do piloto nesta pista espanhola O pr\u00f3ximo fim-de-semana marca o ponto m\u00e9dio da temporada desportiva de Rafael Lobato em 2024, com o piloto a deslocar-se at\u00e9 \u00e0 pista espanhola de Jarama para disputar a terceira ronda da Caterham Motorsport Iberia.\u00a0Depois da excelente presta\u00e7\u00e3o em Paul Ricard [&hellip;]<\/p>\n","protected":false},"author":2,"featured_media":7234,"comment_status":"closed","ping_status":"open","sticky":false,"template":"","format":"standard","meta":{"_editorskit_title_hidden":false,"_editorskit_reading_time":0,"_editorskit_is_block_options_detached":false,"_editorskit_block_options_position":"{}","om_disable_all_campaigns":false,"_monsterinsights_skip_tracking":false,"_monsterinsights_sitenote_active":false,"_monsterinsights_sitenote_note":"","_monsterinsights_sitenote_category":0,"_uf_show_specific_survey":0,"_uf_disable_surveys":false,"site-sidebar-layout":"default","site-content-layout":"","ast-site-content-layout":"default","site-content-style":"default","site-sidebar-style":"default","ast-global-header-display":"","ast-banner-title-visibility":"","ast-main-header-display":"","ast-hfb-above-header-display":"","ast-hfb-below-header-display":"","ast-hfb-mobile-header-display":"","site-post-title":"","ast-breadcrumbs-content":"","ast-featured-img":"","footer-sml-layout":"","theme-transparent-header-meta":"","adv-header-id-meta":"","stick-header-meta":"","header-above-stick-meta":"","header-main-stick-meta":"","header-below-stick-meta":"","astra-migrate-meta-layouts":"set","ast-page-background-enabled":"default","ast-page-background-meta":{"desktop":{"background-color":"","background-image":"","background-repeat":"repeat","background-position":"center center","background-size":"auto","background-attachment":"scroll","background-type":"","background-media":"","overlay-type":"","overlay-color":"","overlay-opacity":"","overlay-gradient":""},"tablet":{"background-color":"","background-image":"","background-repeat":"repeat","background-position":"center center","background-size":"auto","background-attachment":"scroll","background-type":"","background-media":"","overlay-type":"","overlay-color":"","overlay-opacity":"","overlay-gradient":""},"mobile":{"background-color":"","background-image":"","background-repeat":"repeat","background-position":"center center","background-size":"auto","background-attachment":"scroll","background-type":"","background-media":"","overlay-type":"","overlay-color":"","overlay-opacity":"","overlay-gradient":""}},"ast-content-background-meta":{"desktop":{"background-color":"var(--ast-global-color-5)","background-image":"","background-repeat":"repeat","background-position":"center center","background-size":"auto","background-attachment":"scroll","background-type":"","background-media":"","overlay-type":"","overlay-color":"","overlay-opacity":"","overlay-gradient":""},"tablet":{"background-color":"var(--ast-global-color-5)","background-image":"","background-repeat":"repeat","background-position":"center center","background-size":"auto","background-attachment":"scroll","background-type":"","background-media":"","overlay-type":"","overlay-color":"","overlay-opacity":"","overlay-gradient":""},"mobile":{"background-color":"var(--ast-global-color-5)","background-image":"","background-repeat":"repeat","background-position":"center center","background-size":"auto","background-attachment":"scroll","background-type":"","background-media":"","overlay-type":"","overlay-color":"","overlay-opacity":"","overlay-gradient":""}},"footnotes":""},"categories":[11],"tags":[],"class_list":["post-7233","post","type-post","status-publish","format-standard","has-post-thumbnail","hentry","category-noticias"],"aioseo_notices":[],"_links":{"self":[{"href":"https:\/\/contarotacoes.com\/index.php?rest_route=\/wp\/v2\/posts\/7233","targetHints":{"allow":["GET"]}}],"collection":[{"href":"https:\/\/contarotacoes.com\/index.php?rest_route=\/wp\/v2\/posts"}],"about":[{"href":"https:\/\/contarotacoes.com\/index.php?rest_route=\/wp\/v2\/types\/post"}],"author":[{"embeddable":true,"href":"https:\/\/contarotacoes.com\/index.php?rest_route=\/wp\/v2\/users\/2"}],"replies":[{"embeddable":true,"href":"https:\/\/contarotacoes.com\/index.php?rest_route=%2Fwp%2Fv2%2Fcomments&post=7233"}],"version-history":[{"count":1,"href":"https:\/\/contarotacoes.com\/index.php?rest_route=\/wp\/v2\/posts\/7233\/revisions"}],"predecessor-version":[{"id":7235,"href":"https:\/\/contarotacoes.com\/index.php?rest_route=\/wp\/v2\/posts\/7233\/revisions\/7235"}],"wp:featuredmedia":[{"embeddable":true,"href":"https:\/\/contarotacoes.com\/index.php?rest_route=\/wp\/v2\/media\/7234"}],"wp:attachment":[{"href":"https:\/\/contarotacoes.com\/index.php?rest_route=%2Fwp%2Fv2%2Fmedia&parent=7233"}],"wp:term":[{"taxonomy":"category","embeddable":true,"href":"https:\/\/contarotacoes.com\/index.php?rest_route=%2Fwp%2Fv2%2Fcategories&post=7233"},{"taxonomy":"post_tag","embeddable":true,"href":"https:\/\/contarotacoes.com\/index.php?rest_route=%2Fwp%2Fv2%2Ftags&post=7233"}],"curies":[{"name":"wp","href":"https:\/\/api.w.org\/{rel}","templated":true}]}}