{"id":7188,"date":"2024-06-12T21:35:47","date_gmt":"2024-06-12T21:35:47","guid":{"rendered":"https:\/\/contarotacoes.com\/?p=7188"},"modified":"2024-06-12T21:35:47","modified_gmt":"2024-06-12T21:35:47","slug":"peugeot-coloca-a-seducao-no-centro-da-paris-fashion-week-a-partir-de-junho-de-2024","status":"publish","type":"post","link":"https:\/\/contarotacoes.com\/?p=7188","title":{"rendered":"PEUGEOT COLOCA A SEDU\u00c7\u00c3O NO CENTRO DA PARIS FASHION WEEK\u00ae A PARTIR DE JUNHO DE 2024"},"content":{"rendered":"\n<p class=\"has-text-align-justify\"><strong>De 18 a 27 de junho, a PEUGEOT associa-se, pela primeira vez, \u00e0 Paris Fashion Week\u00ae como Parceiro Autom\u00f3vel Oficial. Este compromisso representa o fasc\u00ednio da PEUGEOT, posicionando-se no centro de um evento que celebra tanto as marcas de luxo ic\u00f3nicas como os talentos emergentes. No \u00e2mbito desta edi\u00e7\u00e3o, a PEUGEOT continua tamb\u00e9m a sua colabora\u00e7\u00e3o com o talentoso designer franc\u00eas Emeric Tchatchoua, fundador da marca de moda de vanguarda 3.PARADIS.<\/strong><\/p>\n\n\n\n<p class=\"has-text-align-justify\"><strong>SEDU\u00c7\u00c3O: <\/strong>a PEUGEOT partilha a sua paix\u00e3o pela Sedu\u00e7\u00e3o com os melhores estilistas e jovens designers.<strong><\/strong><\/p>\n\n\n\n<p class=\"has-text-align-justify\"><strong>EMO\u00c7\u00c3O: <\/strong>o prazer \u00e9 a for\u00e7a motriz da moda; \u00e9 tamb\u00e9m o princ\u00edpio que norteia a condu\u00e7\u00e3o de um PEUGEOT.<strong><\/strong><\/p>\n\n\n\n<p class=\"has-text-align-justify\"><strong>EXCEL\u00caNCIA: <\/strong>PEUGEOT e Paris Fashion Week\u00ae, emblemas da excel\u00eancia francesa.<strong><\/strong><\/p>\n\n\n\n<p class=\"has-text-align-justify\">Para a PEUGEOT, o mundo \u00e9 melhor com Sedu\u00e7\u00e3o. Uma convic\u00e7\u00e3o que coloca a criatividade centrada no ser humano no epicentro da sua estrat\u00e9gia de marca. Um compromisso partilhado com a Paris Fashion Week\u00ae, organizada pela F\u00e9d\u00e9ration de la Haute Couture et de la Mode que, desde h\u00e1 50 anos, coloca os estilistas no centro das aten\u00e7\u00f5es.<\/p>\n\n\n\n<p class=\"has-text-align-justify\"><strong>Em 2024, e pela primeira vez, a PEUGEOT \u00e9 o Parceiro Autom\u00f3vel Oficial da Paris Fashion Week\u00ae<\/strong> para a edi\u00e7\u00e3o de Moda Masculina primavera\/ver\u00e3o 2025, que se realiza de 18 a 27 de junho, para a semana de Alta-Costura outono\/inverno 2024\/2025, que se realiza de 24 a 27 de junho, e para a edi\u00e7\u00e3o de Moda Feminina primavera\/ver\u00e3o 2025, que se realiza de 23 de setembro a 1 de outubro.<\/p>\n\n\n\n<p class=\"has-text-align-justify\"><strong>No \u00e2mbito desta parceria, a PEUGEOT disponibilizar\u00e1 30 ve\u00edculos<\/strong> &#8211; entre os quais o 408 H\u00edbrido e H\u00edbrido Plug-in, bem como o seu novo E-3008, que ser\u00e3o utilizados para o transporte das personalidades convidadas pela Paris Fashion Week\u00ae, oferecendo assim uma visibilidade \u00fanica \u00e0 marca no cora\u00e7\u00e3o da capital francesa.<\/p>\n\n\n\n<p class=\"has-text-align-justify\"><strong>Marca intensamente criativa, com uma gama completamente renovada nos \u00faltimos dois anos, a PEUGEOT associa-se a criadores em v\u00e1rios dom\u00ednios art\u00edsticos<\/strong>:<\/p>\n\n\n\n<p class=\"has-text-align-justify\">uma colabora\u00e7\u00e3o com o artista J. Demsky que, no ano passado, transformou o PEUGEOT 9X8 Hypercar que participa no Campeonato do Mundo de Resist\u00eancia num verdadeiro <em>art car<\/em> uma parceria com a YellowKorner, a principal editora e distribuidora de fotografia de arte, que convidou 5 fot\u00f3grafos a revelarem a sua vis\u00e3o de Sedu\u00e7\u00e3o o programa de curta dura\u00e7\u00e3o &#8220;Sublime Inspira\u00e7\u00e3o&#8221; no canal de televis\u00e3o franc\u00eas TF1, destacando o trabalho de criadores em todos os dom\u00ednios art\u00edsticos.<\/p>\n\n\n\n<p class=\"has-text-align-justify\"><strong>Por ocasi\u00e3o da Paris Fashion Week\u00ae 2024, a PEUGEOT prossegue tamb\u00e9m a sua colabora\u00e7\u00e3o com Emeric Tchatchoua, um designer franc\u00eas de grande talento, fundador da marca de moda 3.PARADIS.<\/strong> Uma colabora\u00e7\u00e3o que come\u00e7ou em 2023, com Emeric Tchatchoua a desenhar uma pe\u00e7a de vestu\u00e1rio \u00fanica inspirada no PEUGEOT INCEPTION CONCEPT, uma pe\u00e7a de alta tecnologia que joga com uma ilus\u00e3o de \u00f3tica gra\u00e7as a uma impress\u00e3o lenticular 3D que muda de cor consoante o \u00e2ngulo de vis\u00e3o.<\/p>\n\n\n\n<p class=\"has-text-align-justify\"><strong>Emeric Tchatchoua participa este ano na sua primeira Paris Fashion Week\u00ae<\/strong> e a PEUGEOT acompanha-o nesta viagem inspiradora que lhe permite realizar os seus sonhos. Durante a Paris Fashion Week\u00ae, a PEUGEOT ir\u00e1 disponibilizar dois PEUGEOT 408 especialmente decorados com as cores da 3.PARADIS.<\/p>\n\n\n\n<p class=\"has-text-align-justify\"><strong>A PEUGEOT identifica-se com os valores da marca 3.PARADIS<\/strong>, que mistura a excel\u00eancia do trabalho artesanal, o poder das mensagens, a singularidade dos estilos e a riqueza das culturas para criar uma moda luxuosa, on\u00edrica e inspiradora. Esta vis\u00e3o otimista da moda combina naturalmente com a vis\u00e3o otimista da PEUGEOT sobre o futuro da mobilidade el\u00e9trica e com o compromisso da Marca com a mistura de culturas.<\/p>\n\n\n\n<p class=\"has-text-align-justify\">3.PARADIS utiliza a arte de misturar diferentes estilos como uma met\u00e1fora que celebra a nossa diversidade e promove uma vida coletiva de abund\u00e2ncia, ao mesmo tempo que promove valores de liberta\u00e7\u00e3o, universalismo e esperan\u00e7a em todo o mundo.<\/p>\n","protected":false},"excerpt":{"rendered":"<p>De 18 a 27 de junho, a PEUGEOT associa-se, pela primeira vez, \u00e0 Paris Fashion Week\u00ae como Parceiro Autom\u00f3vel Oficial. Este compromisso representa o fasc\u00ednio da PEUGEOT, posicionando-se no centro de um evento que celebra tanto as marcas de luxo ic\u00f3nicas como os talentos emergentes. No \u00e2mbito desta edi\u00e7\u00e3o, a PEUGEOT continua tamb\u00e9m a sua [&hellip;]<\/p>\n","protected":false},"author":2,"featured_media":7189,"comment_status":"closed","ping_status":"open","sticky":false,"template":"","format":"standard","meta":{"_editorskit_title_hidden":false,"_editorskit_reading_time":0,"_editorskit_is_block_options_detached":false,"_editorskit_block_options_position":"{}","om_disable_all_campaigns":false,"_monsterinsights_skip_tracking":false,"_monsterinsights_sitenote_active":false,"_monsterinsights_sitenote_note":"","_monsterinsights_sitenote_category":0,"_uf_show_specific_survey":0,"_uf_disable_surveys":false,"site-sidebar-layout":"default","site-content-layout":"","ast-site-content-layout":"default","site-content-style":"default","site-sidebar-style":"default","ast-global-header-display":"","ast-banner-title-visibility":"","ast-main-header-display":"","ast-hfb-above-header-display":"","ast-hfb-below-header-display":"","ast-hfb-mobile-header-display":"","site-post-title":"","ast-breadcrumbs-content":"","ast-featured-img":"","footer-sml-layout":"","theme-transparent-header-meta":"","adv-header-id-meta":"","stick-header-meta":"","header-above-stick-meta":"","header-main-stick-meta":"","header-below-stick-meta":"","astra-migrate-meta-layouts":"set","ast-page-background-enabled":"default","ast-page-background-meta":{"desktop":{"background-color":"","background-image":"","background-repeat":"repeat","background-position":"center center","background-size":"auto","background-attachment":"scroll","background-type":"","background-media":"","overlay-type":"","overlay-color":"","overlay-opacity":"","overlay-gradient":""},"tablet":{"background-color":"","background-image":"","background-repeat":"repeat","background-position":"center center","background-size":"auto","background-attachment":"scroll","background-type":"","background-media":"","overlay-type":"","overlay-color":"","overlay-opacity":"","overlay-gradient":""},"mobile":{"background-color":"","background-image":"","background-repeat":"repeat","background-position":"center center","background-size":"auto","background-attachment":"scroll","background-type":"","background-media":"","overlay-type":"","overlay-color":"","overlay-opacity":"","overlay-gradient":""}},"ast-content-background-meta":{"desktop":{"background-color":"var(--ast-global-color-5)","background-image":"","background-repeat":"repeat","background-position":"center center","background-size":"auto","background-attachment":"scroll","background-type":"","background-media":"","overlay-type":"","overlay-color":"","overlay-opacity":"","overlay-gradient":""},"tablet":{"background-color":"var(--ast-global-color-5)","background-image":"","background-repeat":"repeat","background-position":"center center","background-size":"auto","background-attachment":"scroll","background-type":"","background-media":"","overlay-type":"","overlay-color":"","overlay-opacity":"","overlay-gradient":""},"mobile":{"background-color":"var(--ast-global-color-5)","background-image":"","background-repeat":"repeat","background-position":"center center","background-size":"auto","background-attachment":"scroll","background-type":"","background-media":"","overlay-type":"","overlay-color":"","overlay-opacity":"","overlay-gradient":""}},"footnotes":""},"categories":[13],"tags":[],"class_list":["post-7188","post","type-post","status-publish","format-standard","has-post-thumbnail","hentry","category-comercio"],"aioseo_notices":[],"_links":{"self":[{"href":"https:\/\/contarotacoes.com\/index.php?rest_route=\/wp\/v2\/posts\/7188","targetHints":{"allow":["GET"]}}],"collection":[{"href":"https:\/\/contarotacoes.com\/index.php?rest_route=\/wp\/v2\/posts"}],"about":[{"href":"https:\/\/contarotacoes.com\/index.php?rest_route=\/wp\/v2\/types\/post"}],"author":[{"embeddable":true,"href":"https:\/\/contarotacoes.com\/index.php?rest_route=\/wp\/v2\/users\/2"}],"replies":[{"embeddable":true,"href":"https:\/\/contarotacoes.com\/index.php?rest_route=%2Fwp%2Fv2%2Fcomments&post=7188"}],"version-history":[{"count":1,"href":"https:\/\/contarotacoes.com\/index.php?rest_route=\/wp\/v2\/posts\/7188\/revisions"}],"predecessor-version":[{"id":7190,"href":"https:\/\/contarotacoes.com\/index.php?rest_route=\/wp\/v2\/posts\/7188\/revisions\/7190"}],"wp:featuredmedia":[{"embeddable":true,"href":"https:\/\/contarotacoes.com\/index.php?rest_route=\/wp\/v2\/media\/7189"}],"wp:attachment":[{"href":"https:\/\/contarotacoes.com\/index.php?rest_route=%2Fwp%2Fv2%2Fmedia&parent=7188"}],"wp:term":[{"taxonomy":"category","embeddable":true,"href":"https:\/\/contarotacoes.com\/index.php?rest_route=%2Fwp%2Fv2%2Fcategories&post=7188"},{"taxonomy":"post_tag","embeddable":true,"href":"https:\/\/contarotacoes.com\/index.php?rest_route=%2Fwp%2Fv2%2Ftags&post=7188"}],"curies":[{"name":"wp","href":"https:\/\/api.w.org\/{rel}","templated":true}]}}