{"id":7145,"date":"2024-06-12T20:52:25","date_gmt":"2024-06-12T20:52:25","guid":{"rendered":"https:\/\/contarotacoes.com\/?p=7145"},"modified":"2024-06-12T20:52:25","modified_gmt":"2024-06-12T20:52:25","slug":"a-estreia-de-mauro-fernandes-na-rampa-de-santa-marta","status":"publish","type":"post","link":"https:\/\/contarotacoes.com\/?p=7145","title":{"rendered":"A ESTREIA DE MAURO FERNANDES NA RAMPA DE SANTA MARTA"},"content":{"rendered":"\n<p class=\"has-text-align-justify\">O piloto de Vila Nova de Famalic\u00e3o vai ter j\u00e1 no pr\u00f3ximo fim de semana a sua estreia na Rampa de Santa Marta, ao volante do seu Fiat Punto na 5\u00aa jornada do campeonato Portugal Montanha JC Group 2024, numa prova organizada pelo Clube Autom\u00f3vel da R\u00e9gua.<\/p>\n\n\n\n<p class=\"has-text-align-justify\">Sobre esta estreia,&nbsp;<strong>Mauro Fernandes<\/strong>&nbsp;logo nos referiu \u201c&nbsp;<strong>mais um desafio pela frente, ali\u00e1s mais que um desafio, pois a evolu\u00e7\u00e3o t\u00e9cnica do Punto continua, j\u00e1 vamos ter mais alguns predicados que montamos no carro ap\u00f3s a nossa participa\u00e7\u00e3o na Rampa da Falperra.&nbsp; Depois o outro desafio, \u00e9 que nunca corri nesta rampa,. J\u00e1 falei com pilotos &nbsp;que l\u00e1 correram, que me t\u00eam&nbsp; dado informa\u00e7\u00f5es preciosas, vamos l\u00e1 ver como \u00e9 que isto ir\u00e1 correr, mas espero assim conseguir superar estes desafios com distin\u00e7\u00e3o. Espero nas subidas de treinos conseguir logo encontrar as afina\u00e7\u00f5es corretas , para depois nas subidas conseguir melhorar um bocado mais o meu tempo, e no meio disto tudo espero poder divertir o mais poss\u00edvel, passar um bom fim de semana, e fazer o melhor resultado poss\u00edvel\u201d, finalizou Mauro Fernandes.<\/strong><\/p>\n\n\n\n<p class=\"has-text-align-justify\">Mauro &nbsp;Fernandes e&nbsp; o o Fiat Punto v\u00e3o fazer as verifica\u00e7\u00f5es t\u00e9cnicas e documentais no s\u00e1bado de manha no centro de Santa Marta, para depois ter as subidas no s\u00e1bado de tarde e no domingo.<\/p>\n","protected":false},"excerpt":{"rendered":"<p>O piloto de Vila Nova de Famalic\u00e3o vai ter j\u00e1 no pr\u00f3ximo fim de semana a sua estreia na Rampa de Santa Marta, ao volante do seu Fiat Punto na 5\u00aa jornada do campeonato Portugal Montanha JC Group 2024, numa prova organizada pelo Clube Autom\u00f3vel da R\u00e9gua. Sobre esta estreia,&nbsp;Mauro Fernandes&nbsp;logo nos referiu \u201c&nbsp;mais um [&hellip;]<\/p>\n","protected":false},"author":2,"featured_media":7146,"comment_status":"closed","ping_status":"open","sticky":false,"template":"","format":"standard","meta":{"_editorskit_title_hidden":false,"_editorskit_reading_time":0,"_editorskit_is_block_options_detached":false,"_editorskit_block_options_position":"{}","om_disable_all_campaigns":false,"_monsterinsights_skip_tracking":false,"_monsterinsights_sitenote_active":false,"_monsterinsights_sitenote_note":"","_monsterinsights_sitenote_category":0,"_uf_show_specific_survey":0,"_uf_disable_surveys":false,"site-sidebar-layout":"default","site-content-layout":"","ast-site-content-layout":"default","site-content-style":"default","site-sidebar-style":"default","ast-global-header-display":"","ast-banner-title-visibility":"","ast-main-header-display":"","ast-hfb-above-header-display":"","ast-hfb-below-header-display":"","ast-hfb-mobile-header-display":"","site-post-title":"","ast-breadcrumbs-content":"","ast-featured-img":"","footer-sml-layout":"","theme-transparent-header-meta":"","adv-header-id-meta":"","stick-header-meta":"","header-above-stick-meta":"","header-main-stick-meta":"","header-below-stick-meta":"","astra-migrate-meta-layouts":"set","ast-page-background-enabled":"default","ast-page-background-meta":{"desktop":{"background-color":"","background-image":"","background-repeat":"repeat","background-position":"center center","background-size":"auto","background-attachment":"scroll","background-type":"","background-media":"","overlay-type":"","overlay-color":"","overlay-opacity":"","overlay-gradient":""},"tablet":{"background-color":"","background-image":"","background-repeat":"repeat","background-position":"center center","background-size":"auto","background-attachment":"scroll","background-type":"","background-media":"","overlay-type":"","overlay-color":"","overlay-opacity":"","overlay-gradient":""},"mobile":{"background-color":"","background-image":"","background-repeat":"repeat","background-position":"center center","background-size":"auto","background-attachment":"scroll","background-type":"","background-media":"","overlay-type":"","overlay-color":"","overlay-opacity":"","overlay-gradient":""}},"ast-content-background-meta":{"desktop":{"background-color":"var(--ast-global-color-5)","background-image":"","background-repeat":"repeat","background-position":"center center","background-size":"auto","background-attachment":"scroll","background-type":"","background-media":"","overlay-type":"","overlay-color":"","overlay-opacity":"","overlay-gradient":""},"tablet":{"background-color":"var(--ast-global-color-5)","background-image":"","background-repeat":"repeat","background-position":"center center","background-size":"auto","background-attachment":"scroll","background-type":"","background-media":"","overlay-type":"","overlay-color":"","overlay-opacity":"","overlay-gradient":""},"mobile":{"background-color":"var(--ast-global-color-5)","background-image":"","background-repeat":"repeat","background-position":"center center","background-size":"auto","background-attachment":"scroll","background-type":"","background-media":"","overlay-type":"","overlay-color":"","overlay-opacity":"","overlay-gradient":""}},"footnotes":""},"categories":[11],"tags":[],"class_list":["post-7145","post","type-post","status-publish","format-standard","has-post-thumbnail","hentry","category-noticias"],"aioseo_notices":[],"_links":{"self":[{"href":"https:\/\/contarotacoes.com\/index.php?rest_route=\/wp\/v2\/posts\/7145","targetHints":{"allow":["GET"]}}],"collection":[{"href":"https:\/\/contarotacoes.com\/index.php?rest_route=\/wp\/v2\/posts"}],"about":[{"href":"https:\/\/contarotacoes.com\/index.php?rest_route=\/wp\/v2\/types\/post"}],"author":[{"embeddable":true,"href":"https:\/\/contarotacoes.com\/index.php?rest_route=\/wp\/v2\/users\/2"}],"replies":[{"embeddable":true,"href":"https:\/\/contarotacoes.com\/index.php?rest_route=%2Fwp%2Fv2%2Fcomments&post=7145"}],"version-history":[{"count":1,"href":"https:\/\/contarotacoes.com\/index.php?rest_route=\/wp\/v2\/posts\/7145\/revisions"}],"predecessor-version":[{"id":7147,"href":"https:\/\/contarotacoes.com\/index.php?rest_route=\/wp\/v2\/posts\/7145\/revisions\/7147"}],"wp:featuredmedia":[{"embeddable":true,"href":"https:\/\/contarotacoes.com\/index.php?rest_route=\/wp\/v2\/media\/7146"}],"wp:attachment":[{"href":"https:\/\/contarotacoes.com\/index.php?rest_route=%2Fwp%2Fv2%2Fmedia&parent=7145"}],"wp:term":[{"taxonomy":"category","embeddable":true,"href":"https:\/\/contarotacoes.com\/index.php?rest_route=%2Fwp%2Fv2%2Fcategories&post=7145"},{"taxonomy":"post_tag","embeddable":true,"href":"https:\/\/contarotacoes.com\/index.php?rest_route=%2Fwp%2Fv2%2Ftags&post=7145"}],"curies":[{"name":"wp","href":"https:\/\/api.w.org\/{rel}","templated":true}]}}