{"id":28384,"date":"2026-05-03T09:57:22","date_gmt":"2026-05-03T09:57:22","guid":{"rendered":"https:\/\/contarotacoes.com\/?p=28384"},"modified":"2026-05-03T09:58:20","modified_gmt":"2026-05-03T09:58:20","slug":"b-parts-com-faturacao-recorde-de-65-me-em-2025-aposta-no-mercado-norte-americano","status":"publish","type":"post","link":"https:\/\/contarotacoes.com\/?p=28384","title":{"rendered":"B-Parts com fatura\u00e7\u00e3o recorde de 65 ME em 2025 aposta no mercado norte-americano"},"content":{"rendered":"<p style=\"text-align: justify;\">As vendas da B-Parts aumentaram 51%, para um recorde de 65 milh\u00f5es de euros, em 2025 face a 2024, impulsionadas pelos mercados europeu e norte-americano, que a empresa acredita que pode equiparar a Europa em tr\u00eas a cinco anos.<\/p>\n<p class=\"text-paragraph\" style=\"text-align: justify;\">\u201cAcreditamos que a opera\u00e7\u00e3o nos EUA tem potencial de alcan\u00e7ar a dimens\u00e3o da B-Parts Europa nos pr\u00f3ximos tr\u00eas a cinco anos\u201d, avan\u00e7ou o fundador e administrador da empresa de venda de pe\u00e7as autom\u00f3vel usadas em entrevista \u00e0 ag\u00eancia Lusa.<\/p>\n<p class=\"text-paragraph\" style=\"text-align: justify;\">Segundo Manuel Ara\u00fajo Monteiro, a B-Parts \u2013 que tem sede no Porto e integra o grupo Stellantis \u2013 tem vindo nos \u00faltimos anos \u201ca analisar quais os mercados que fazem mais sentido para o neg\u00f3cio, quer na vertente cliente, quer na vertente de \u2018sourcing\u2019 [fornecedores]\u201d.<\/p>\n<p class=\"text-paragraph\" style=\"text-align: justify;\">\u201cNeste momento estamos focados na prepara\u00e7\u00e3o da entrada no mercado polaco, em clientes e em fornecedores\u201d, revelou, considerando que \u201ceste alargamento europeu faz todo o sentido\u201d.<\/p>\n<p class=\"text-paragraph\" style=\"text-align: justify;\">Paralelamente, destacou o \u201cplano ambicioso de duplicar os n\u00fameros em 2026 quanto ao volume de neg\u00f3cios e ao invent\u00e1rio dispon\u00edvel para o mercado dos EUA\u201d.<\/p>\n<p class=\"text-paragraph\" style=\"text-align: justify;\">O refor\u00e7o do peso das exporta\u00e7\u00f5es no volume de neg\u00f3cios \u00e9, ali\u00e1s, assumido pelo respons\u00e1vel como um dos \u201cprincipais objetivos para este ano\u201d.<\/p>\n<p class=\"text-paragraph\" style=\"text-align: justify;\">\u201cSomos uma empresa fundada e sediada em Portugal, mas j\u00e1 assumimos o estatuto de l\u00edder europeia no com\u00e9rcio eletr\u00f3nico de pe\u00e7as autom\u00f3vel usadas, originais e certificadas e ambicionamos tornar-nos numa marca global de refer\u00eancia neste setor. Para isso, a nossa estrat\u00e9gia de neg\u00f3cio assenta sobretudo na expans\u00e3o e internacionaliza\u00e7\u00e3o para novos mercados onde identificamos um forte potencial de crescimento\u201d, enfatizou.<\/p>\n<p class=\"text-paragraph\" style=\"text-align: justify;\">S\u00f3 na Europa, a expectativa da B-Parts para este ano \u00e9 que o volume de neg\u00f3cios registe um crescimento acima dos 20%.<\/p>\n<p class=\"text-paragraph\" style=\"text-align: justify;\">\u201cAl\u00e9m de impulsionar os resultados atrav\u00e9s das vendas, pretendemos manter o foco na efici\u00eancia e na rentabilidade, tendo como meta clara melhorar novamente este ano o EBITDA [resultados antes de impostos, juros, amortiza\u00e7\u00f5es e deprecia\u00e7\u00f5es], para consolidar a sustentabilidade financeira de toda a opera\u00e7\u00e3o\u201d, afirmou Manuel Ara\u00fajo Monteiro.<\/p>\n<p class=\"text-paragraph\" style=\"text-align: justify;\">Depois de em 2025 ter aumentado a fatura\u00e7\u00e3o em 51%, para 65 milh\u00f5es de euros, a B-Parts salienta ter j\u00e1 multiplicado por 13 o volume de neg\u00f3cios desde 2020, \u201cevidenciando a consist\u00eancia e a escala da trajet\u00f3ria de expans\u00e3o e consolida\u00e7\u00e3o internacional da empresa\u201d, que acaba de completar um ano de opera\u00e7\u00e3o nos EUA e entrou recentemente no Reino Unido.<\/p>\n<p class=\"text-paragraph\" style=\"text-align: justify;\">Segundo o fundador e administrador da B-Parts, a suportar a evolu\u00e7\u00e3o em 2025 esteve \u201cum robusto crescimento\u201d das vendas na Europa e nos EUA, de 43% e de 285% respetivamente, \u201cnum contexto de maior procura por solu\u00e7\u00f5es mais sustent\u00e1veis no setor autom\u00f3vel\u201d.<\/p>\n<p class=\"text-paragraph\" style=\"text-align: justify;\">O respons\u00e1vel destaca ainda ter aumentado a rede global de fornecedores em cerca de 25%, maioritariamente na Europa e nos EUA: \u201cAtrav\u00e9s da integra\u00e7\u00e3o de fornecedores em novas geografias, como o Reino Unido, conseguimos alargar significativamente a nossa oferta dispon\u00edvel, com uma gama de modelos que a Europa continental n\u00e3o disp\u00f5e atualmente\u201d, enfatizou.<\/p>\n<p class=\"text-paragraph\" style=\"text-align: justify;\">A expans\u00e3o dos centros de abate parceiros permitiu \u00e0 empresa voltar a ultrapassar o seu \u2018stock global\u2019, com mais de 15 milh\u00f5es de pe\u00e7as dispon\u00edveis.<\/p>\n<p class=\"text-paragraph\" style=\"text-align: justify;\">Quanto ao mercado portugu\u00eas, nos \u00faltimos cinco anos \u201cmanteve sempre um forte crescimento\u201d, mas n\u00e3o chegou a ultrapassar 25% do volume europeu do neg\u00f3cio da B-Parts.<\/p>\n<p class=\"text-paragraph\" style=\"text-align: justify;\">\u201cPor termos uma oferta com os mesmos n\u00edveis de servi\u00e7o em todos os mercados da Europa continental e, claro, por haver mercados de maior express\u00e3o, o volume nacional tender\u00e1 a ser sempre percentualmente menor quando comparado com os principais mercados para os quais exportamos, como \u00e9 o caso de Fran\u00e7a, Espanha, Alemanha, B\u00e9lgica, It\u00e1lia ou Pa\u00edses Baixos\u201d, justifica Manuel Ara\u00fajo Monteiro.<\/p>\n<p class=\"text-paragraph\" style=\"text-align: justify;\">Com opera\u00e7\u00f5es em mais de 180 pa\u00edses, a empresa do grupo Stellantis diz ainda ter vindo a adaptar o modelo de neg\u00f3cio e a expandir o cat\u00e1logo de pe\u00e7as num contexto de crescente eletrifica\u00e7\u00e3o da frota autom\u00f3vel.<\/p>\n<p>Lusa<\/p>\n<p>Cr\u00e9ditos Foto: B &#8211; Parts<\/p>\n","protected":false},"excerpt":{"rendered":"<p>As vendas da B-Parts aumentaram 51%, para um recorde de 65 milh\u00f5es de euros, em 2025 face a 2024, impulsionadas pelos mercados europeu e norte-americano, que a empresa acredita que pode equiparar a Europa em tr\u00eas a cinco anos. \u201cAcreditamos que a opera\u00e7\u00e3o nos EUA tem potencial de alcan\u00e7ar a dimens\u00e3o da B-Parts Europa nos [&hellip;]<\/p>\n","protected":false},"author":2,"featured_media":28385,"comment_status":"open","ping_status":"open","sticky":false,"template":"","format":"standard","meta":{"_editorskit_title_hidden":false,"_editorskit_reading_time":0,"_editorskit_is_block_options_detached":false,"_editorskit_block_options_position":"{}","om_disable_all_campaigns":false,"_monsterinsights_skip_tracking":false,"_monsterinsights_sitenote_active":false,"_monsterinsights_sitenote_note":"","_monsterinsights_sitenote_category":0,"_uf_show_specific_survey":0,"_uf_disable_surveys":false,"site-sidebar-layout":"default","site-content-layout":"","ast-site-content-layout":"default","site-content-style":"default","site-sidebar-style":"default","ast-global-header-display":"","ast-banner-title-visibility":"","ast-main-header-display":"","ast-hfb-above-header-display":"","ast-hfb-below-header-display":"","ast-hfb-mobile-header-display":"","site-post-title":"","ast-breadcrumbs-content":"","ast-featured-img":"","footer-sml-layout":"","theme-transparent-header-meta":"default","adv-header-id-meta":"","stick-header-meta":"default","header-above-stick-meta":"","header-main-stick-meta":"","header-below-stick-meta":"","astra-migrate-meta-layouts":"set","ast-page-background-enabled":"default","ast-page-background-meta":{"desktop":{"background-color":"","background-image":"","background-repeat":"repeat","background-position":"center center","background-size":"auto","background-attachment":"scroll","background-type":"","background-media":"","overlay-type":"","overlay-color":"","overlay-opacity":"","overlay-gradient":""},"tablet":{"background-color":"","background-image":"","background-repeat":"repeat","background-position":"center center","background-size":"auto","background-attachment":"scroll","background-type":"","background-media":"","overlay-type":"","overlay-color":"","overlay-opacity":"","overlay-gradient":""},"mobile":{"background-color":"","background-image":"","background-repeat":"repeat","background-position":"center center","background-size":"auto","background-attachment":"scroll","background-type":"","background-media":"","overlay-type":"","overlay-color":"","overlay-opacity":"","overlay-gradient":""}},"ast-content-background-meta":{"desktop":{"background-color":"var(--ast-global-color-5)","background-image":"","background-repeat":"repeat","background-position":"center center","background-size":"auto","background-attachment":"scroll","background-type":"","background-media":"","overlay-type":"","overlay-color":"","overlay-opacity":"","overlay-gradient":""},"tablet":{"background-color":"var(--ast-global-color-5)","background-image":"","background-repeat":"repeat","background-position":"center center","background-size":"auto","background-attachment":"scroll","background-type":"","background-media":"","overlay-type":"","overlay-color":"","overlay-opacity":"","overlay-gradient":""},"mobile":{"background-color":"var(--ast-global-color-5)","background-image":"","background-repeat":"repeat","background-position":"center center","background-size":"auto","background-attachment":"scroll","background-type":"","background-media":"","overlay-type":"","overlay-color":"","overlay-opacity":"","overlay-gradient":""}},"footnotes":""},"categories":[13],"tags":[],"class_list":["post-28384","post","type-post","status-publish","format-standard","has-post-thumbnail","hentry","category-comercio"],"aioseo_notices":[],"_links":{"self":[{"href":"https:\/\/contarotacoes.com\/index.php?rest_route=\/wp\/v2\/posts\/28384","targetHints":{"allow":["GET"]}}],"collection":[{"href":"https:\/\/contarotacoes.com\/index.php?rest_route=\/wp\/v2\/posts"}],"about":[{"href":"https:\/\/contarotacoes.com\/index.php?rest_route=\/wp\/v2\/types\/post"}],"author":[{"embeddable":true,"href":"https:\/\/contarotacoes.com\/index.php?rest_route=\/wp\/v2\/users\/2"}],"replies":[{"embeddable":true,"href":"https:\/\/contarotacoes.com\/index.php?rest_route=%2Fwp%2Fv2%2Fcomments&post=28384"}],"version-history":[{"count":2,"href":"https:\/\/contarotacoes.com\/index.php?rest_route=\/wp\/v2\/posts\/28384\/revisions"}],"predecessor-version":[{"id":28387,"href":"https:\/\/contarotacoes.com\/index.php?rest_route=\/wp\/v2\/posts\/28384\/revisions\/28387"}],"wp:featuredmedia":[{"embeddable":true,"href":"https:\/\/contarotacoes.com\/index.php?rest_route=\/wp\/v2\/media\/28385"}],"wp:attachment":[{"href":"https:\/\/contarotacoes.com\/index.php?rest_route=%2Fwp%2Fv2%2Fmedia&parent=28384"}],"wp:term":[{"taxonomy":"category","embeddable":true,"href":"https:\/\/contarotacoes.com\/index.php?rest_route=%2Fwp%2Fv2%2Fcategories&post=28384"},{"taxonomy":"post_tag","embeddable":true,"href":"https:\/\/contarotacoes.com\/index.php?rest_route=%2Fwp%2Fv2%2Ftags&post=28384"}],"curies":[{"name":"wp","href":"https:\/\/api.w.org\/{rel}","templated":true}]}}