{"id":28311,"date":"2026-05-01T19:24:23","date_gmt":"2026-05-01T19:24:23","guid":{"rendered":"https:\/\/contarotacoes.com\/?p=28311"},"modified":"2026-05-01T19:24:23","modified_gmt":"2026-05-01T19:24:23","slug":"vodafone-rally-de-portugal-com-novidades-no-percurso","status":"publish","type":"post","link":"https:\/\/contarotacoes.com\/?p=28311","title":{"rendered":"Vodafone Rally de Portugal com novidades no percurso"},"content":{"rendered":"<p style=\"text-align: justify;\">A 59.\u00aa edi\u00e7\u00e3o da prova portuguesa do WRC decorre entre 7 e 10 de maio e apresenta mudan\u00e7as relevantes no percurso, al\u00e9m de mais a\u00e7\u00e3o logo no primeiro dia.<\/p>\n<p style=\"text-align: justify;\">Portugal volta a receber o Campeonato do Mundo de Ralis (WRC) com a realiza\u00e7\u00e3o do\u00a0<strong>Vodafone Rally de Portugal<\/strong>, sexta etapa da temporada. A edi\u00e7\u00e3o deste ano\u00a0<strong>introduz uma das altera\u00e7\u00f5es mais significativas<\/strong>\u00a0dos \u00faltimos anos: o refor\u00e7o da competi\u00e7\u00e3o logo no arranque da prova.<\/p>\n<p style=\"text-align: justify;\"><strong>Primeiros dias com mudan\u00e7as no percurso<\/strong><\/p>\n<p style=\"text-align: justify;\">As\u00a0<strong>principais novidades<\/strong>\u00a0concentram-se nas etapas iniciais, com altera\u00e7\u00f5es que introduzem novos desafios t\u00e9cnicos:<\/p>\n<ul style=\"text-align: justify;\">\n<li>A super-especial da Figueira da Foz (1,93 km) apresenta um tra\u00e7ado renovado<\/li>\n<li>As classificativas de Arganil (18,62 km) e G\u00f3is (15,66 km) s\u00e3o disputadas em sentido inverso ao habitual<\/li>\n<li>A Lous\u00e3 (7,07 km) estreia-se como tro\u00e7o totalmente novo<\/li>\n<\/ul>\n<p style=\"text-align: justify;\"><strong>Fim de semana decisivo com Fafe em destaque<\/strong><\/p>\n<p style=\"text-align: justify;\">O s\u00e1bado, 9 de maio, inclui nove classificativas, enquanto o \u201cSuper Domingo\u201d ser\u00e1 disputado ao\u00a0<strong>longo de quatro especiais<\/strong>.<\/p>\n<p style=\"text-align: justify;\">A segunda passagem por Fafe (11,18 km) volta a assumir o papel de Power Stage, mantendo-se como um dos\u00a0<strong>momentos decisivos da prova<\/strong>. J\u00e1 a cerim\u00f3nia de p\u00f3dio apresenta uma altera\u00e7\u00e3o relevante, passando a realizar-se junto ao final da derradeira classificativa.<\/p>\n<p style=\"text-align: justify;\"><strong>Uma prova de grande dimens\u00e3o<\/strong><\/p>\n<p style=\"text-align: justify;\">\u00a0Ao longo dos quatro dias de competi\u00e7\u00e3o, os concorrentes enfrentam:<\/p>\n<ul style=\"text-align: justify;\">\n<li>23 classificativas<\/li>\n<li>344,91 quil\u00f3metros cronometrados<\/li>\n<li>1874,58 quil\u00f3metros no total, incluindo liga\u00e7\u00f5es<\/li>\n<\/ul>\n<p style=\"text-align: justify;\">O percurso volta a atravessar o Centro e o Norte do pa\u00eds, mantendo a diversidade de terrenos que caracteriza a prova portuguesa.<\/p>\n<p style=\"text-align: justify;\"><strong>Lista de inscritos com forte presen\u00e7a do WRC<\/strong><\/p>\n<p style=\"text-align: justify;\">A edi\u00e7\u00e3o de 2024 conta com\u00a0<strong>70 equipas inscritas<\/strong>, incluindo as principais forma\u00e7\u00f5es do Campeonato do Mundo.<\/p>\n<p style=\"text-align: justify;\"><strong>Elfyn Evans e Scott Martin chegam a Portugal como l\u00edderes do campeonato<\/strong>, liderando uma armada da Toyota que ocupa cinco dos seis primeiros lugares da classifica\u00e7\u00e3o geral.<\/p>\n<p style=\"text-align: justify;\">Entre os nomes em destaque est\u00e1\u00a0<strong>S\u00e9bastien Ogier<\/strong>, que regressa ao volante de um Toyota Yaris com o objetivo de alcan\u00e7ar a oitava vit\u00f3ria em Portugal. A concretizar-se, refor\u00e7ar\u00e1 o estatuto de piloto mais bem-sucedido da hist\u00f3ria da prova.<\/p>\n<p style=\"text-align: justify;\">Al\u00e9m do franc\u00eas, tamb\u00e9m Elfyn Evans e Thierry Neuville j\u00e1 venceram em territ\u00f3rio nacional, enquanto v\u00e1rios outros pilotos procuram juntar-se a este grupo restrito.<\/p>\n<p style=\"text-align: justify;\">Do lado portugu\u00eas,\u00a0<strong>Armindo Ara\u00fajo<\/strong>\u00a0\u2014 vencedor por tr\u00eas vezes \u2014 volta a ser uma das principais refer\u00eancias, procurando destacar-se entre os pilotos nacionais, apesar de n\u00e3o competir com um Rally1.<\/p>\n<p style=\"text-align: justify;\"><strong>Categorias em destaque<\/strong><\/p>\n<p style=\"text-align: justify;\">Portugal recebe um forte contingente nas v\u00e1rias categorias:<\/p>\n<ul style=\"text-align: justify;\">\n<li>11 equipas em Rally1<\/li>\n<li>44 equipas em Rally2, com destaque para Yohan Rossel, l\u00edder do WRC2<\/li>\n<li>13 equipas em Rally3, incluindo 9 no WRC3 e 7 no JWRC<\/li>\n<\/ul>\n<p style=\"text-align: justify;\">\u201cA competi\u00e7\u00e3o, a paix\u00e3o e a dedica\u00e7\u00e3o s\u00e3o os ingredientes que fazem do Vodafone Rally de Portugal uma refer\u00eancia mundial. Os melhores pilotos e os melhores carros n\u00e3o perdem a etapa nacional, que fica sempre na mem\u00f3ria com a devo\u00e7\u00e3o dos milhares de espetadores que ao longo do percurso vibram com eles.<\/p>\n<p style=\"text-align: justify;\">\u00c9 uma enorme festa que gera um impacto econ\u00f3mico brutal nas regi\u00f5es atravessadas pelo rali, mas que s\u00f3 se realiza gra\u00e7as ao empenho dos munic\u00edpios envolvidos, dos organismos promotores do turismo e dos patrocinadores\u201d,\u00a0<strong>afirmou Carlos Barbosa, Presidente da Comiss\u00e3o Organizadora.<\/strong><\/p>\n<p style=\"text-align: justify;\"><strong>Exponor volta a ser o centro nevr\u00e1lgico<\/strong><\/p>\n<p style=\"text-align: justify;\">A Exponor, em Matosinhos, volta a ser o\u00a0<strong><a title=\"Exponor\" href=\"https:\/\/www.rallydeportugal.pt\/content.aspx?menuid=5556&amp;eid=15724\">centro operacional\u00a0<\/a>do Vodafone Rally de Portugal<\/strong>.<\/p>\n<p style=\"text-align: justify;\">A infraestrutura estar\u00e1 totalmente montada j\u00e1 no pr\u00f3ximo domingo, dia 3 de maio, e os trabalhos de prepara\u00e7\u00e3o para a prova no terreno t\u00eam in\u00edcio nesse mesmo dia com a abertura das verifica\u00e7\u00f5es administrativas.<\/p>\n<p style=\"text-align: justify;\">Os reconhecimentos do percurso come\u00e7am no dia seguinte e prolongam-se at\u00e9 quarta-feira, dia 6 de maio.<\/p>\n","protected":false},"excerpt":{"rendered":"<p>A 59.\u00aa edi\u00e7\u00e3o da prova portuguesa do WRC decorre entre 7 e 10 de maio e apresenta mudan\u00e7as relevantes no percurso, al\u00e9m de mais a\u00e7\u00e3o logo no primeiro dia. Portugal volta a receber o Campeonato do Mundo de Ralis (WRC) com a realiza\u00e7\u00e3o do\u00a0Vodafone Rally de Portugal, sexta etapa da temporada. A edi\u00e7\u00e3o deste ano\u00a0introduz [&hellip;]<\/p>\n","protected":false},"author":2,"featured_media":28312,"comment_status":"open","ping_status":"open","sticky":false,"template":"","format":"standard","meta":{"_editorskit_title_hidden":false,"_editorskit_reading_time":0,"_editorskit_is_block_options_detached":false,"_editorskit_block_options_position":"{}","om_disable_all_campaigns":false,"_monsterinsights_skip_tracking":false,"_monsterinsights_sitenote_active":false,"_monsterinsights_sitenote_note":"","_monsterinsights_sitenote_category":0,"_uf_show_specific_survey":0,"_uf_disable_surveys":false,"site-sidebar-layout":"default","site-content-layout":"","ast-site-content-layout":"default","site-content-style":"default","site-sidebar-style":"default","ast-global-header-display":"","ast-banner-title-visibility":"","ast-main-header-display":"","ast-hfb-above-header-display":"","ast-hfb-below-header-display":"","ast-hfb-mobile-header-display":"","site-post-title":"","ast-breadcrumbs-content":"","ast-featured-img":"","footer-sml-layout":"","theme-transparent-header-meta":"default","adv-header-id-meta":"","stick-header-meta":"default","header-above-stick-meta":"","header-main-stick-meta":"","header-below-stick-meta":"","astra-migrate-meta-layouts":"set","ast-page-background-enabled":"default","ast-page-background-meta":{"desktop":{"background-color":"","background-image":"","background-repeat":"repeat","background-position":"center center","background-size":"auto","background-attachment":"scroll","background-type":"","background-media":"","overlay-type":"","overlay-color":"","overlay-opacity":"","overlay-gradient":""},"tablet":{"background-color":"","background-image":"","background-repeat":"repeat","background-position":"center center","background-size":"auto","background-attachment":"scroll","background-type":"","background-media":"","overlay-type":"","overlay-color":"","overlay-opacity":"","overlay-gradient":""},"mobile":{"background-color":"","background-image":"","background-repeat":"repeat","background-position":"center center","background-size":"auto","background-attachment":"scroll","background-type":"","background-media":"","overlay-type":"","overlay-color":"","overlay-opacity":"","overlay-gradient":""}},"ast-content-background-meta":{"desktop":{"background-color":"var(--ast-global-color-5)","background-image":"","background-repeat":"repeat","background-position":"center center","background-size":"auto","background-attachment":"scroll","background-type":"","background-media":"","overlay-type":"","overlay-color":"","overlay-opacity":"","overlay-gradient":""},"tablet":{"background-color":"var(--ast-global-color-5)","background-image":"","background-repeat":"repeat","background-position":"center center","background-size":"auto","background-attachment":"scroll","background-type":"","background-media":"","overlay-type":"","overlay-color":"","overlay-opacity":"","overlay-gradient":""},"mobile":{"background-color":"var(--ast-global-color-5)","background-image":"","background-repeat":"repeat","background-position":"center center","background-size":"auto","background-attachment":"scroll","background-type":"","background-media":"","overlay-type":"","overlay-color":"","overlay-opacity":"","overlay-gradient":""}},"footnotes":""},"categories":[11],"tags":[],"class_list":["post-28311","post","type-post","status-publish","format-standard","has-post-thumbnail","hentry","category-noticias"],"aioseo_notices":[],"_links":{"self":[{"href":"https:\/\/contarotacoes.com\/index.php?rest_route=\/wp\/v2\/posts\/28311","targetHints":{"allow":["GET"]}}],"collection":[{"href":"https:\/\/contarotacoes.com\/index.php?rest_route=\/wp\/v2\/posts"}],"about":[{"href":"https:\/\/contarotacoes.com\/index.php?rest_route=\/wp\/v2\/types\/post"}],"author":[{"embeddable":true,"href":"https:\/\/contarotacoes.com\/index.php?rest_route=\/wp\/v2\/users\/2"}],"replies":[{"embeddable":true,"href":"https:\/\/contarotacoes.com\/index.php?rest_route=%2Fwp%2Fv2%2Fcomments&post=28311"}],"version-history":[{"count":2,"href":"https:\/\/contarotacoes.com\/index.php?rest_route=\/wp\/v2\/posts\/28311\/revisions"}],"predecessor-version":[{"id":28315,"href":"https:\/\/contarotacoes.com\/index.php?rest_route=\/wp\/v2\/posts\/28311\/revisions\/28315"}],"wp:featuredmedia":[{"embeddable":true,"href":"https:\/\/contarotacoes.com\/index.php?rest_route=\/wp\/v2\/media\/28312"}],"wp:attachment":[{"href":"https:\/\/contarotacoes.com\/index.php?rest_route=%2Fwp%2Fv2%2Fmedia&parent=28311"}],"wp:term":[{"taxonomy":"category","embeddable":true,"href":"https:\/\/contarotacoes.com\/index.php?rest_route=%2Fwp%2Fv2%2Fcategories&post=28311"},{"taxonomy":"post_tag","embeddable":true,"href":"https:\/\/contarotacoes.com\/index.php?rest_route=%2Fwp%2Fv2%2Ftags&post=28311"}],"curies":[{"name":"wp","href":"https:\/\/api.w.org\/{rel}","templated":true}]}}