{"id":28255,"date":"2026-04-30T17:36:27","date_gmt":"2026-04-30T17:36:27","guid":{"rendered":"https:\/\/contarotacoes.com\/?p=28255"},"modified":"2026-04-30T17:52:17","modified_gmt":"2026-04-30T17:52:17","slug":"bruno-santos-aponta-a-vitoria-na-baja-tt-norte-de-portugal","status":"publish","type":"post","link":"https:\/\/contarotacoes.com\/?p=28255","title":{"rendered":"Bruno Santos aponta \u00e0 vit\u00f3ria na Baja TT Norte de Portugal"},"content":{"rendered":"<ul>\n<li style=\"text-align: justify;\"><strong>Piloto de Torres Vedras ambiciona vencer na estreia da prova nortenha<\/strong><\/li>\n<\/ul>\n<p style=\"text-align: justify;\">Bruno Santos prepara-se para enfrentar a Baja TT Norte de Portugal, que ser\u00e1 disputada de 1 a 3 de maio na regi\u00e3o de Tr\u00e1s-os-Montes, naquela que ser\u00e1 a segunda jornada do Campeonato Nacional de Todo-o-Terreno 2026.<\/p>\n<p style=\"text-align: justify;\">Ap\u00f3s a vit\u00f3ria na categoria Rally 2 no bp Ultimate Rally Raid Portugal e do triunfo na etapa inaugural do CNTT, o piloto de Torres Vedras apresenta-se muito motivado para a estreia desta prova nortenha no campeonato disputado sob a \u00e9gide da FMP e ir\u00e1 alinhar nesta competi\u00e7\u00e3o organizada pelo CAMI Motorsport aos comandos de uma Husqvarna. Bruno Santos assume ter como principal objetivo lutar pelo triunfo e somar importantes pontos para o campeonato. Apesar de se tratar de uma prova em pisos desconhecidos para si, o piloto demonstra confian\u00e7a em conseguir um desempenho positivo.<\/p>\n<p style=\"text-align: justify;\">\u201cDepois da fase mais exigente do ano para mim, principalmente devido \u00e0s corridas internacionais, entro agora numa \u00e9poca mais tranquila. A Baja TT Norte de Portugal vai ser uma total novidade para mim pois realiza-se numa regi\u00e3o nova, um s\u00edtio diferente, mas estou muito ansioso por correr nestas pistas diferentes. Acho que o campeonato tem muito a ganhar com novos organizadores, novos percursos, novas zonas do pa\u00eds para explorar. \u00c9 algo muito positivo. Creio tamb\u00e9m que ser\u00e1 um bom momento para p\u00f4r \u00e0 prova os pilotos que n\u00e3o est\u00e3o familiarizados com esta prova. Da minha parte, vou fazer tudo para vencer, porque esse \u00e9 o meu objetivo para este campeonato\u201d, refere Bruno Santos, piloto apoiado pela Momento TT.<\/p>\n<p style=\"text-align: justify;\">Organizada pelo CAMI Motorsport, a Baja TT Norte de Portugal apresenta uma grande diversidade de pistas que ser\u00e3o percorridas nos concelhos transmontanas de Boticas, Macedo de Cavaleiros, Mur\u00e7a, Valpa\u00e7os e Vila Pouca de Aguiar. Com um total de 440,39 quil\u00f3metros de extens\u00e3o, distribu\u00eddos por duas etapas a prova arranca com um pr\u00f3logo de 8,32 km no dia 1 de maio. A competi\u00e7\u00e3o prossegue com um setor seletivo de 214,03 km no s\u00e1bado, terminando com os 90,04 km de SS2, no domingo.<\/p>\n<p style=\"text-align: justify;\">Mais informa\u00e7\u00f5es sobre o piloto:<\/p>\n<p style=\"font-weight: 400; text-align: justify;\">Facebook:\u00a0<a href=\"http:\/\/www.facebook.com\/brunosantos.pag\" data-saferedirecturl=\"https:\/\/www.google.com\/url?q=http:\/\/www.facebook.com\/brunosantos.pag&amp;source=gmail&amp;ust=1777654709820000&amp;usg=AOvVaw0RoAOeqNnnkxbf-3K6fIBt\">www.facebook.com\/brunosantos.pag<\/a><br \/>\nInstagram:\u00a0<a href=\"http:\/\/www.instagram.com\/brunosantos.pag\/\" data-saferedirecturl=\"https:\/\/www.google.com\/url?q=http:\/\/www.instagram.com\/brunosantos.pag\/&amp;source=gmail&amp;ust=1777654709820000&amp;usg=AOvVaw0-ZlTqcck_SChe1XI9T9_m\">www.instagram.com\/brunosantos.pag\/<\/a><br \/>\nWebsite:\u00a0<a href=\"https:\/\/brunosantos.pt\/\" data-saferedirecturl=\"https:\/\/www.google.com\/url?q=https:\/\/brunosantos.pt\/&amp;source=gmail&amp;ust=1777654709820000&amp;usg=AOvVaw3Ip3LH2O9zKj1wDd45b8zn\">https:\/\/brunosantos.pt\/<\/a><\/p>\n","protected":false},"excerpt":{"rendered":"<p>Piloto de Torres Vedras ambiciona vencer na estreia da prova nortenha Bruno Santos prepara-se para enfrentar a Baja TT Norte de Portugal, que ser\u00e1 disputada de 1 a 3 de maio na regi\u00e3o de Tr\u00e1s-os-Montes, naquela que ser\u00e1 a segunda jornada do Campeonato Nacional de Todo-o-Terreno 2026. Ap\u00f3s a vit\u00f3ria na categoria Rally 2 no [&hellip;]<\/p>\n","protected":false},"author":2,"featured_media":28256,"comment_status":"open","ping_status":"open","sticky":false,"template":"","format":"standard","meta":{"_editorskit_title_hidden":false,"_editorskit_reading_time":0,"_editorskit_is_block_options_detached":false,"_editorskit_block_options_position":"{}","om_disable_all_campaigns":false,"_monsterinsights_skip_tracking":false,"_monsterinsights_sitenote_active":false,"_monsterinsights_sitenote_note":"","_monsterinsights_sitenote_category":0,"_uf_show_specific_survey":0,"_uf_disable_surveys":false,"site-sidebar-layout":"default","site-content-layout":"","ast-site-content-layout":"default","site-content-style":"default","site-sidebar-style":"default","ast-global-header-display":"","ast-banner-title-visibility":"","ast-main-header-display":"","ast-hfb-above-header-display":"","ast-hfb-below-header-display":"","ast-hfb-mobile-header-display":"","site-post-title":"","ast-breadcrumbs-content":"","ast-featured-img":"","footer-sml-layout":"","theme-transparent-header-meta":"default","adv-header-id-meta":"","stick-header-meta":"default","header-above-stick-meta":"","header-main-stick-meta":"","header-below-stick-meta":"","astra-migrate-meta-layouts":"set","ast-page-background-enabled":"default","ast-page-background-meta":{"desktop":{"background-color":"","background-image":"","background-repeat":"repeat","background-position":"center center","background-size":"auto","background-attachment":"scroll","background-type":"","background-media":"","overlay-type":"","overlay-color":"","overlay-opacity":"","overlay-gradient":""},"tablet":{"background-color":"","background-image":"","background-repeat":"repeat","background-position":"center center","background-size":"auto","background-attachment":"scroll","background-type":"","background-media":"","overlay-type":"","overlay-color":"","overlay-opacity":"","overlay-gradient":""},"mobile":{"background-color":"","background-image":"","background-repeat":"repeat","background-position":"center center","background-size":"auto","background-attachment":"scroll","background-type":"","background-media":"","overlay-type":"","overlay-color":"","overlay-opacity":"","overlay-gradient":""}},"ast-content-background-meta":{"desktop":{"background-color":"var(--ast-global-color-5)","background-image":"","background-repeat":"repeat","background-position":"center center","background-size":"auto","background-attachment":"scroll","background-type":"","background-media":"","overlay-type":"","overlay-color":"","overlay-opacity":"","overlay-gradient":""},"tablet":{"background-color":"var(--ast-global-color-5)","background-image":"","background-repeat":"repeat","background-position":"center center","background-size":"auto","background-attachment":"scroll","background-type":"","background-media":"","overlay-type":"","overlay-color":"","overlay-opacity":"","overlay-gradient":""},"mobile":{"background-color":"var(--ast-global-color-5)","background-image":"","background-repeat":"repeat","background-position":"center center","background-size":"auto","background-attachment":"scroll","background-type":"","background-media":"","overlay-type":"","overlay-color":"","overlay-opacity":"","overlay-gradient":""}},"footnotes":""},"categories":[11],"tags":[],"class_list":["post-28255","post","type-post","status-publish","format-standard","has-post-thumbnail","hentry","category-noticias"],"aioseo_notices":[],"_links":{"self":[{"href":"https:\/\/contarotacoes.com\/index.php?rest_route=\/wp\/v2\/posts\/28255","targetHints":{"allow":["GET"]}}],"collection":[{"href":"https:\/\/contarotacoes.com\/index.php?rest_route=\/wp\/v2\/posts"}],"about":[{"href":"https:\/\/contarotacoes.com\/index.php?rest_route=\/wp\/v2\/types\/post"}],"author":[{"embeddable":true,"href":"https:\/\/contarotacoes.com\/index.php?rest_route=\/wp\/v2\/users\/2"}],"replies":[{"embeddable":true,"href":"https:\/\/contarotacoes.com\/index.php?rest_route=%2Fwp%2Fv2%2Fcomments&post=28255"}],"version-history":[{"count":1,"href":"https:\/\/contarotacoes.com\/index.php?rest_route=\/wp\/v2\/posts\/28255\/revisions"}],"predecessor-version":[{"id":28257,"href":"https:\/\/contarotacoes.com\/index.php?rest_route=\/wp\/v2\/posts\/28255\/revisions\/28257"}],"wp:featuredmedia":[{"embeddable":true,"href":"https:\/\/contarotacoes.com\/index.php?rest_route=\/wp\/v2\/media\/28256"}],"wp:attachment":[{"href":"https:\/\/contarotacoes.com\/index.php?rest_route=%2Fwp%2Fv2%2Fmedia&parent=28255"}],"wp:term":[{"taxonomy":"category","embeddable":true,"href":"https:\/\/contarotacoes.com\/index.php?rest_route=%2Fwp%2Fv2%2Fcategories&post=28255"},{"taxonomy":"post_tag","embeddable":true,"href":"https:\/\/contarotacoes.com\/index.php?rest_route=%2Fwp%2Fv2%2Ftags&post=28255"}],"curies":[{"name":"wp","href":"https:\/\/api.w.org\/{rel}","templated":true}]}}