{"id":28251,"date":"2026-04-30T17:35:11","date_gmt":"2026-04-30T17:35:11","guid":{"rendered":"https:\/\/contarotacoes.com\/?p=28251"},"modified":"2026-04-30T17:35:11","modified_gmt":"2026-04-30T17:35:11","slug":"novo-mg4-urban-mais-espaco-e-mais-tecnologia-num-eletrico-desde-23-900e","status":"publish","type":"post","link":"https:\/\/contarotacoes.com\/?p=28251","title":{"rendered":"NOVO MG4 URBAN: MAIS ESPA\u00c7O E MAIS TECNOLOGIA NUM EL\u00c9TRICO DESDE 23 900\u20ac"},"content":{"rendered":"<ul>\n<li style=\"font-weight: 400;\"><strong>\u00a0<\/strong><span style=\"font-size: 16px;\">A Marca MG refor\u00e7a a sua proposta no segmento dos el\u00e9tricos compactos com o novo MG4 Urban, combinando espa\u00e7o, efici\u00eancia e tecnologia de segmentos superiores.<\/span><\/li>\n<li>Habit\u00e1culo amplo, homologa\u00e7\u00e3o para cinco passageiros e bagageira com mais de 500 litros \u2014 uma proposta rara no segmento.<\/li>\n<li>Dispon\u00edvel desde 23 900\u20ac, afirma-se como uma solu\u00e7\u00e3o el\u00e9trica completa para utiliza\u00e7\u00e3o familiar.<\/li>\n<li>Autonomia at\u00e9 418 km e carregamento r\u00e1pido de 10 a 80% em 28 minutos.<\/li>\n<li>Futuramente dispon\u00edvel com baterias semiss\u00f3lidas, refor\u00e7ando o papel pioneiro da MG.<\/li>\n<li>Classifica\u00e7\u00e3o m\u00e1xima de 5 estrelas Euro NCAP.<strong style=\"font-size: 16px;\">\u00a0<\/strong><\/li>\n<\/ul>\n<p style=\"font-weight: 400;\">A MG anuncia o lan\u00e7amento do novo <strong>MG4 Urban<\/strong>\u00a0em Portugal, dispon\u00edvel a partir de\u00a0<strong>23 900\u20ac<\/strong>, refor\u00e7ando a sua estrat\u00e9gia de tornar a mobilidade el\u00e9trica mais acess\u00edvel, sem comprometer atributos essenciais como espa\u00e7o, tecnologia e seguran\u00e7a.<\/p>\n<p style=\"font-weight: 400;\">Mais do que uma proposta competitiva em termos de pre\u00e7o, o\u00a0<strong>MG4 Urban<\/strong>\u00a0distingue-se por oferecer caracter\u00edsticas pouco comuns no seu segmento. Com um habit\u00e1culo verdadeiramente espa\u00e7oso para cinco adultos e uma bagageira com mais de 500 litros, posiciona-se como uma solu\u00e7\u00e3o pr\u00e1tica e vers\u00e1til para fam\u00edlias, ultrapassando as limita\u00e7\u00f5es t\u00edpicas dos modelos urbanos el\u00e9tricos.<\/p>\n<p style=\"font-weight: 400; text-align: justify;\">A gama inclui ainda as vers\u00f5es\u00a0<strong>MG4 Comfort 54 kWh (desde 26 400\u20ac)<\/strong>\u00a0e\u00a0<strong>MG4 Luxury 54 kWh (desde 29 400\u20ac)<\/strong>, permitindo aos clientes escolher o n\u00edvel de equipamento e autonomia mais adequado \u00e0s suas necessidades.<\/p>\n<p style=\"font-weight: 400; text-align: justify;\">Dispon\u00edvel com baterias de\u00a0<strong>43 kWh<\/strong>\u00a0e\u00a0<strong>54 kWh<\/strong>, o\u00a0<strong>MG4 Urban<\/strong>\u00a0oferece autonomias at\u00e9\u00a0<strong>418 km (WLTP).<\/strong>\u00a0O carregamento r\u00e1pido at\u00e9\u00a0<strong>82 kW<\/strong>\u00a0permite recuperar de\u00a0<strong>10%<\/strong>\u00a0a\u00a0<strong>80%<\/strong>\u00a0em apenas\u00a0<strong>28 minutos<\/strong>. Equipado com um motor de\u00a0<strong>110 kW (149 cv)<\/strong>\u00a0e\u00a0<strong>250 Nm<\/strong>, acelera dos\u00a0<strong>0 aos 100 km\/h em 9,6 segundos<\/strong>, garantindo uma condu\u00e7\u00e3o equilibrada entre efici\u00eancia e desempenho.<\/p>\n<p style=\"font-weight: 400; text-align: justify;\">At\u00e9 ao final do ano, a MG ir\u00e1 introduzir uma vers\u00e3o equipada com baterias semiss\u00f3lidas, uma tecnologia de nova gera\u00e7\u00e3o onde a Marca assume um papel pioneiro na produ\u00e7\u00e3o em s\u00e9rie.<\/p>\n<p style=\"font-weight: 400; text-align: justify;\">Para\u00a0<strong>Ricardo Lotra, Diretor Comercial da Marca<\/strong>, \u201co\u00a0<strong>MG4 Urban<\/strong>\u00a0demonstra que j\u00e1 n\u00e3o \u00e9 necess\u00e1rio escolher entre pre\u00e7o, espa\u00e7o ou tecnologia. Conseguimos reunir numa \u00fanica proposta atributos que, habitualmente, est\u00e3o reservados a segmentos superiores, mantendo uma oferta altamente competitiva. \u00c9 um modelo pensado para responder \u00e0s necessidades reais das fam\u00edlias portuguesas e para acelerar a ado\u00e7\u00e3o da mobilidade el\u00e9trica em Portugal.\u201d<strong>\u00a0<\/strong><\/p>\n<p style=\"font-weight: 400; text-align: justify;\"><strong>Tecnologia e experi\u00eancia de condu\u00e7\u00e3o acima do segmento<\/strong><\/p>\n<p style=\"font-weight: 400; text-align: justify;\">O\u00a0<strong>MG4 Urban<\/strong>\u00a0integra tecnologias pouco comuns na sua categoria, como a bomba de calor, que otimiza a efici\u00eancia energ\u00e9tica, e o sistema Vehicle-to-Load (V2L), permitindo alimentar dispositivos externos.<\/p>\n<p style=\"font-weight: 400; text-align: justify;\">Desde a vers\u00e3o base, o equipamento inclui jantes de liga leve, luzes autom\u00e1ticas, painel de instrumentos digital de 7\u201d, ecr\u00e3 central de 12,8\u201d, sensores de estacionamento, C\u00e2mara Traseira, navega\u00e7\u00e3o integrada, conectividade sem fios com Apple CarPlay e Android Auto e integra\u00e7\u00e3o com a aplica\u00e7\u00e3o MG iSmart.<\/p>\n<p style=\"font-weight: 400; text-align: justify;\">O comportamento din\u00e2mico foi afinado para oferecer equil\u00edbrio entre conforto e controlo, com destaque para a regenera\u00e7\u00e3o de energia ajust\u00e1vel (incluindo modo One Pedal) e cinco modos de condu\u00e7\u00e3o: Neve, ECO, Padr\u00e3o, Desportivo e Personalizado.<\/p>\n<p style=\"font-weight: 400; text-align: justify;\"><strong>Seguran\u00e7a como pilar central<\/strong><\/p>\n<p style=\"font-weight: 400; text-align: justify;\">O\u00a0<strong>MG4 Urban<\/strong>\u00a0alcan\u00e7ou as 5 estrelas Euro NCAP, refletindo elevados padr\u00f5es de seguran\u00e7a.<\/p>\n<p style=\"font-weight: 400; text-align: justify;\">A sua estrutura integra cerca de 90% de a\u00e7o de alta resist\u00eancia e inclui sete airbags de s\u00e9rie. O sistema de baterias incorpora solu\u00e7\u00f5es avan\u00e7adas de prote\u00e7\u00e3o, monitoriza\u00e7\u00e3o e gest\u00e3o t\u00e9rmica.<\/p>\n<p style=\"font-weight: 400; text-align: justify;\">Todas as vers\u00f5es incluem o sistema MG Pilot, com 16 sistemas avan\u00e7ados de assist\u00eancia \u00e0 condu\u00e7\u00e3o.<strong>\u00a0<\/strong><\/p>\n<p style=\"font-weight: 400; text-align: justify;\"><strong>Sobre a MG<\/strong><\/p>\n<p style=\"font-weight: 400; text-align: justify;\">Fundada em Inglaterra em 1924, a MG tornou-se numa das Marcas de autom\u00f3veis mais reconhecidas do mundo. Famosa pelo fabrico de carros brit\u00e2nicos desportivos, elegantes e acess\u00edveis que proporcionaram emo\u00e7\u00e3o a milh\u00f5es de pessoas por conduzirem um MG. Mais de um s\u00e9culo depois, o legado de inova\u00e7\u00e3o e acessibilidade da MG continua vivo, n\u00e3o s\u00f3 nos milhares de modelos cl\u00e1ssicos apreciados por entusiastas em todo o mundo, como tamb\u00e9m na nova gera\u00e7\u00e3o de ve\u00edculos da Marca concebidos para o futuro da mobilidade.<\/p>\n<p style=\"font-weight: 400; text-align: justify;\">Hoje, a MG oferece aos condutores europeus uma gama abrangente de modelos, dando resposta a diferentes necessidades de mobilidade Al\u00e9m de ve\u00edculos el\u00e9tricos acess\u00edveis, est\u00e3o dispon\u00edveis h\u00edbridos avan\u00e7ados e altamente eficientes. A MG tem sido elogiada por tornar os ve\u00edculos el\u00e9tricos acess\u00edveis a todos, pr\u00e1ticos e divertidos de conduzir.<\/p>\n<p style=\"font-weight: 400; text-align: justify;\">Na Europa, a MG est\u00e1 presente em 34 pa\u00edses, mais de 1000 concession\u00e1rios parceiros, apoiada por uma garantia de 7 anos\/150 000 km, conquistando a confian\u00e7a dos clientes em todo o continente europeu.<\/p>\n<p style=\"font-weight: 400; text-align: justify;\">Para saber mais sobre a MG Motor Portugal e a nossa gama de ve\u00edculos visite o nosso website em:\u00a0<a href=\"https:\/\/www.mgmotor.eu\/pt-PT\" data-saferedirecturl=\"https:\/\/www.google.com\/url?q=https:\/\/www.mgmotor.eu\/pt-PT&amp;source=gmail&amp;ust=1777654709791000&amp;usg=AOvVaw2I7RUbia_fuZ7645owBsVG\">https:\/\/www.mgmotor.eu\/pt-PT<\/a>.<\/p>\n","protected":false},"excerpt":{"rendered":"<p>\u00a0A Marca MG refor\u00e7a a sua proposta no segmento dos el\u00e9tricos compactos com o novo MG4 Urban, combinando espa\u00e7o, efici\u00eancia e tecnologia de segmentos superiores. Habit\u00e1culo amplo, homologa\u00e7\u00e3o para cinco passageiros e bagageira com mais de 500 litros \u2014 uma proposta rara no segmento. Dispon\u00edvel desde 23 900\u20ac, afirma-se como uma solu\u00e7\u00e3o el\u00e9trica completa para [&hellip;]<\/p>\n","protected":false},"author":2,"featured_media":28252,"comment_status":"open","ping_status":"open","sticky":false,"template":"","format":"standard","meta":{"_editorskit_title_hidden":false,"_editorskit_reading_time":0,"_editorskit_is_block_options_detached":false,"_editorskit_block_options_position":"{}","om_disable_all_campaigns":false,"_monsterinsights_skip_tracking":false,"_monsterinsights_sitenote_active":false,"_monsterinsights_sitenote_note":"","_monsterinsights_sitenote_category":0,"_uf_show_specific_survey":0,"_uf_disable_surveys":false,"site-sidebar-layout":"default","site-content-layout":"","ast-site-content-layout":"default","site-content-style":"default","site-sidebar-style":"default","ast-global-header-display":"","ast-banner-title-visibility":"","ast-main-header-display":"","ast-hfb-above-header-display":"","ast-hfb-below-header-display":"","ast-hfb-mobile-header-display":"","site-post-title":"","ast-breadcrumbs-content":"","ast-featured-img":"","footer-sml-layout":"","theme-transparent-header-meta":"default","adv-header-id-meta":"","stick-header-meta":"default","header-above-stick-meta":"","header-main-stick-meta":"","header-below-stick-meta":"","astra-migrate-meta-layouts":"set","ast-page-background-enabled":"default","ast-page-background-meta":{"desktop":{"background-color":"","background-image":"","background-repeat":"repeat","background-position":"center center","background-size":"auto","background-attachment":"scroll","background-type":"","background-media":"","overlay-type":"","overlay-color":"","overlay-opacity":"","overlay-gradient":""},"tablet":{"background-color":"","background-image":"","background-repeat":"repeat","background-position":"center center","background-size":"auto","background-attachment":"scroll","background-type":"","background-media":"","overlay-type":"","overlay-color":"","overlay-opacity":"","overlay-gradient":""},"mobile":{"background-color":"","background-image":"","background-repeat":"repeat","background-position":"center center","background-size":"auto","background-attachment":"scroll","background-type":"","background-media":"","overlay-type":"","overlay-color":"","overlay-opacity":"","overlay-gradient":""}},"ast-content-background-meta":{"desktop":{"background-color":"var(--ast-global-color-5)","background-image":"","background-repeat":"repeat","background-position":"center center","background-size":"auto","background-attachment":"scroll","background-type":"","background-media":"","overlay-type":"","overlay-color":"","overlay-opacity":"","overlay-gradient":""},"tablet":{"background-color":"var(--ast-global-color-5)","background-image":"","background-repeat":"repeat","background-position":"center center","background-size":"auto","background-attachment":"scroll","background-type":"","background-media":"","overlay-type":"","overlay-color":"","overlay-opacity":"","overlay-gradient":""},"mobile":{"background-color":"var(--ast-global-color-5)","background-image":"","background-repeat":"repeat","background-position":"center center","background-size":"auto","background-attachment":"scroll","background-type":"","background-media":"","overlay-type":"","overlay-color":"","overlay-opacity":"","overlay-gradient":""}},"footnotes":""},"categories":[13],"tags":[],"class_list":["post-28251","post","type-post","status-publish","format-standard","has-post-thumbnail","hentry","category-comercio"],"aioseo_notices":[],"_links":{"self":[{"href":"https:\/\/contarotacoes.com\/index.php?rest_route=\/wp\/v2\/posts\/28251","targetHints":{"allow":["GET"]}}],"collection":[{"href":"https:\/\/contarotacoes.com\/index.php?rest_route=\/wp\/v2\/posts"}],"about":[{"href":"https:\/\/contarotacoes.com\/index.php?rest_route=\/wp\/v2\/types\/post"}],"author":[{"embeddable":true,"href":"https:\/\/contarotacoes.com\/index.php?rest_route=\/wp\/v2\/users\/2"}],"replies":[{"embeddable":true,"href":"https:\/\/contarotacoes.com\/index.php?rest_route=%2Fwp%2Fv2%2Fcomments&post=28251"}],"version-history":[{"count":1,"href":"https:\/\/contarotacoes.com\/index.php?rest_route=\/wp\/v2\/posts\/28251\/revisions"}],"predecessor-version":[{"id":28253,"href":"https:\/\/contarotacoes.com\/index.php?rest_route=\/wp\/v2\/posts\/28251\/revisions\/28253"}],"wp:featuredmedia":[{"embeddable":true,"href":"https:\/\/contarotacoes.com\/index.php?rest_route=\/wp\/v2\/media\/28252"}],"wp:attachment":[{"href":"https:\/\/contarotacoes.com\/index.php?rest_route=%2Fwp%2Fv2%2Fmedia&parent=28251"}],"wp:term":[{"taxonomy":"category","embeddable":true,"href":"https:\/\/contarotacoes.com\/index.php?rest_route=%2Fwp%2Fv2%2Fcategories&post=28251"},{"taxonomy":"post_tag","embeddable":true,"href":"https:\/\/contarotacoes.com\/index.php?rest_route=%2Fwp%2Fv2%2Ftags&post=28251"}],"curies":[{"name":"wp","href":"https:\/\/api.w.org\/{rel}","templated":true}]}}