{"id":28248,"date":"2026-04-30T17:24:48","date_gmt":"2026-04-30T17:24:48","guid":{"rendered":"https:\/\/contarotacoes.com\/?p=28248"},"modified":"2026-04-30T17:24:48","modified_gmt":"2026-04-30T17:24:48","slug":"45a-rampa-da-falperra-espetaculo-garantido-com-campeao-christian-merli-e-varias-novidades","status":"publish","type":"post","link":"https:\/\/contarotacoes.com\/?p=28248","title":{"rendered":"45\u00aa Rampa da Falperra: espet\u00e1culo garantido com campe\u00e3o Christian Merli e v\u00e1rias novidades"},"content":{"rendered":"<ul>\n<li style=\"text-align: justify;\"><strong>Europeu teve o seu arranque este \u00faltimo fim de semana na \u00c1ustria e o italiano Christian Merli entrou com o p\u00e9 direito, ao bater o franc\u00eas Kevin Petit por 0,347 segundos<\/strong><\/li>\n<\/ul>\n<p style=\"text-align: justify;\">Tudo se conjuga para que a 45\u00aa Rampa da Falperra (16\/17 maio), terceira jornada do Campeonato da Europa de Montanha (EHC) e este ano prova que atribui a Ta\u00e7a de Portugal de Montanha, seja a tradicional festa do desporto motorizado da regi\u00e3o de Braga que atrai milhares de espetadores. O campe\u00e3o europeu Christian Merli (Nova Proto NP01), vencedor das \u00faltimas seis edi\u00e7\u00f5es desta subida ao Sameiro, e um conjunto alargado de figuras de primeira linha do Europeu, como Kevin Petit (Nova Proto NP01), Petr Trnka (Nova Proto NP01-2C), Joseba Iraola Lanzagorta (Nova Proto NP01), Alexander Hin (Nova Proto NP01) ou Fausto Bormolini (Wolf Mistral), entre muitos outros, como o austr\u00edaco Nikolay Zlatkov, num Audi A4 Pikes Peak, ser\u00e3o garantia de um espet\u00e1culo de qualidade.<\/p>\n<p style=\"text-align: justify;\">Nas Bodas de Rubi (45 edi\u00e7\u00f5es) da Rampa da Falperra, que este ano suceder\u00e1 \u00e0s jornadas do EHC de Rechberg (\u00c1ustria), no passado fim de semana, e de El Fito (9\/10 maio), o Clube Autom\u00f3vel do Minho (CAM) perspetiva um evento que corresponda, social e desportivamente, n\u00e3o s\u00f3 \u00e0s expetativas dos seus parceiros e patrocinadores, como dos habituais entusiastas que todos os anos aguardam ansiosamente por um evento que \u00e9 uma das imagens de marca de Braga.<\/p>\n<p style=\"text-align: justify;\"><strong>\u201c\u00c9 com muito orgulho e esp\u00edrito de miss\u00e3o que o CAM coloca de p\u00e9 mais uma edi\u00e7\u00e3o da Rampa da Falperra, um evento de refer\u00eancia n\u00e3o s\u00f3 da cidade de Braga como do pr\u00f3prio Campeonato Europeu de Montanha e desta vez chegamos a um patamar muito especial: 45 edi\u00e7\u00f5es. Neste ano de Bodas de Rubi, pedra preciosa que simboliza paix\u00e3o, for\u00e7a, solidez e maturidade, direi que esses atributos refletem a ess\u00eancia do trabalho desenvolvido, nestas quatro d\u00e9cadas e meia, por todos quantos lideraram o CAM, projetando a Rampa da Falperra at\u00e9 ao mais alto n\u00edvel. E fa\u00e7o votos para, face ao futuro e nos tempos de mudan\u00e7a que vivemos, que este legado perdure por muitos e bons anos\u2026\u201d<\/strong>, sublinhou Rog\u00e9rio Peixoto, presidente do Clube Autom\u00f3vel do Minho.<\/p>\n<p style=\"text-align: justify;\">Este \u00faltimo domingo, na \u00c1ustria, Christian Merli (Nova Proto NP01), que ser\u00e1 o favorito n\u00famero um \u00e0 vit\u00f3ria na 45\u00aa Rampa da Falperra, triunfou na abertura do EHC\u20192026, ao terminar as duas subidas em Rechberg com uma vantagem de apenas 0,347s para o franc\u00eas Kevin Petit (Nova Proto NP01). O checo Petr Trnka (Nova Proto NP01-2C) conquistou o \u00faltimo lugar do p\u00f3dio e o seu compatriota e colega do Liqui Moly Racing Team, Ronnie Bratschi (Mitsubishi Lancer Evo VII RS), venceu a categoria 1 (Turismos).<\/p>\n<p style=\"text-align: justify;\"><strong>ASFALTO RENOVADO E AS MESMAS BANCADAS<\/strong><\/p>\n<p style=\"text-align: justify;\">O tra\u00e7ado da Falperra, na EN 309, cujo per\u00edmetro da rampa \u00e9 de 5.200 metros, est\u00e1 a ser alvo de obras de renova\u00e7\u00e3o em algumas zonas, recebendo novos \u201ctapetes\u201d de asfalto, a cargo da Infraestruturas de Portugal, empresa p\u00fablica respons\u00e1vel pela rede rodovi\u00e1ria nacional. Esse trabalho incide nos locais, designadamente nas zonas de travagem, em que o asfalto se encontrava mais degradado.<\/p>\n<p style=\"text-align: justify;\">\u00c0 semelhan\u00e7a dos anos anteriores, o Clube Autom\u00f3vel do Minho vai instalar duas bancadas, nas Curvas do Barroco e do Papa, al\u00e9m de uma Zona Vip, na zona da chegada, ou seja, a seguir \u00e0 \u00faltima curva. Haver\u00e1 lugares de pe\u00e3o em algumas zonas do tra\u00e7ado.<\/p>\n<p style=\"text-align: justify;\">A bilheteira j\u00e1 se encontra dispon\u00edvel em <a href=\"https:\/\/easyticket.pt\/e\/falperra26\/\">https:\/\/easyticket.pt\/e\/falperra26\/<\/a><\/p>\n<p style=\"text-align: justify;\">O pre\u00e7o dos ingressos varia entre os 5\u20ac (pe\u00e3o\/dia) e os 80\u20ac (Zona Vip\/2 dias), sendo que um lugar de bancada na Curva do Barroso custa 20\u20ac (dia) e na Curva do Papa 25\u20ac (dia).<\/p>\n<p style=\"text-align: justify;\"><strong>O\u2019PLAY MUDA-SE PARA OS PROT\u00d3TIPOS<\/strong><\/p>\n<p style=\"text-align: justify;\">O italiano Antonio Migliuolo, atual campe\u00e3o europeu em t\u00edtulo da categoria 1 (Turismos), que corre h\u00e1 v\u00e1rios anos no Europeu com o pseud\u00f3nimo de O\u2019\u2019Play, decidiu esta \u00e9poca operar uma mudan\u00e7a na sua carreira, transferindo-se para a categoria 2 (Prot\u00f3tipos). Arrumado o espetacular e \u201cvitaminado\u201d Mitsubishi Lancer Evo X, o piloto de Terre D\u2019Adige optou por um Nova Proto NP03. O motor Aprilia, de 1.150 cc, \u00e9 derivado da unidade que equipa as motos e desenvolve uma pot\u00eancia de 230cv.<\/p>\n<p style=\"text-align: justify;\"><strong>PETR TRNK DE VOLTA COM O LIQUI MOLY RACING TEAM<\/strong><\/p>\n<p style=\"text-align: justify;\">O checo Petr Trnk est\u00e1 de regresso ao EHC, ap\u00f3s um ano de aus\u00eancia, e f\u00e1-lo integrado no Liqui Moly Racing Team, equipa da Rep\u00fablica Checa. Trnk esteve na Falperra pela primeira vez em 2023 e voltou no ano seguinte, de novo com o Norma M20FC, regressando a casa sempre com o segundo lugar\u2026 atr\u00e1s de Christian Merli (Osella FA30). Este ano, o piloto checo, cujo monolugar ostentava em Braga o patroc\u00ednio de um fabricante de armamento do seu pa\u00eds [Excalibur Army], guiar\u00e1 um Nova Proto NP01-2C com as cores do Liqui Moly Racing Team. A equipa checa dever\u00e1 fazer alinhar ainda na Falperra mais tr\u00eas pilotos: David Dedek (Nova Proto NP03), Marek Rybnicek (Skoda Fabia RS Rally2) e o su\u00ed\u00e7o Ronnie Bratschi (Mitsubishi Lancer Evo VII RS).<\/p>\n<p style=\"text-align: justify;\"><strong>BORMOLINI: NOVO WOLF GB08 F\u00ca-LO MUDAR DE PLANOS\u2026<\/strong><\/p>\n<p style=\"text-align: justify;\">Estreante no EHC h\u00e1 32 anos, Fausto Bormolini, que \u00e9 um dos pilotos mais antigos do campeonato e at\u00e9 tem o seu nome no quadro de honra da Falperra, ao sagrar-se vencedor da edi\u00e7\u00e3o de 2011, ent\u00e3o com um Reynard K02, tencionava \u201creformar-se\u201d esta \u00e9poca, mas decidiu voltar atr\u00e1s. O projeto do novo Wolf GB08 Mistral Aurobay Turbo que lhe foi apresentado pela Wolf Racing Cars e o convite para ser respons\u00e1vel pelo seu desenvolvimento nas provas de montanha f\u00ea-lo mudar de ideias. <strong>\u201cO Mistral impressionou-me de imediato, sobretudo pelo n\u00edvel de seguran\u00e7a da constru\u00e7\u00e3o que se adapta \u00e0s novas regras FIA para 2026\u201d<\/strong>, comentou, a prop\u00f3sito do novo monolugar da Wolf Racing Cars, um construtor italiano sedeado em Brescia fundado em 2009 e conhecido pelo fabrico de prot\u00f3tipos. O Wolf GB08 Mistral, monocoque em fibra de carbono com Halo, \u00e9 um monolugar com rodas cobertas e aerodin\u00e2mica com efeito de solo, equipado com um motor Aurobay Turbo.<\/p>\n<p style=\"text-align: justify;\"><strong>ALEXANDER HIN COM APOIO T\u00c9CNICO DE MERLI<\/strong><\/p>\n<p style=\"text-align: justify;\">O alem\u00e3o Alexander Hin, um dos pilotos ass\u00edduos nas \u00faltimas \u00e9pocas do EHC, e que em 2024, ent\u00e3o ao volante de um Osella FA30, foi quarto classificado em Braga, decidiu mudar de carro para este ano, escolhendo um Nova Proto NP01. Hin vai contar, ao longo da temporada, com o apoio t\u00e9cnico da equipa do campe\u00e3o Christian Merli, que desde o ano passado corre com uma daqueles monolugares e \u00e9 hoje um profundo conhecedor do mesmo.<\/p>\n<p style=\"text-align: justify;\"><strong>JOSEBA IRAOLA LANZAGORTA MAIS AMBICIOSO QUE NUNCA<\/strong><\/p>\n<p style=\"text-align: justify;\">A Iraola Motorsport contar\u00e1 com o apoio de um novo patrocinador para 2026 \u2013 a petrol\u00edfera Petronor, do Grupo Repsol \u2013, que vem refor\u00e7ar as ambi\u00e7\u00f5es do basco Joseba Iraola Lanzagorta, fiel ao seu Nova Proto NP01, no EHC. Lanzagorta estreou-se na Falperra em 2022 (4\u00ba lugar final) e o seu melhor resultado foi conquistado no ano seguinte, quando subiu ao p\u00f3dio. Em 2024 concluiu a prova do Clube Autom\u00f3vel do Minho em 6\u00ba e o ano passado no 4\u00ba lugar.<\/p>\n<p style=\"text-align: justify;\"><strong>Programa hor\u00e1rio<\/strong><\/p>\n<p style=\"text-align: justify;\"><strong><u>S\u00c1BADO <\/u><\/strong><u>(16 maio)<\/u><\/p>\n<p style=\"text-align: justify;\">07h30: Fecho da Pista<\/p>\n<p style=\"text-align: justify;\"><strong>Ta\u00e7a de Portugal de Montanha<\/strong><\/p>\n<p style=\"text-align: justify;\">08h00\/08h20: Descida<\/p>\n<p style=\"text-align: justify;\">\u00a0\u00a0\u00a0\u00a0\u00a0\u00a0\u00a0\u00a0\u00a0\u00a0\u00a0\u00a0\u00a0\u00a0 Treino Oficial 1<\/p>\n<p style=\"text-align: justify;\">\u00a0\u00a0\u00a0\u00a0\u00a0\u00a0\u00a0\u00a0\u00a0\u00a0\u00a0\u00a0\u00a0\u00a0 Treino Oficial 2<\/p>\n<p style=\"text-align: justify;\">\u00a0\u00a0\u00a0\u00a0\u00a0\u00a0\u00a0\u00a0\u00a0\u00a0\u00a0\u00a0\u00a0\u00a0 Subida Oficial 1<\/p>\n<p style=\"text-align: justify;\"><strong>Campeonato da Europa de Montanha<\/strong><\/p>\n<p style=\"text-align: justify;\">10h00 \u2013 Treino Oficial 1<\/p>\n<p style=\"text-align: justify;\">\u00a0\u00a0\u00a0\u00a0\u00a0\u00a0\u00a0\u00a0\u00a0\u00a0\u00a0\u00a0\u00a0\u00a0\u00a0 Treino Oficial 2<\/p>\n<p style=\"text-align: justify;\">\u00a0\u00a0\u00a0\u00a0\u00a0\u00a0\u00a0\u00a0\u00a0\u00a0\u00a0\u00a0\u00a0\u00a0\u00a0 Treino Oficial 3<\/p>\n<p style=\"text-align: justify;\"><strong><u>DOMINGO <\/u><\/strong><u>(17 maio)<\/u><\/p>\n<p style=\"text-align: justify;\">07h30: Fecho da Pista<\/p>\n<p style=\"text-align: justify;\"><strong>Ta\u00e7a de Portugal de Montanha<\/strong><\/p>\n<p style=\"text-align: justify;\">08h00\/08h20: Descida<\/p>\n<p style=\"text-align: justify;\">Treino Oficial 3<\/p>\n<p style=\"text-align: justify;\">Subida Oficial 2<\/p>\n<p style=\"text-align: justify;\"><strong>Campeonato da Europa de Montanha<\/strong><\/p>\n<p style=\"text-align: justify;\">10h30: 1\u00aa Subida de Prova<\/p>\n<p style=\"text-align: justify;\">\u00a0\u00a0\u00a0\u00a0\u00a0\u00a0\u00a0\u00a0\u00a0\u00a0\u00a0\u00a0\u00a0 2\u00aa Subida de Prova<\/p>\n<p style=\"text-align: justify;\">\n","protected":false},"excerpt":{"rendered":"<p>Europeu teve o seu arranque este \u00faltimo fim de semana na \u00c1ustria e o italiano Christian Merli entrou com o p\u00e9 direito, ao bater o franc\u00eas Kevin Petit por 0,347 segundos Tudo se conjuga para que a 45\u00aa Rampa da Falperra (16\/17 maio), terceira jornada do Campeonato da Europa de Montanha (EHC) e este ano [&hellip;]<\/p>\n","protected":false},"author":2,"featured_media":28249,"comment_status":"open","ping_status":"open","sticky":false,"template":"","format":"standard","meta":{"_editorskit_title_hidden":false,"_editorskit_reading_time":0,"_editorskit_is_block_options_detached":false,"_editorskit_block_options_position":"{}","om_disable_all_campaigns":false,"_monsterinsights_skip_tracking":false,"_monsterinsights_sitenote_active":false,"_monsterinsights_sitenote_note":"","_monsterinsights_sitenote_category":0,"_uf_show_specific_survey":0,"_uf_disable_surveys":false,"site-sidebar-layout":"default","site-content-layout":"","ast-site-content-layout":"default","site-content-style":"default","site-sidebar-style":"default","ast-global-header-display":"","ast-banner-title-visibility":"","ast-main-header-display":"","ast-hfb-above-header-display":"","ast-hfb-below-header-display":"","ast-hfb-mobile-header-display":"","site-post-title":"","ast-breadcrumbs-content":"","ast-featured-img":"","footer-sml-layout":"","theme-transparent-header-meta":"default","adv-header-id-meta":"","stick-header-meta":"default","header-above-stick-meta":"","header-main-stick-meta":"","header-below-stick-meta":"","astra-migrate-meta-layouts":"set","ast-page-background-enabled":"default","ast-page-background-meta":{"desktop":{"background-color":"","background-image":"","background-repeat":"repeat","background-position":"center center","background-size":"auto","background-attachment":"scroll","background-type":"","background-media":"","overlay-type":"","overlay-color":"","overlay-opacity":"","overlay-gradient":""},"tablet":{"background-color":"","background-image":"","background-repeat":"repeat","background-position":"center center","background-size":"auto","background-attachment":"scroll","background-type":"","background-media":"","overlay-type":"","overlay-color":"","overlay-opacity":"","overlay-gradient":""},"mobile":{"background-color":"","background-image":"","background-repeat":"repeat","background-position":"center center","background-size":"auto","background-attachment":"scroll","background-type":"","background-media":"","overlay-type":"","overlay-color":"","overlay-opacity":"","overlay-gradient":""}},"ast-content-background-meta":{"desktop":{"background-color":"var(--ast-global-color-5)","background-image":"","background-repeat":"repeat","background-position":"center center","background-size":"auto","background-attachment":"scroll","background-type":"","background-media":"","overlay-type":"","overlay-color":"","overlay-opacity":"","overlay-gradient":""},"tablet":{"background-color":"var(--ast-global-color-5)","background-image":"","background-repeat":"repeat","background-position":"center center","background-size":"auto","background-attachment":"scroll","background-type":"","background-media":"","overlay-type":"","overlay-color":"","overlay-opacity":"","overlay-gradient":""},"mobile":{"background-color":"var(--ast-global-color-5)","background-image":"","background-repeat":"repeat","background-position":"center center","background-size":"auto","background-attachment":"scroll","background-type":"","background-media":"","overlay-type":"","overlay-color":"","overlay-opacity":"","overlay-gradient":""}},"footnotes":""},"categories":[11],"tags":[],"class_list":["post-28248","post","type-post","status-publish","format-standard","has-post-thumbnail","hentry","category-noticias"],"aioseo_notices":[],"_links":{"self":[{"href":"https:\/\/contarotacoes.com\/index.php?rest_route=\/wp\/v2\/posts\/28248","targetHints":{"allow":["GET"]}}],"collection":[{"href":"https:\/\/contarotacoes.com\/index.php?rest_route=\/wp\/v2\/posts"}],"about":[{"href":"https:\/\/contarotacoes.com\/index.php?rest_route=\/wp\/v2\/types\/post"}],"author":[{"embeddable":true,"href":"https:\/\/contarotacoes.com\/index.php?rest_route=\/wp\/v2\/users\/2"}],"replies":[{"embeddable":true,"href":"https:\/\/contarotacoes.com\/index.php?rest_route=%2Fwp%2Fv2%2Fcomments&post=28248"}],"version-history":[{"count":1,"href":"https:\/\/contarotacoes.com\/index.php?rest_route=\/wp\/v2\/posts\/28248\/revisions"}],"predecessor-version":[{"id":28250,"href":"https:\/\/contarotacoes.com\/index.php?rest_route=\/wp\/v2\/posts\/28248\/revisions\/28250"}],"wp:featuredmedia":[{"embeddable":true,"href":"https:\/\/contarotacoes.com\/index.php?rest_route=\/wp\/v2\/media\/28249"}],"wp:attachment":[{"href":"https:\/\/contarotacoes.com\/index.php?rest_route=%2Fwp%2Fv2%2Fmedia&parent=28248"}],"wp:term":[{"taxonomy":"category","embeddable":true,"href":"https:\/\/contarotacoes.com\/index.php?rest_route=%2Fwp%2Fv2%2Fcategories&post=28248"},{"taxonomy":"post_tag","embeddable":true,"href":"https:\/\/contarotacoes.com\/index.php?rest_route=%2Fwp%2Fv2%2Ftags&post=28248"}],"curies":[{"name":"wp","href":"https:\/\/api.w.org\/{rel}","templated":true}]}}