{"id":28230,"date":"2026-04-30T17:08:38","date_gmt":"2026-04-30T17:08:38","guid":{"rendered":"https:\/\/contarotacoes.com\/?p=28230"},"modified":"2026-04-30T17:08:38","modified_gmt":"2026-04-30T17:08:38","slug":"podio-a-ferro-e-fogo-para-filipe-macedo-piloto-ethos-na-rampa-da-penha","status":"publish","type":"post","link":"https:\/\/contarotacoes.com\/?p=28230","title":{"rendered":"P\u00d3DIO A \u201cFERRO E FOGO\u201d PARA FILIPE MACEDO \u2013 PILOTO ETHOS NA RAMPA DA PENHA"},"content":{"rendered":"<p style=\"font-weight: 400; text-align: justify;\"><strong>O piloto Ethos, Filipe Macedo<\/strong>\u00a0esteve em grande destaque no passado fim de semana na 2\u00aa jornada do Campeonato Portugal Montanha JC Group 2026, onde viria a terminar na 3\u00aa posi\u00e7\u00e3o entre os participantes no Campeonato Portugal Legends de Montanha, ao volte do seu\u00a0 Citroen Saxo, que uma vez mais teve uma grande disputa com os BMW M 3, nesta jornada magistralmente organizada pelo Demoporto.<\/p>\n<p style=\"font-weight: 400; text-align: justify;\">Logo na 1\u00aa subida oficial de treinos, que teve o seu inicio um pouco antes das 10 horas da manh\u00e3 de s\u00e1bado, e onde\u00a0<strong>o piloto Ethos<\/strong>\u00a0come\u00e7a logo por mostrar a sua rapidez e ser o autor do tempo de\u00a0 1.51.500 \u00e0 m\u00e9dia de 89,75 km\/h.Depois na 2\u00aa subida oficial de treinos, ,\u00a0<strong>Filipe Macedo<\/strong>\u00a0volta a rubricar um excelente crono com\u00a0 1.45.669 \u00e0 m\u00e9dia de 94,71 km\/h, e a 3\u00aa posi\u00e7\u00e3o no Campeonato Portugal Legend\u2019s de Montanha.<\/p>\n<p style=\"font-weight: 400; text-align: justify;\">Na primeira subida oficial de prova,\u00a0<strong>o piloto bracarense<\/strong>\u00a0n\u00e3o estaria na linha de partida, isso motivado por contratempos de foro t\u00e9cnico.<\/p>\n<p style=\"font-weight: 400; text-align: justify;\">J\u00e1 na manh\u00e3 de domingo, que nasceu muito solarenga ,\u00a0<strong>o piloto Ethos<\/strong>\u00a0est\u00e1 na linha de partida com o seu Citroen Saxo,\u00a0 no entanto n\u00e3o teria a sorte pelo seu lado por n\u00e3o chegaria a concluir a subida, isso motivado por problemas t\u00e9cnicos, que ainda n\u00e3o tinham sido solucionados na totalidade.<\/p>\n<p style=\"font-weight: 400; text-align: justify;\">Chegados \u00e0 segunda subida oficial de prova, que foi determinante para as aspira\u00e7\u00f5es\u00a0<strong>de Filipe Macedo<\/strong>, que assina logo um crono de 1.45.089 , a 3\u00aa melhor marca dos Legends. Na derradeira subida oficial de prova, o\u00a0<strong>piloto Ethos , Filipe Macedo<\/strong>\u00a0\u201caplica-se\u201d a fundo, e percorre toda a extens\u00e3o da Rampa da Penha em 1.42.312, um tempo \u201cestratosf\u00e9rico\u201d que lhe veio oferecer a 3\u00aa posi\u00e7\u00e3o no Campeonato Portugal Legends, despois de uma \u201cacesa guerra\u201d com os BMW M 3 que nunca baixaram o seu ritmo desportivo.<\/p>\n<p style=\"font-weight: 400; text-align: justify;\">No final, ap\u00f3s a cerim\u00f3nia do p\u00f3dio, e\u00a0<strong>Filipe Macedo \u2013 piloto Ethos<\/strong>, j\u00e1 com o trof\u00e9u na m\u00e3o, logo nos referiu\u00a0<strong>\u201c miss\u00e3o cumprida, tal como eu previa uma prova bem dif\u00edcil, onde o Saxo andou muito bem no dia de hoje, perante a brutal superiodade dos BMW M 3, que uma vez mais impuseram a sua determinante lei. Tivemos um percal\u00e7o t\u00e9cnico no dia de s\u00e1bado e na manh\u00e3 de domingo, que a equipa t\u00e9cnica conseguiu resolver, e no domingo\u00a0 foi para dar o meu m\u00e1ximo, que acabou por originar este 3\u00ba lugar e quero dedicar este resultado a toda a equipa,\u00a0 patrocinadores, fam\u00edlia e amigo presentes. A Rampa da Penha 2026, que corrida, que montanha russa de emo\u00e7\u00f5es\u2026\u2026<\/strong><\/p>\n<p style=\"font-weight: 400; text-align: justify;\"><strong>Partimos com a inten\u00e7\u00e3o de brilhar, preparamos com cuidado e objectivo claramente definido, mas as corridas essas.. essas possuem uma vontade pr\u00f3pria, muito por vezes. Come\u00e7amos\u00a0 bem, mas no S\u00e1bado falhamos a subida oficial por quebra de um cabo de embraiagem mesmo no momento que nada havia a fazer, exceto correr como malucos sem sucesso. Era desnecess\u00e1rio. Restava o domingo, mas logo na primeira subida de treinos, a \u00fanica, foi-se o pedal do acelerador e nem acabamos os treinos ( reboque de novo). Partimos para as duas \u00faltimas duas subidas que restavam, sabendo que sobram poucas oportunidades para o Saxo mostrar o que vale, Penha e Santa Marta s\u00e3o a casinha do vermelho. Arrancamos para a \u00faltima subida para voar baixinho, e voamos, o\u00a0<a href=\"https:\/\/www.facebook.com\/profile.php?id=100070048308354&amp;__cft__%5b0%5d=AZZSgk4OC5AlcMWkRkvbHuTVE8oDH9T8uORo9ckHnOL5EmG5RxUIy4f7m8WinMbyX6_KbO1v0PXpDVQwt54FnxwptDWzobIvgmmWBmiI61spOrJ1W949Lh_fszLzTXzyaKYMyGWi1Regm7UbbHGO7yp08sI0W347zZ5PutR_982L4A&amp;__tn__=-%5dK-R\" data-saferedirecturl=\"https:\/\/www.google.com\/url?q=https:\/\/www.facebook.com\/profile.php?id%3D100070048308354%26__cft__%255b0%255d%3DAZZSgk4OC5AlcMWkRkvbHuTVE8oDH9T8uORo9ckHnOL5EmG5RxUIy4f7m8WinMbyX6_KbO1v0PXpDVQwt54FnxwptDWzobIvgmmWBmiI61spOrJ1W949Lh_fszLzTXzyaKYMyGWi1Regm7UbbHGO7yp08sI0W347zZ5PutR_982L4A%26__tn__%3D-%255dK-R&amp;source=gmail&amp;ust=1777654711605000&amp;usg=AOvVaw2cTWJ2IbU-OcgOAJ7fHG9R\">By Dias<\/a>\u00a0fez um carro que d\u00e1 medo. Vencemos os 1600 e por um piscar de olhos ( diz o chatgpt) fomos terceiros, ultrapassando esse grande campe\u00e3o Antonio Barros. Quando festejava, faltava s\u00f3 o meu grande amigo, irm\u00e3o, Nuno Carvalho a\u00a0 subir a voar no Honda, e voou, j\u00e1 o tinha feito nas pr\u00e9vias. Mas quis a sorte madrasta que aquilo que parece f\u00e1cil, fosse uma descida ao que todos os que l\u00e1 andam tememos.. uns cm ao lado e todo o fr\u00e1gil equil\u00edbrio se perde. Momentos de ang\u00fastia, de medo mas no final o campe\u00e3o saiu pelo pr\u00f3prio p\u00e9 para aplauso de quem sabe. Penha, Penha, Penha. Gosto tanto de ti, mas arrasas-me o cora\u00e7\u00e3o como aquela mi\u00fada gira da escola em 1993. N\u00e3o havia necessidade. Agrade\u00e7o a toda a equipa, Dias, Paulo, Diogo, Tiago, a toda a fam\u00edlia e amigos que vieram ( especialmente a minha Sis e porquinho) e ao fant\u00e1stico p\u00fablico de \u00e0 Guimar\u00e3es. Palavra de apre\u00e7o a todos da organiza\u00e7\u00e3o e em especial a Acominho \u201c, finalizou o piloto Ethos Filipe Macedo.<\/strong><\/p>\n<p style=\"font-weight: 400;\"><strong><u>POSI\u00c7\u00c3O FINAL:<\/u><\/strong><\/p>\n<p style=\"font-weight: 400;\">P3 L99<\/p>\n<p style=\"font-weight: 400;\">P1 1600<\/p>\n<p style=\"font-weight: 400;\">Best lap: 1:42<\/p>\n<p style=\"font-weight: 400;\">Obrigado\u00a0<a href=\"https:\/\/www.facebook.com\/srethos?__cft__%5b0%5d=AZZSgk4OC5AlcMWkRkvbHuTVE8oDH9T8uORo9ckHnOL5EmG5RxUIy4f7m8WinMbyX6_KbO1v0PXpDVQwt54FnxwptDWzobIvgmmWBmiI61spOrJ1W949Lh_fszLzTXzyaKYMyGWi1Regm7UbbHGO7yp08sI0W347zZ5PutR_982L4A&amp;__tn__=-%5dK-R\" data-saferedirecturl=\"https:\/\/www.google.com\/url?q=https:\/\/www.facebook.com\/srethos?__cft__%255b0%255d%3DAZZSgk4OC5AlcMWkRkvbHuTVE8oDH9T8uORo9ckHnOL5EmG5RxUIy4f7m8WinMbyX6_KbO1v0PXpDVQwt54FnxwptDWzobIvgmmWBmiI61spOrJ1W949Lh_fszLzTXzyaKYMyGWi1Regm7UbbHGO7yp08sI0W347zZ5PutR_982L4A%26__tn__%3D-%255dK-R&amp;source=gmail&amp;ust=1777654711605000&amp;usg=AOvVaw2zndTLWtcJUa56VkFxybpo\"><strong>Ethos<\/strong><\/a>\u00a0refer\u00eancia Citroen no Minho<\/p>\n<p style=\"font-weight: 400;\">Dirsilpro<\/p>\n<p style=\"font-weight: 400;\"><a href=\"https:\/\/www.facebook.com\/ATNMedical?__cft__%5b0%5d=AZZSgk4OC5AlcMWkRkvbHuTVE8oDH9T8uORo9ckHnOL5EmG5RxUIy4f7m8WinMbyX6_KbO1v0PXpDVQwt54FnxwptDWzobIvgmmWBmiI61spOrJ1W949Lh_fszLzTXzyaKYMyGWi1Regm7UbbHGO7yp08sI0W347zZ5PutR_982L4A&amp;__tn__=-%5dK-R\" data-saferedirecturl=\"https:\/\/www.google.com\/url?q=https:\/\/www.facebook.com\/ATNMedical?__cft__%255b0%255d%3DAZZSgk4OC5AlcMWkRkvbHuTVE8oDH9T8uORo9ckHnOL5EmG5RxUIy4f7m8WinMbyX6_KbO1v0PXpDVQwt54FnxwptDWzobIvgmmWBmiI61spOrJ1W949Lh_fszLzTXzyaKYMyGWi1Regm7UbbHGO7yp08sI0W347zZ5PutR_982L4A%26__tn__%3D-%255dK-R&amp;source=gmail&amp;ust=1777654711605000&amp;usg=AOvVaw17Xo6VC-zl4znY8uqos86p\"><strong>ATN Medical<\/strong><\/a><\/p>\n<p style=\"font-weight: 400;\">Sports Unified Europe<\/p>\n<p style=\"font-weight: 400;\"><a href=\"https:\/\/www.facebook.com\/armindo.veloso.3?__cft__%5b0%5d=AZZSgk4OC5AlcMWkRkvbHuTVE8oDH9T8uORo9ckHnOL5EmG5RxUIy4f7m8WinMbyX6_KbO1v0PXpDVQwt54FnxwptDWzobIvgmmWBmiI61spOrJ1W949Lh_fszLzTXzyaKYMyGWi1Regm7UbbHGO7yp08sI0W347zZ5PutR_982L4A&amp;__tn__=-%5dK-R\" data-saferedirecturl=\"https:\/\/www.google.com\/url?q=https:\/\/www.facebook.com\/armindo.veloso.3?__cft__%255b0%255d%3DAZZSgk4OC5AlcMWkRkvbHuTVE8oDH9T8uORo9ckHnOL5EmG5RxUIy4f7m8WinMbyX6_KbO1v0PXpDVQwt54FnxwptDWzobIvgmmWBmiI61spOrJ1W949Lh_fszLzTXzyaKYMyGWi1Regm7UbbHGO7yp08sI0W347zZ5PutR_982L4A%26__tn__%3D-%255dK-R&amp;source=gmail&amp;ust=1777654711605000&amp;usg=AOvVaw2s53Gn2Gx1YpJAL4qddRQN\"><strong>Armindo Veloso<\/strong><\/a><\/p>\n<p style=\"font-weight: 400;\">Plasvip<\/p>\n<p style=\"font-weight: 400;\">Da Luz<\/p>\n<p style=\"font-weight: 400;\">Sotronica<\/p>\n<p style=\"font-weight: 400;\"><strong><u>CLASSIFICA\u00c7\u00c3O FINAL<\/u><\/strong><\/p>\n<p style=\"font-weight: 400;\"><strong><u>CAMPEONATO PORTUGAL LEGENDS DE MONTANHA<\/u><\/strong><\/p>\n<p style=\"font-weight: 400;\">1\u00ba Jo\u00e3o Pires \u2013 BMW M 3<\/p>\n<p style=\"font-weight: 400;\">2\u00ba Joaquim Soares \u2013 BMW M 3<\/p>\n<p style=\"font-weight: 400;\"><strong>3\u00ba ETHOS \u2013 FILIPE MACEDO \u2013 CITROEN SAXO<\/strong><\/p>\n<p style=\"font-weight: 400;\">4\u00ba Ant\u00f3nio Barros \u2013 BMW M 3<\/p>\n<p style=\"font-weight: 400;\">5\u00ba Ant\u00f3nio Silva \u2013 Honda Civic<\/p>\n","protected":false},"excerpt":{"rendered":"<p>O piloto Ethos, Filipe Macedo\u00a0esteve em grande destaque no passado fim de semana na 2\u00aa jornada do Campeonato Portugal Montanha JC Group 2026, onde viria a terminar na 3\u00aa posi\u00e7\u00e3o entre os participantes no Campeonato Portugal Legends de Montanha, ao volte do seu\u00a0 Citroen Saxo, que uma vez mais teve uma grande disputa com os [&hellip;]<\/p>\n","protected":false},"author":2,"featured_media":28231,"comment_status":"open","ping_status":"open","sticky":false,"template":"","format":"standard","meta":{"_editorskit_title_hidden":false,"_editorskit_reading_time":0,"_editorskit_is_block_options_detached":false,"_editorskit_block_options_position":"{}","om_disable_all_campaigns":false,"_monsterinsights_skip_tracking":false,"_monsterinsights_sitenote_active":false,"_monsterinsights_sitenote_note":"","_monsterinsights_sitenote_category":0,"_uf_show_specific_survey":0,"_uf_disable_surveys":false,"site-sidebar-layout":"default","site-content-layout":"","ast-site-content-layout":"default","site-content-style":"default","site-sidebar-style":"default","ast-global-header-display":"","ast-banner-title-visibility":"","ast-main-header-display":"","ast-hfb-above-header-display":"","ast-hfb-below-header-display":"","ast-hfb-mobile-header-display":"","site-post-title":"","ast-breadcrumbs-content":"","ast-featured-img":"","footer-sml-layout":"","theme-transparent-header-meta":"default","adv-header-id-meta":"","stick-header-meta":"default","header-above-stick-meta":"","header-main-stick-meta":"","header-below-stick-meta":"","astra-migrate-meta-layouts":"set","ast-page-background-enabled":"default","ast-page-background-meta":{"desktop":{"background-color":"","background-image":"","background-repeat":"repeat","background-position":"center center","background-size":"auto","background-attachment":"scroll","background-type":"","background-media":"","overlay-type":"","overlay-color":"","overlay-opacity":"","overlay-gradient":""},"tablet":{"background-color":"","background-image":"","background-repeat":"repeat","background-position":"center center","background-size":"auto","background-attachment":"scroll","background-type":"","background-media":"","overlay-type":"","overlay-color":"","overlay-opacity":"","overlay-gradient":""},"mobile":{"background-color":"","background-image":"","background-repeat":"repeat","background-position":"center center","background-size":"auto","background-attachment":"scroll","background-type":"","background-media":"","overlay-type":"","overlay-color":"","overlay-opacity":"","overlay-gradient":""}},"ast-content-background-meta":{"desktop":{"background-color":"var(--ast-global-color-5)","background-image":"","background-repeat":"repeat","background-position":"center center","background-size":"auto","background-attachment":"scroll","background-type":"","background-media":"","overlay-type":"","overlay-color":"","overlay-opacity":"","overlay-gradient":""},"tablet":{"background-color":"var(--ast-global-color-5)","background-image":"","background-repeat":"repeat","background-position":"center center","background-size":"auto","background-attachment":"scroll","background-type":"","background-media":"","overlay-type":"","overlay-color":"","overlay-opacity":"","overlay-gradient":""},"mobile":{"background-color":"var(--ast-global-color-5)","background-image":"","background-repeat":"repeat","background-position":"center center","background-size":"auto","background-attachment":"scroll","background-type":"","background-media":"","overlay-type":"","overlay-color":"","overlay-opacity":"","overlay-gradient":""}},"footnotes":""},"categories":[11],"tags":[],"class_list":["post-28230","post","type-post","status-publish","format-standard","has-post-thumbnail","hentry","category-noticias"],"aioseo_notices":[],"_links":{"self":[{"href":"https:\/\/contarotacoes.com\/index.php?rest_route=\/wp\/v2\/posts\/28230","targetHints":{"allow":["GET"]}}],"collection":[{"href":"https:\/\/contarotacoes.com\/index.php?rest_route=\/wp\/v2\/posts"}],"about":[{"href":"https:\/\/contarotacoes.com\/index.php?rest_route=\/wp\/v2\/types\/post"}],"author":[{"embeddable":true,"href":"https:\/\/contarotacoes.com\/index.php?rest_route=\/wp\/v2\/users\/2"}],"replies":[{"embeddable":true,"href":"https:\/\/contarotacoes.com\/index.php?rest_route=%2Fwp%2Fv2%2Fcomments&post=28230"}],"version-history":[{"count":1,"href":"https:\/\/contarotacoes.com\/index.php?rest_route=\/wp\/v2\/posts\/28230\/revisions"}],"predecessor-version":[{"id":28232,"href":"https:\/\/contarotacoes.com\/index.php?rest_route=\/wp\/v2\/posts\/28230\/revisions\/28232"}],"wp:featuredmedia":[{"embeddable":true,"href":"https:\/\/contarotacoes.com\/index.php?rest_route=\/wp\/v2\/media\/28231"}],"wp:attachment":[{"href":"https:\/\/contarotacoes.com\/index.php?rest_route=%2Fwp%2Fv2%2Fmedia&parent=28230"}],"wp:term":[{"taxonomy":"category","embeddable":true,"href":"https:\/\/contarotacoes.com\/index.php?rest_route=%2Fwp%2Fv2%2Fcategories&post=28230"},{"taxonomy":"post_tag","embeddable":true,"href":"https:\/\/contarotacoes.com\/index.php?rest_route=%2Fwp%2Fv2%2Ftags&post=28230"}],"curies":[{"name":"wp","href":"https:\/\/api.w.org\/{rel}","templated":true}]}}