{"id":28224,"date":"2026-04-30T17:04:46","date_gmt":"2026-04-30T17:04:46","guid":{"rendered":"https:\/\/contarotacoes.com\/?p=28224"},"modified":"2026-04-30T17:04:46","modified_gmt":"2026-04-30T17:04:46","slug":"toyota-gazoo-racing-caetano-portugal-enfrenta-o-maior-desafio-da-temporada-no-vodafone-rally-de-portugal","status":"publish","type":"post","link":"https:\/\/contarotacoes.com\/?p=28224","title":{"rendered":"TOYOTA GAZOO Racing Caetano Portugal enfrenta o maior desafio da temporada no Vodafone Rally de Portugal"},"content":{"rendered":"<p style=\"text-align: justify;\">A TOYOTA GAZOO Racing Caetano Portugal prepara-se para um dos palcos mais emblem\u00e1ticos e exigentes do calend\u00e1rio, com o Vodafone Rally de Portugal a representar um teste de refer\u00eancia \u00e0 competitividade de Pedro Almeida e Ant\u00f3nio Costa no contexto do Campeonato de Portugal de Ralis.<\/p>\n<p style=\"text-align: justify;\">A TOYOTA GAZOO Racing Caetano Portugal prepara-se para enfrentar um dos momentos-chave da temporada, com a presen\u00e7a no Vodafone Rally de Portugal 2026, uma das provas de maior notoriedade e exig\u00eancia do calend\u00e1rio nacional e internacional. A ronda portuguesa do Campeonato do Mundo de Ralis (WRC) realiza-se entre 7 e 10 de maio e integra tamb\u00e9m o Campeonato de Portugal de Ralis (CPR), mas, no caso dos concorrentes do CPR, a classifica\u00e7\u00e3o ser\u00e1 definida ap\u00f3s as primeiras 10 Provas Especiais de Classifica\u00e7\u00e3o, num total de 134,30 quil\u00f3metros cronometrados, 678,80 quil\u00f3metros de liga\u00e7\u00f5es e 813,10 quil\u00f3metros percorridos.<\/p>\n<p style=\"text-align: justify;\">Pedro Almeida e Ant\u00f3nio Costa, ir\u00e3o lutar pelos melhores lugares do CPR, focando-se apenas na competi\u00e7\u00e3o nacional neste fim de semana. Ser\u00e3o os \u00fanicos a representar a TOYOTA GAZOO Racing Caetano Portugal, pois a dupla Rafael R\u00eago \/ Ana Gon\u00e7alves n\u00e3o participar\u00e1 nesta prova, tal como acordado no plano inicialmente definido para a temporada que n\u00e3o contemplava a presen\u00e7a do jovem piloto nesta ronda.<\/p>\n<p style=\"text-align: justify;\">Depois do arranque encorajador no Rali Terras D\u2019Aboboreira, onde Pedro Almeida e Ant\u00f3nio Costa conquistaram um lugar no p\u00f3dio do CPR na estreia com as cores da Toyota, a equipa chega agora a uma prova de exig\u00eancia m\u00e1xima com a ambi\u00e7\u00e3o de confirmar a competitividade demonstrada no in\u00edcio da \u00e9poca.<\/p>\n<p style=\"text-align: justify;\"><strong>O gui\u00e3o competitivo do CPR<\/strong><\/p>\n<p style=\"text-align: justify;\">Antes do arranque oficial da prova, a dupla do GR Yaris Rally2 ter\u00e1 pela frente o shakedown de Baltar, na quarta-feira, 6 de maio, com in\u00edcio \u00e0s 15h01.<\/p>\n<p style=\"text-align: justify;\">O rali rranca na quinta-feira, 7 de maio, com a cerim\u00f3nia de partida em Coimbra, \u00e0s 14h00, seguindo-se nesse mesmo dia as PEC de \u00c1gueda \/ Sever, \u00e0s 15h05, Sever \/ Albergaria, \u00e0s 16h05, e a super-especial da Figueira da Foz, \u00e0s 18h05.<\/p>\n<p style=\"text-align: justify;\">Na sexta-feira disputa-se a parte decisiva para as contas do campeonato nacional, com Mort\u00e1gua 1 \u00e0s 7h35, Arganil 1 \u00e0s 8h55, Lous\u00e3 1 \u00e0s 10h13, Arganil 2 \u00e0s 12h25, G\u00f3is \u00e0s 13h20, Lous\u00e3 2 \u00e0s 14h03 e Mort\u00e1gua 2 \u00e0s 15h40. \u00c9 ap\u00f3s esta 10.\u00aa PEC, Mort\u00e1gua, que fica definida a classifica\u00e7\u00e3o do CPR, sendo tamb\u00e9m esta a Power Stage para as contas nacionais.<\/p>\n<p style=\"text-align: justify;\">Pedro Almeida ter\u00e1 de concentrar toda a sua capacidade competitiva, num trajeto que combina tro\u00e7os r\u00e1pidos, zonas t\u00e9cnicas, exig\u00eancia f\u00edsica e forte desgaste mec\u00e2nico. A especificidade do formato CPR torna a abordagem particularmente intensa, j\u00e1 que a luta pelos pontos nacionais se resolve num per\u00edodo mais curto e altamente seletivo.<\/p>\n<p style=\"text-align: justify;\"><strong>Pedro Almeida aponta aos primeiros lugares<\/strong><\/p>\n<p style=\"text-align: justify;\">Pedro Almeida antev\u00ea uma prova de enorme exig\u00eancia, mas assume com clareza a ambi\u00e7\u00e3o de discutir os lugares da frente entre os concorrentes do CPR:<\/p>\n<p style=\"text-align: justify;\"><em>\u201cO Rali de Portugal \u00e9 um dos palcos mais exigentes e ic\u00f3nicos do calend\u00e1rio do Mundial de Rali e estamos a preparar-nos para esse desafio, ap\u00f3s uma presta\u00e7\u00e3o s\u00f3lida no \u00faltimo rali, onde demonstr\u00e1mos um andamento competitivo e consistente at\u00e9 \u00e0 meta.<\/em><\/p>\n<p style=\"text-align: justify;\"><em>O nosso objetivo \u00e9 claro: andar entre os mais r\u00e1pidos do CPR e ser consistentes numa prova ainda mais exigente, devido \u00e0 dureza do percurso, \u00e0s especiais t\u00e9cnicas e \u00e0 exig\u00eancia f\u00edsica e mental constante. Mas \u00e9 exatamente nesses desafios que queremos afirmar o nosso ritmo, lutar pelos melhores tempos e consolidar a evolu\u00e7\u00e3o que temos vindo a construir.<\/em><\/p>\n<p style=\"text-align: justify;\"><em>Gostava muito de repetir o triunfo do ano passado. Sabemos que vai ser dif\u00edcil, mas encaramos esta prova com ambi\u00e7\u00e3o e com respeito. Queremos manter um andamento forte, gerir bem cada tro\u00e7o e, acima de tudo, chegar ao fim com um resultado que reflita o nosso trabalho.\u201d<\/em><\/p>\n<p style=\"text-align: justify;\">Depois dos sinais positivos deixados no arranque da temporada, a equipa encara o Vodafone Rally de Portugal com ambi\u00e7\u00e3o, sentido de responsabilidade e confian\u00e7a no potencial do Toyota GR Yaris Rally2 para discutir os melhores lugares entre os pilotos do campeonato nacional.<\/p>\n","protected":false},"excerpt":{"rendered":"<p>A TOYOTA GAZOO Racing Caetano Portugal prepara-se para um dos palcos mais emblem\u00e1ticos e exigentes do calend\u00e1rio, com o Vodafone Rally de Portugal a representar um teste de refer\u00eancia \u00e0 competitividade de Pedro Almeida e Ant\u00f3nio Costa no contexto do Campeonato de Portugal de Ralis. A TOYOTA GAZOO Racing Caetano Portugal prepara-se para enfrentar um [&hellip;]<\/p>\n","protected":false},"author":2,"featured_media":28225,"comment_status":"open","ping_status":"open","sticky":false,"template":"","format":"standard","meta":{"_editorskit_title_hidden":false,"_editorskit_reading_time":0,"_editorskit_is_block_options_detached":false,"_editorskit_block_options_position":"{}","om_disable_all_campaigns":false,"_monsterinsights_skip_tracking":false,"_monsterinsights_sitenote_active":false,"_monsterinsights_sitenote_note":"","_monsterinsights_sitenote_category":0,"_uf_show_specific_survey":0,"_uf_disable_surveys":false,"site-sidebar-layout":"default","site-content-layout":"","ast-site-content-layout":"default","site-content-style":"default","site-sidebar-style":"default","ast-global-header-display":"","ast-banner-title-visibility":"","ast-main-header-display":"","ast-hfb-above-header-display":"","ast-hfb-below-header-display":"","ast-hfb-mobile-header-display":"","site-post-title":"","ast-breadcrumbs-content":"","ast-featured-img":"","footer-sml-layout":"","theme-transparent-header-meta":"default","adv-header-id-meta":"","stick-header-meta":"default","header-above-stick-meta":"","header-main-stick-meta":"","header-below-stick-meta":"","astra-migrate-meta-layouts":"set","ast-page-background-enabled":"default","ast-page-background-meta":{"desktop":{"background-color":"","background-image":"","background-repeat":"repeat","background-position":"center center","background-size":"auto","background-attachment":"scroll","background-type":"","background-media":"","overlay-type":"","overlay-color":"","overlay-opacity":"","overlay-gradient":""},"tablet":{"background-color":"","background-image":"","background-repeat":"repeat","background-position":"center center","background-size":"auto","background-attachment":"scroll","background-type":"","background-media":"","overlay-type":"","overlay-color":"","overlay-opacity":"","overlay-gradient":""},"mobile":{"background-color":"","background-image":"","background-repeat":"repeat","background-position":"center center","background-size":"auto","background-attachment":"scroll","background-type":"","background-media":"","overlay-type":"","overlay-color":"","overlay-opacity":"","overlay-gradient":""}},"ast-content-background-meta":{"desktop":{"background-color":"var(--ast-global-color-5)","background-image":"","background-repeat":"repeat","background-position":"center center","background-size":"auto","background-attachment":"scroll","background-type":"","background-media":"","overlay-type":"","overlay-color":"","overlay-opacity":"","overlay-gradient":""},"tablet":{"background-color":"var(--ast-global-color-5)","background-image":"","background-repeat":"repeat","background-position":"center center","background-size":"auto","background-attachment":"scroll","background-type":"","background-media":"","overlay-type":"","overlay-color":"","overlay-opacity":"","overlay-gradient":""},"mobile":{"background-color":"var(--ast-global-color-5)","background-image":"","background-repeat":"repeat","background-position":"center center","background-size":"auto","background-attachment":"scroll","background-type":"","background-media":"","overlay-type":"","overlay-color":"","overlay-opacity":"","overlay-gradient":""}},"footnotes":""},"categories":[11],"tags":[],"class_list":["post-28224","post","type-post","status-publish","format-standard","has-post-thumbnail","hentry","category-noticias"],"aioseo_notices":[],"_links":{"self":[{"href":"https:\/\/contarotacoes.com\/index.php?rest_route=\/wp\/v2\/posts\/28224","targetHints":{"allow":["GET"]}}],"collection":[{"href":"https:\/\/contarotacoes.com\/index.php?rest_route=\/wp\/v2\/posts"}],"about":[{"href":"https:\/\/contarotacoes.com\/index.php?rest_route=\/wp\/v2\/types\/post"}],"author":[{"embeddable":true,"href":"https:\/\/contarotacoes.com\/index.php?rest_route=\/wp\/v2\/users\/2"}],"replies":[{"embeddable":true,"href":"https:\/\/contarotacoes.com\/index.php?rest_route=%2Fwp%2Fv2%2Fcomments&post=28224"}],"version-history":[{"count":1,"href":"https:\/\/contarotacoes.com\/index.php?rest_route=\/wp\/v2\/posts\/28224\/revisions"}],"predecessor-version":[{"id":28226,"href":"https:\/\/contarotacoes.com\/index.php?rest_route=\/wp\/v2\/posts\/28224\/revisions\/28226"}],"wp:featuredmedia":[{"embeddable":true,"href":"https:\/\/contarotacoes.com\/index.php?rest_route=\/wp\/v2\/media\/28225"}],"wp:attachment":[{"href":"https:\/\/contarotacoes.com\/index.php?rest_route=%2Fwp%2Fv2%2Fmedia&parent=28224"}],"wp:term":[{"taxonomy":"category","embeddable":true,"href":"https:\/\/contarotacoes.com\/index.php?rest_route=%2Fwp%2Fv2%2Fcategories&post=28224"},{"taxonomy":"post_tag","embeddable":true,"href":"https:\/\/contarotacoes.com\/index.php?rest_route=%2Fwp%2Fv2%2Ftags&post=28224"}],"curies":[{"name":"wp","href":"https:\/\/api.w.org\/{rel}","templated":true}]}}