{"id":28221,"date":"2026-04-30T17:02:32","date_gmt":"2026-04-30T17:02:32","guid":{"rendered":"https:\/\/contarotacoes.com\/?p=28221"},"modified":"2026-04-30T17:02:32","modified_gmt":"2026-04-30T17:02:32","slug":"a-suzuki-apresenta-a-nova-edicao-limitada-do-vitara-com-um-design-exclusivo-mais-equipamento-e-tecnologia-mild-hybrid","status":"publish","type":"post","link":"https:\/\/contarotacoes.com\/?p=28221","title":{"rendered":"A SUZUKI APRESENTA A NOVA EDI\u00c7\u00c3O LIMITADA DO VITARA, COM UM DESIGN EXCLUSIVO, MAIS EQUIPAMENTO E TECNOLOGIA MILD HYBRID"},"content":{"rendered":"<ul>\n<li style=\"text-align: justify;\"><strong>A Suzuki introduz a Edi\u00e7\u00e3o Limitada do Suzuki Vitara, com um acabamento espec\u00edfico e novos detalhes de estilo, que estar\u00e3o dispon\u00edveis por um per\u00edodo limitado.<\/strong><\/li>\n<li style=\"text-align: justify;\"><strong>O modelo baseia-se na vers\u00e3o topo de gama S3 e est\u00e1 dispon\u00edvel com caixa autom\u00e1tica, tra\u00e7\u00e3o 2WD ou tra\u00e7\u00e3o integral ALLGRIP Select.<\/strong><\/li>\n<\/ul>\n<p style=\"text-align: justify;\">A Suzuki apresenta a nova Edi\u00e7\u00e3o Limitada do Suzuki Vitara, uma vers\u00e3o especial que refor\u00e7a o posicionamento da marca no segmento dos SUV atrav\u00e9s de uma proposta que combina um design diferenciado, um elevado n\u00edvel de equipamento e tecnologia Mild Hybrid.<\/p>\n<p style=\"text-align: justify;\">O modelo incorpora elementos exclusivos que elevam o conforto, a funcionalidade e a perce\u00e7\u00e3o de qualidade, mantendo simultaneamente as suas capacidades din\u00e2micas e a sua efici\u00eancia. Dispon\u00edvel em unidades limitadas e por um per\u00edodo determinado, esta vers\u00e3o confere uma imagem distinta dentro da gama Suzuki.<\/p>\n<p style=\"text-align: justify;\"><strong>Acabamento especial do Suzuki Vitara Edi\u00e7\u00e3o Limitada<\/strong><\/p>\n<p style=\"text-align: justify;\">O Suzuki Vitara Edi\u00e7\u00e3o Limitada \u00e9 uma vers\u00e3o exclusiva baseada na vers\u00e3o topo de gama S3. Inclui de s\u00e9rie o sistema de assist\u00eancia \u00e0 condu\u00e7\u00e3o Suzuki DSBS II, que integra 12 tecnologias de seguran\u00e7a, sensores de estacionamento dianteiros e traseiros, estofos combinados de pele sint\u00e9tica e camur\u00e7a, e o sistema multim\u00e9dia Suzuki com ecr\u00e3 de 9 polegadas e conectividade avan\u00e7ada com smartphones.<\/p>\n<p style=\"text-align: justify;\">A Edi\u00e7\u00e3o Limitada introduz uma configura\u00e7\u00e3o est\u00e9tica espec\u00edfica atrav\u00e9s da incorpora\u00e7\u00e3o de elementos exteriores em preto, incluindo jantes, puxadores das portas e detalhes na grelha, que refor\u00e7am o seu car\u00e1ter visual. No interior, o acabamento S3 \u00e9 complementado por costuras contrastantes em laranja no volante, nos pain\u00e9is das portas, nos bancos e na alavanca das mudan\u00e7as.<\/p>\n<p style=\"text-align: justify;\">Est\u00e1 dispon\u00edvel em combina\u00e7\u00f5es de duas cores, com o teto em Preto C\u00f3smico P\u00e9rola Metalizado combinado com a carro\u00e7aria em Cinza Azulado Metalizado, Marfim Savana Metalizado ou Azul Esfera P\u00e9rola.<\/p>\n<p style=\"text-align: justify;\"><strong>Dispon\u00edvel com transmiss\u00e3o autom\u00e1tica e tra\u00e7\u00e3o 2WD e 4WD<\/strong><\/p>\n<p style=\"text-align: justify;\">A Edi\u00e7\u00e3o Limitada est\u00e1 dispon\u00edvel com o motor 1.4 Mild Hybrid de bin\u00e1rio elevado, com op\u00e7\u00e3o de caixa autom\u00e1tica, tanto na vers\u00e3o de tra\u00e7\u00e3o 2WD como na vers\u00e3o de tra\u00e7\u00e3o integral ALLGRIP Select.<\/p>\n<p style=\"text-align: justify;\">O conjunto de elementos espec\u00edficos desta Edi\u00e7\u00e3o Limitada representa um valor acrescentado superior a 2 000 \u20ac. O Suzuki Vitara Edi\u00e7\u00e3o Limitada est\u00e1 dispon\u00edvel a partir de 30 644 \u20ac. Tal como todos os modelos Suzuki, esta vers\u00e3o inclui a garantia Suzuki de 5 anos.<\/p>\n","protected":false},"excerpt":{"rendered":"<p>A Suzuki introduz a Edi\u00e7\u00e3o Limitada do Suzuki Vitara, com um acabamento espec\u00edfico e novos detalhes de estilo, que estar\u00e3o dispon\u00edveis por um per\u00edodo limitado. O modelo baseia-se na vers\u00e3o topo de gama S3 e est\u00e1 dispon\u00edvel com caixa autom\u00e1tica, tra\u00e7\u00e3o 2WD ou tra\u00e7\u00e3o integral ALLGRIP Select. A Suzuki apresenta a nova Edi\u00e7\u00e3o Limitada do [&hellip;]<\/p>\n","protected":false},"author":2,"featured_media":28222,"comment_status":"open","ping_status":"open","sticky":false,"template":"","format":"standard","meta":{"_editorskit_title_hidden":false,"_editorskit_reading_time":0,"_editorskit_is_block_options_detached":false,"_editorskit_block_options_position":"{}","om_disable_all_campaigns":false,"_monsterinsights_skip_tracking":false,"_monsterinsights_sitenote_active":false,"_monsterinsights_sitenote_note":"","_monsterinsights_sitenote_category":0,"_uf_show_specific_survey":0,"_uf_disable_surveys":false,"site-sidebar-layout":"default","site-content-layout":"","ast-site-content-layout":"default","site-content-style":"default","site-sidebar-style":"default","ast-global-header-display":"","ast-banner-title-visibility":"","ast-main-header-display":"","ast-hfb-above-header-display":"","ast-hfb-below-header-display":"","ast-hfb-mobile-header-display":"","site-post-title":"","ast-breadcrumbs-content":"","ast-featured-img":"","footer-sml-layout":"","theme-transparent-header-meta":"default","adv-header-id-meta":"","stick-header-meta":"default","header-above-stick-meta":"","header-main-stick-meta":"","header-below-stick-meta":"","astra-migrate-meta-layouts":"set","ast-page-background-enabled":"default","ast-page-background-meta":{"desktop":{"background-color":"","background-image":"","background-repeat":"repeat","background-position":"center center","background-size":"auto","background-attachment":"scroll","background-type":"","background-media":"","overlay-type":"","overlay-color":"","overlay-opacity":"","overlay-gradient":""},"tablet":{"background-color":"","background-image":"","background-repeat":"repeat","background-position":"center center","background-size":"auto","background-attachment":"scroll","background-type":"","background-media":"","overlay-type":"","overlay-color":"","overlay-opacity":"","overlay-gradient":""},"mobile":{"background-color":"","background-image":"","background-repeat":"repeat","background-position":"center center","background-size":"auto","background-attachment":"scroll","background-type":"","background-media":"","overlay-type":"","overlay-color":"","overlay-opacity":"","overlay-gradient":""}},"ast-content-background-meta":{"desktop":{"background-color":"var(--ast-global-color-5)","background-image":"","background-repeat":"repeat","background-position":"center center","background-size":"auto","background-attachment":"scroll","background-type":"","background-media":"","overlay-type":"","overlay-color":"","overlay-opacity":"","overlay-gradient":""},"tablet":{"background-color":"var(--ast-global-color-5)","background-image":"","background-repeat":"repeat","background-position":"center center","background-size":"auto","background-attachment":"scroll","background-type":"","background-media":"","overlay-type":"","overlay-color":"","overlay-opacity":"","overlay-gradient":""},"mobile":{"background-color":"var(--ast-global-color-5)","background-image":"","background-repeat":"repeat","background-position":"center center","background-size":"auto","background-attachment":"scroll","background-type":"","background-media":"","overlay-type":"","overlay-color":"","overlay-opacity":"","overlay-gradient":""}},"footnotes":""},"categories":[13],"tags":[],"class_list":["post-28221","post","type-post","status-publish","format-standard","has-post-thumbnail","hentry","category-comercio"],"aioseo_notices":[],"_links":{"self":[{"href":"https:\/\/contarotacoes.com\/index.php?rest_route=\/wp\/v2\/posts\/28221","targetHints":{"allow":["GET"]}}],"collection":[{"href":"https:\/\/contarotacoes.com\/index.php?rest_route=\/wp\/v2\/posts"}],"about":[{"href":"https:\/\/contarotacoes.com\/index.php?rest_route=\/wp\/v2\/types\/post"}],"author":[{"embeddable":true,"href":"https:\/\/contarotacoes.com\/index.php?rest_route=\/wp\/v2\/users\/2"}],"replies":[{"embeddable":true,"href":"https:\/\/contarotacoes.com\/index.php?rest_route=%2Fwp%2Fv2%2Fcomments&post=28221"}],"version-history":[{"count":1,"href":"https:\/\/contarotacoes.com\/index.php?rest_route=\/wp\/v2\/posts\/28221\/revisions"}],"predecessor-version":[{"id":28223,"href":"https:\/\/contarotacoes.com\/index.php?rest_route=\/wp\/v2\/posts\/28221\/revisions\/28223"}],"wp:featuredmedia":[{"embeddable":true,"href":"https:\/\/contarotacoes.com\/index.php?rest_route=\/wp\/v2\/media\/28222"}],"wp:attachment":[{"href":"https:\/\/contarotacoes.com\/index.php?rest_route=%2Fwp%2Fv2%2Fmedia&parent=28221"}],"wp:term":[{"taxonomy":"category","embeddable":true,"href":"https:\/\/contarotacoes.com\/index.php?rest_route=%2Fwp%2Fv2%2Fcategories&post=28221"},{"taxonomy":"post_tag","embeddable":true,"href":"https:\/\/contarotacoes.com\/index.php?rest_route=%2Fwp%2Fv2%2Ftags&post=28221"}],"curies":[{"name":"wp","href":"https:\/\/api.w.org\/{rel}","templated":true}]}}