{"id":28211,"date":"2026-04-29T18:01:46","date_gmt":"2026-04-29T18:01:46","guid":{"rendered":"https:\/\/contarotacoes.com\/?p=28211"},"modified":"2026-04-29T18:01:46","modified_gmt":"2026-04-29T18:01:46","slug":"mais-espectaculo-no-vodafone-rally-de-portugal","status":"publish","type":"post","link":"https:\/\/contarotacoes.com\/?p=28211","title":{"rendered":"Mais espect\u00e1culo no Vodafone Rally de Portugal"},"content":{"rendered":"<ul>\n<li style=\"text-align: justify;\"><strong>Prova lusa do WRC com tr\u00eas dias e meio de competi\u00e7\u00e3o<\/strong><\/li>\n<li style=\"text-align: justify;\"><strong>Melhores do mundo voltam aos exigentes tro\u00e7os nacionais<\/strong><\/li>\n<\/ul>\n<p style=\"text-align: justify;\">Portugal volta a receber o Campeonato do Mundo de Ralis. A 59\u00aa edi\u00e7\u00e3o da prova nacional do WRC vai para a estrada entre os dias 7 e 10 de maio, naquela que \u00e9 o sexto rali da temporada. A grande novidade \u00e9 o aumento da competi\u00e7\u00e3o logo no primeiro dia. As melhores equipas do mundo entram, assim, em a\u00e7\u00e3o na quinta-feira, dia 7 de maio, para uma sec\u00e7\u00e3o competitiva com tr\u00eas classificativas.<\/p>\n<p style=\"text-align: justify;\">No que diz respeito aos tro\u00e7os propriamente ditos, as maiores novidades est\u00e3o reservadas para os dois primeiros dias. Logo no arranque, a super-especial da Figueira da Foz &#8211; 1,93 km &#8211; tem um tra\u00e7ado diferente dos anos anteriores. J\u00e1 na sexta-feira, dia 8 de maio, as especiais de Arganil &#8211; 18,62 km &#8211; e G\u00f3is &#8211; 15,66 km &#8211; realizam-se em sentido contr\u00e1rio ao habitual, enquanto a classificativa de Lous\u00e3 &#8211; 7,07 km &#8211; \u00e9 totalmente nova.\n<\/p>\n<p style=\"text-align: justify;\">No s\u00e1bado, dia 9 de maio, est\u00e3o previstos nove tro\u00e7os e o Super Domingo discute-se ao longo de quatro especiais, em que uma delas, a segunda passagem por Fafe &#8211; 11,18 km &#8211; volta a ser a Power Stage. Outra das novidades \u00e9 a localiza\u00e7\u00e3o da cerim\u00f3nia de p\u00f3dio que, desta vez, se realiza junto ao final da derradeira classificativa.<\/p>\n<p style=\"text-align: justify;\">\nNo total, os concorrentes do Vodafone Rally de Portugal v\u00e3o competir ao longo de 23 especiais, que perfazem 344,91 quil\u00f3metros. Com as liga\u00e7\u00f5es, v\u00e3o percorrer 1874,58 km no Centro e no Norte do pa\u00eds.<\/p>\n<p style=\"text-align: justify;\"><strong>Repetentes ou estreantes na vit\u00f3ria<\/strong><\/p>\n<p style=\"text-align: justify;\">A edi\u00e7\u00e3o deste ano do Vodafone Rally de Portugal conta com uma lista de inscritos com 70 equipas em que se destaca a participa\u00e7\u00e3o das principais forma\u00e7\u00f5es do WRC. Elfyn Evans e Scott Martin chegam a terras lusas como l\u00edderes do Campeonato do Mundo e s\u00e3o os capit\u00e3es da armada Toyota que coloca cinco carros nos seis primeiros lugares da tabela classificativa.<\/p>\n<p style=\"text-align: justify;\">Na lista de inscritos, h\u00e1 v\u00e1rios nomes que j\u00e1 est\u00e3o entre os vencedores da prova organizada pelo Autom\u00f3vel Club de Portugal. O maior destaque vai para S\u00e9bastien Ogier. De novo aos comandos de um Toyota Yaris, o franc\u00eas procura o oitavo triunfo. Se o conseguir, consolidar\u00e1 o estatuto de piloto mais bem sucedido na hist\u00f3ria do Vodafone Rally de Portugal. Al\u00e9m do campe\u00e3o do mundo, tamb\u00e9m Elfyn Evans (Toyota) e Thierry Neuville (Hyundai) est\u00e3o entre aqueles que j\u00e1 ganharam em Portugal. Fora este trio, h\u00e1 diversos pilotos que procuram entrar nesta elite, clube esse a que tamb\u00e9m pertence Armindo Ara\u00fajo (Skoda), pois j\u00e1 ganhou o rali em tr\u00eas ocasi\u00f5es. Apesar do curriculum invej\u00e1vel, o portugu\u00eas n\u00e3o compete com um Rally 1 e procurar\u00e1 destacar-se entre os seus compatriotas, em especial, os que correm no Campeonato de Portugal de Ralis.<\/p>\n<p style=\"text-align: justify;\">Portugal recebe 11 equipas ao volante dos Rally 1, os carros da categoria m\u00e1xima do WRC. Em Rally 2, h\u00e1 44 carros inscritos, com particular destaque para Yohan Rossel (Lancia), que lidera o WRC2, e para as in\u00fameras forma\u00e7\u00f5es portuguesas, muitas delas com ambi\u00e7\u00f5es no Campeonato de Portugal de Ralis. J\u00e1 em Rally 3, h\u00e1 13 inscritos, dos quais h\u00e1 9 concorrentes a competir no WRC3 e 7 no JWRC.<\/p>\n<p style=\"text-align: justify;\"><i><strong>&#8220;A competi\u00e7\u00e3o, a paix\u00e3o e a dedica\u00e7\u00e3o s\u00e3o os ingredientes que fazem do Vodafone Rally de Portugal uma refer\u00eancia mundial. Os melhores pilotos e os melhores carros n\u00e3o perdem a etapa nacional, que ficam sempre na mem\u00f3ria com a devo\u00e7\u00e3o dos milhares de espetadores que ao longo do percurso vibram com eles. \u00c9 uma enorme festa que gera um impacto econ\u00f3mico brutal nas regi\u00f5es atravessadas pelo rally, mas que s\u00f3 se realiza gra\u00e7as ao empenho dos mun\u00edcipios envolvidos, dos organismos promotores do turismo e dos patrocinadores&#8221;<\/strong><\/i>, afirmou o Presidente da Comiss\u00e3o Organizadora, Carlos Barbosa.<\/p>\n<p style=\"text-align: justify;\">A Exponor, em Matosinhos, volta a ser o centro operacional do Vodafone Rally de Portugal. A infraestrutura estar\u00e1 totalmente montada j\u00e1 no pr\u00f3ximo domingo, dia 3 de maio, e os trabalhos de prepara\u00e7\u00e3o para a prova no terreno t\u00eam in\u00edcio nesse mesmo dia com a abertura das verifica\u00e7\u00f5es administrativas. Os reconhecimentos do percurso come\u00e7am no dia seguinte e prolongam-se at\u00e9 quarta-feira, dia 6 de maio.<\/p>\n<p style=\"text-align: justify;\">Conhe\u00e7a todo o programa do Vodafone Rally de Portugal\u00a0<a href=\"https:\/\/nl.acp.pt\/go\/3a76babdeab1-2b913b6dc5b846dd2b35f5cdf0-7ef94fb3d-59e1Be49je1gp5Re1lae2Oz\" target=\"_blank\" rel=\"noopener\" data-saferedirecturl=\"https:\/\/www.google.com\/url?q=https:\/\/nl.acp.pt\/go\/3a76babdeab1-2b913b6dc5b846dd2b35f5cdf0-7ef94fb3d-59e1Be49je1gp5Re1lae2Oz&amp;source=gmail&amp;ust=1777571748898000&amp;usg=AOvVaw0hhy24Rgb0HNUJzAzDSPDV\">aqui<\/a>.<\/p>\n","protected":false},"excerpt":{"rendered":"<p>Prova lusa do WRC com tr\u00eas dias e meio de competi\u00e7\u00e3o Melhores do mundo voltam aos exigentes tro\u00e7os nacionais Portugal volta a receber o Campeonato do Mundo de Ralis. A 59\u00aa edi\u00e7\u00e3o da prova nacional do WRC vai para a estrada entre os dias 7 e 10 de maio, naquela que \u00e9 o sexto rali [&hellip;]<\/p>\n","protected":false},"author":2,"featured_media":28212,"comment_status":"open","ping_status":"open","sticky":false,"template":"","format":"standard","meta":{"_editorskit_title_hidden":false,"_editorskit_reading_time":0,"_editorskit_is_block_options_detached":false,"_editorskit_block_options_position":"{}","om_disable_all_campaigns":false,"_monsterinsights_skip_tracking":false,"_monsterinsights_sitenote_active":false,"_monsterinsights_sitenote_note":"","_monsterinsights_sitenote_category":0,"_uf_show_specific_survey":0,"_uf_disable_surveys":false,"site-sidebar-layout":"default","site-content-layout":"","ast-site-content-layout":"default","site-content-style":"default","site-sidebar-style":"default","ast-global-header-display":"","ast-banner-title-visibility":"","ast-main-header-display":"","ast-hfb-above-header-display":"","ast-hfb-below-header-display":"","ast-hfb-mobile-header-display":"","site-post-title":"","ast-breadcrumbs-content":"","ast-featured-img":"","footer-sml-layout":"","theme-transparent-header-meta":"default","adv-header-id-meta":"","stick-header-meta":"default","header-above-stick-meta":"","header-main-stick-meta":"","header-below-stick-meta":"","astra-migrate-meta-layouts":"set","ast-page-background-enabled":"default","ast-page-background-meta":{"desktop":{"background-color":"","background-image":"","background-repeat":"repeat","background-position":"center center","background-size":"auto","background-attachment":"scroll","background-type":"","background-media":"","overlay-type":"","overlay-color":"","overlay-opacity":"","overlay-gradient":""},"tablet":{"background-color":"","background-image":"","background-repeat":"repeat","background-position":"center center","background-size":"auto","background-attachment":"scroll","background-type":"","background-media":"","overlay-type":"","overlay-color":"","overlay-opacity":"","overlay-gradient":""},"mobile":{"background-color":"","background-image":"","background-repeat":"repeat","background-position":"center center","background-size":"auto","background-attachment":"scroll","background-type":"","background-media":"","overlay-type":"","overlay-color":"","overlay-opacity":"","overlay-gradient":""}},"ast-content-background-meta":{"desktop":{"background-color":"var(--ast-global-color-5)","background-image":"","background-repeat":"repeat","background-position":"center center","background-size":"auto","background-attachment":"scroll","background-type":"","background-media":"","overlay-type":"","overlay-color":"","overlay-opacity":"","overlay-gradient":""},"tablet":{"background-color":"var(--ast-global-color-5)","background-image":"","background-repeat":"repeat","background-position":"center center","background-size":"auto","background-attachment":"scroll","background-type":"","background-media":"","overlay-type":"","overlay-color":"","overlay-opacity":"","overlay-gradient":""},"mobile":{"background-color":"var(--ast-global-color-5)","background-image":"","background-repeat":"repeat","background-position":"center center","background-size":"auto","background-attachment":"scroll","background-type":"","background-media":"","overlay-type":"","overlay-color":"","overlay-opacity":"","overlay-gradient":""}},"footnotes":""},"categories":[11],"tags":[],"class_list":["post-28211","post","type-post","status-publish","format-standard","has-post-thumbnail","hentry","category-noticias"],"aioseo_notices":[],"_links":{"self":[{"href":"https:\/\/contarotacoes.com\/index.php?rest_route=\/wp\/v2\/posts\/28211","targetHints":{"allow":["GET"]}}],"collection":[{"href":"https:\/\/contarotacoes.com\/index.php?rest_route=\/wp\/v2\/posts"}],"about":[{"href":"https:\/\/contarotacoes.com\/index.php?rest_route=\/wp\/v2\/types\/post"}],"author":[{"embeddable":true,"href":"https:\/\/contarotacoes.com\/index.php?rest_route=\/wp\/v2\/users\/2"}],"replies":[{"embeddable":true,"href":"https:\/\/contarotacoes.com\/index.php?rest_route=%2Fwp%2Fv2%2Fcomments&post=28211"}],"version-history":[{"count":1,"href":"https:\/\/contarotacoes.com\/index.php?rest_route=\/wp\/v2\/posts\/28211\/revisions"}],"predecessor-version":[{"id":28213,"href":"https:\/\/contarotacoes.com\/index.php?rest_route=\/wp\/v2\/posts\/28211\/revisions\/28213"}],"wp:featuredmedia":[{"embeddable":true,"href":"https:\/\/contarotacoes.com\/index.php?rest_route=\/wp\/v2\/media\/28212"}],"wp:attachment":[{"href":"https:\/\/contarotacoes.com\/index.php?rest_route=%2Fwp%2Fv2%2Fmedia&parent=28211"}],"wp:term":[{"taxonomy":"category","embeddable":true,"href":"https:\/\/contarotacoes.com\/index.php?rest_route=%2Fwp%2Fv2%2Fcategories&post=28211"},{"taxonomy":"post_tag","embeddable":true,"href":"https:\/\/contarotacoes.com\/index.php?rest_route=%2Fwp%2Fv2%2Ftags&post=28211"}],"curies":[{"name":"wp","href":"https:\/\/api.w.org\/{rel}","templated":true}]}}