{"id":28182,"date":"2026-04-29T16:36:31","date_gmt":"2026-04-29T16:36:31","guid":{"rendered":"https:\/\/contarotacoes.com\/?p=28182"},"modified":"2026-04-29T16:36:31","modified_gmt":"2026-04-29T16:36:31","slug":"carregal-do-sal-vive-com-emocao-o-rali-espumante-do-dao-e-expodao","status":"publish","type":"post","link":"https:\/\/contarotacoes.com\/?p=28182","title":{"rendered":"Carregal do Sal vive com emo\u00e7\u00e3o o Rali Espumante do D\u00e3o e ExpoD\u00e3o"},"content":{"rendered":"<p style=\"text-align: justify;\"><strong>Depois do sucesso protagonizado o ano passado, Carregal do Sal congratula-se com o regresso do Rali Espumante do D\u00e3o ao seu territ\u00f3rio, de 23 e 24 de maio de 2026, considerado a melhor prova do Campeonato Centro de Ralis, competi\u00e7\u00e3o que coincidir com a ExpoD\u00e3o, de 21 a 24, certame promocional de produtos regionais.<\/strong><\/p>\n<p style=\"text-align: justify;\">\n<p style=\"text-align: justify;\">Apesar de estarmos perante a segunda edi\u00e7\u00e3o, o Rali Espumante do D\u00e3o, organizado pelo Clube Autom\u00f3vel de Viseu e promovido pela Promolaf\u00f5es, que ser\u00e1 apresentado no pr\u00f3ximo s\u00e1bado, dia 2 de maio, \u00e0s 17h30, na Pra\u00e7a do Munic\u00edpio At\u00edlio dos Santos Nunes, em Carregal do Sal, passou a fazer parte das emo\u00e7\u00f5es das estradas de asfalto do concelho, competi\u00e7\u00e3o que movimenta milhares de apaixonados.<\/p>\n<p style=\"text-align: justify;\">Um marco hist\u00f3rico, tal e qual como em Cabanas de Viriato, terra de Aristides de Sousa Mendes, c\u00f4nsul portugu\u00eas em Bord\u00e9us que salvou a vida a milhares pessoas durante o holocausto nazi e que \u00e9 adorado por milh\u00f5es de pessoas.<\/p>\n<p style=\"text-align: justify;\">O Rali Espumante do D\u00e3o \u00e9, sem margem para d\u00favida, encarado como catalisador de excel\u00eancia para o desporto motorizado e do turismo, assumindo-se como um bom pron\u00fancio para a oferta excecional e diversificada do que melhor existe na regi\u00e3o.<\/p>\n<p style=\"text-align: justify;\">As estradas asfaltadas do concelho de Carregal do Sal v\u00e3o voltar assim a vibrar com a passagem da segunda edi\u00e7\u00e3o do Rali Espumante do D\u00e3o. O territ\u00f3rio da sub-regi\u00e3o Viseu D\u00e3o-Laf\u00f5es da Regi\u00e3o do Centro est\u00e1 preparado para acolher os participantes da forma calorosa que os habituou logo da edi\u00e7\u00e3o inaugural e o entusiasmo gerado ultrapassou todas as previs\u00f5es.<\/p>\n<p style=\"text-align: justify;\">De facto, o Rali Espumante do D\u00e3o serviu trampolim para destacar o talento e a velocidade, reunindo todos os protagonistas numa tarde de festa e eleg\u00e2ncia na Gala da Promolaf\u00f5es Rali Cup by Castrol Travocar 2025, cerim\u00f3nia que estendeu a passadeira vermelha no Centro Cultural de Carregal do Sal.<\/p>\n<p style=\"text-align: justify;\">Pontu\u00e1vel para o Campeonato Centro de Ralis, Campeonato Centro 2RM de Ralis e Promolaf\u00f5es Rali Cup by Castrol Travocar, o Rali Espumante do D\u00e3o, vai coincidir com a ExpoD\u00e3o, de 21 a 24 de maio do corrente ano, um certame focado na promo\u00e7\u00e3o de produtos regionais, afirmando-se, desde logo, como um ex-libris da regi\u00e3o.<\/p>\n<p style=\"text-align: justify;\">Os dois eventos v\u00e3o atrair multid\u00f5es \u00e0s bermas das estradas, em que a seguran\u00e7a envolve medidas preventivas e reativas para proteger os participantes e p\u00fablico em geral, bem como a capacidade de milhares de pessoas que se mobilizam na procura de um territ\u00f3rio para lazer ou neg\u00f3cios.<\/p>\n<p style=\"text-align: justify;\">Face ao deleite com que as gentes da regi\u00e3o de Carregal do Sal recebem pilotos, navegadores, equipas e visitantes em geral, a segunda edi\u00e7\u00e3o do Rali Espumante do D\u00e3o promete dar continuidade ao compromisso estabelecido desde a primeira hora, iniciado na Quinta de Santa Maria &#8211; Ribeiro Santo, em Cabanas de Viriato.<\/p>\n<p style=\"text-align: justify;\">Entusiasmados de voltar a abrir as portas da regi\u00e3o a todos os que seguem a prova, o Munic\u00edpio de Carregal do Sal, Clube Autom\u00f3vel de Viseu, Promolaf\u00f5es e Ribeiro Santo dobram a fasquia de potenciar o Espumante do D\u00e3o, unindo a tradi\u00e7\u00e3o vin\u00edcola com o desporto autom\u00f3vel, ao longo dos percursos asfaltados do territ\u00f3rio.<\/p>\n<p style=\"text-align: justify;\">Conforme o pr\u00f3prio nome indica, o Rali Espumante D\u00e3o tem por base, naturalmente, o espumante, como forma de o promover um produto de excel\u00eancia na regi\u00e3o, mas que ainda n\u00e3o tem o destaque merecido: o D\u00e3o tem espumante de excelente qualidade e a competi\u00e7\u00e3o \u00e9 um meio de \u201ctransporte\u201d para o levar o mais longe poss\u00edvel.<\/p>\n<p style=\"text-align: justify;\">Por seu turno, a ExpoD\u00e3o, com um forte cariz comercial e empresarial, ter\u00e1 como objetivo promover a excel\u00eancia dos produtos da regi\u00e3o, com destaque para o vinho e o espumante do D\u00e3o, bem como a pinha e o pinh\u00e3o.<\/p>\n<p style=\"text-align: justify;\">O Munic\u00edpio de Carregal do Sal n\u00e3o descurou a possibilidade de cozinhar o arroz colaborativo, feito com os contributos de todas as freguesias, que visa, essencialmente, que as comunidades das respetivas freguesias possam contribuir com o seu produto mais aut\u00eantico e genu\u00edno e criar um arroz que represente a for\u00e7a, diversidade, vitalidade e variedade, assim como a criatividade do concelho.<\/p>\n<p><img fetchpriority=\"high\" decoding=\"async\" class=\"aligncenter wp-image-28183 size-full\" src=\"https:\/\/contarotacoes.com\/wp-content\/uploads\/2026\/04\/WhatsApp-Image-2026-04-29-at-14.42.00-4.jpeg\" alt=\"\" width=\"1080\" height=\"1440\" srcset=\"https:\/\/contarotacoes.com\/wp-content\/uploads\/2026\/04\/WhatsApp-Image-2026-04-29-at-14.42.00-4.jpeg 1080w, https:\/\/contarotacoes.com\/wp-content\/uploads\/2026\/04\/WhatsApp-Image-2026-04-29-at-14.42.00-4-225x300.jpeg 225w, https:\/\/contarotacoes.com\/wp-content\/uploads\/2026\/04\/WhatsApp-Image-2026-04-29-at-14.42.00-4-768x1024.jpeg 768w, https:\/\/contarotacoes.com\/wp-content\/uploads\/2026\/04\/WhatsApp-Image-2026-04-29-at-14.42.00-4-9x12.jpeg 9w\" sizes=\"(max-width: 1080px) 100vw, 1080px\" \/><\/p>\n","protected":false},"excerpt":{"rendered":"<p>Depois do sucesso protagonizado o ano passado, Carregal do Sal congratula-se com o regresso do Rali Espumante do D\u00e3o ao seu territ\u00f3rio, de 23 e 24 de maio de 2026, considerado a melhor prova do Campeonato Centro de Ralis, competi\u00e7\u00e3o que coincidir com a ExpoD\u00e3o, de 21 a 24, certame promocional de produtos regionais. Apesar [&hellip;]<\/p>\n","protected":false},"author":2,"featured_media":28184,"comment_status":"open","ping_status":"open","sticky":false,"template":"","format":"standard","meta":{"_editorskit_title_hidden":false,"_editorskit_reading_time":0,"_editorskit_is_block_options_detached":false,"_editorskit_block_options_position":"{}","om_disable_all_campaigns":false,"_monsterinsights_skip_tracking":false,"_monsterinsights_sitenote_active":false,"_monsterinsights_sitenote_note":"","_monsterinsights_sitenote_category":0,"_uf_show_specific_survey":0,"_uf_disable_surveys":false,"site-sidebar-layout":"default","site-content-layout":"","ast-site-content-layout":"default","site-content-style":"default","site-sidebar-style":"default","ast-global-header-display":"","ast-banner-title-visibility":"","ast-main-header-display":"","ast-hfb-above-header-display":"","ast-hfb-below-header-display":"","ast-hfb-mobile-header-display":"","site-post-title":"","ast-breadcrumbs-content":"","ast-featured-img":"","footer-sml-layout":"","theme-transparent-header-meta":"default","adv-header-id-meta":"","stick-header-meta":"default","header-above-stick-meta":"","header-main-stick-meta":"","header-below-stick-meta":"","astra-migrate-meta-layouts":"set","ast-page-background-enabled":"default","ast-page-background-meta":{"desktop":{"background-color":"","background-image":"","background-repeat":"repeat","background-position":"center center","background-size":"auto","background-attachment":"scroll","background-type":"","background-media":"","overlay-type":"","overlay-color":"","overlay-opacity":"","overlay-gradient":""},"tablet":{"background-color":"","background-image":"","background-repeat":"repeat","background-position":"center center","background-size":"auto","background-attachment":"scroll","background-type":"","background-media":"","overlay-type":"","overlay-color":"","overlay-opacity":"","overlay-gradient":""},"mobile":{"background-color":"","background-image":"","background-repeat":"repeat","background-position":"center center","background-size":"auto","background-attachment":"scroll","background-type":"","background-media":"","overlay-type":"","overlay-color":"","overlay-opacity":"","overlay-gradient":""}},"ast-content-background-meta":{"desktop":{"background-color":"var(--ast-global-color-5)","background-image":"","background-repeat":"repeat","background-position":"center center","background-size":"auto","background-attachment":"scroll","background-type":"","background-media":"","overlay-type":"","overlay-color":"","overlay-opacity":"","overlay-gradient":""},"tablet":{"background-color":"var(--ast-global-color-5)","background-image":"","background-repeat":"repeat","background-position":"center center","background-size":"auto","background-attachment":"scroll","background-type":"","background-media":"","overlay-type":"","overlay-color":"","overlay-opacity":"","overlay-gradient":""},"mobile":{"background-color":"var(--ast-global-color-5)","background-image":"","background-repeat":"repeat","background-position":"center center","background-size":"auto","background-attachment":"scroll","background-type":"","background-media":"","overlay-type":"","overlay-color":"","overlay-opacity":"","overlay-gradient":""}},"footnotes":""},"categories":[11],"tags":[],"class_list":["post-28182","post","type-post","status-publish","format-standard","has-post-thumbnail","hentry","category-noticias"],"aioseo_notices":[],"_links":{"self":[{"href":"https:\/\/contarotacoes.com\/index.php?rest_route=\/wp\/v2\/posts\/28182","targetHints":{"allow":["GET"]}}],"collection":[{"href":"https:\/\/contarotacoes.com\/index.php?rest_route=\/wp\/v2\/posts"}],"about":[{"href":"https:\/\/contarotacoes.com\/index.php?rest_route=\/wp\/v2\/types\/post"}],"author":[{"embeddable":true,"href":"https:\/\/contarotacoes.com\/index.php?rest_route=\/wp\/v2\/users\/2"}],"replies":[{"embeddable":true,"href":"https:\/\/contarotacoes.com\/index.php?rest_route=%2Fwp%2Fv2%2Fcomments&post=28182"}],"version-history":[{"count":1,"href":"https:\/\/contarotacoes.com\/index.php?rest_route=\/wp\/v2\/posts\/28182\/revisions"}],"predecessor-version":[{"id":28185,"href":"https:\/\/contarotacoes.com\/index.php?rest_route=\/wp\/v2\/posts\/28182\/revisions\/28185"}],"wp:featuredmedia":[{"embeddable":true,"href":"https:\/\/contarotacoes.com\/index.php?rest_route=\/wp\/v2\/media\/28184"}],"wp:attachment":[{"href":"https:\/\/contarotacoes.com\/index.php?rest_route=%2Fwp%2Fv2%2Fmedia&parent=28182"}],"wp:term":[{"taxonomy":"category","embeddable":true,"href":"https:\/\/contarotacoes.com\/index.php?rest_route=%2Fwp%2Fv2%2Fcategories&post=28182"},{"taxonomy":"post_tag","embeddable":true,"href":"https:\/\/contarotacoes.com\/index.php?rest_route=%2Fwp%2Fv2%2Ftags&post=28182"}],"curies":[{"name":"wp","href":"https:\/\/api.w.org\/{rel}","templated":true}]}}