{"id":28178,"date":"2026-04-29T16:33:16","date_gmt":"2026-04-29T16:33:16","guid":{"rendered":"https:\/\/contarotacoes.com\/?p=28178"},"modified":"2026-04-29T16:33:16","modified_gmt":"2026-04-29T16:33:16","slug":"16a-edicao-do-rally-cidade-de-serpa-flor-do-alentejo-com-43-inscritos","status":"publish","type":"post","link":"https:\/\/contarotacoes.com\/?p=28178","title":{"rendered":"16\u00aa edi\u00e7\u00e3o do Rally Cidade de Serpa\/Flor do Alentejo com 43 inscritos"},"content":{"rendered":"<p style=\"text-align: justify;\">J\u00e1 come\u00e7ou a contagem decrescente para o Rali Cidade de Serpa\/Flor do Alentejo, a segunda prova pontu\u00e1vel para o Campeonato Sul de Ralis da FPAK. Nos pr\u00f3ximos dias 2 e 3 de maio a cidade alentejana de Serpa recebe a 16\u00aa edi\u00e7\u00e3o desta competi\u00e7\u00e3o mais uma vez organizada pela Sec\u00e7\u00e3o de Motorismo da Sociedade Art\u00edstica Reguenguense em parceria com o Munic\u00edpio de Serpa.<\/p>\n<p style=\"text-align: justify;\">O rali vai contar com um total de 58,57 kms divididos por sete Provas Especiais de Classifica\u00e7\u00e3o.<\/p>\n<p style=\"text-align: justify;\">A prova arranca desportivamente no s\u00e1bado, dia 2 de maio ap\u00f3s as habituais verifica\u00e7\u00f5es t\u00e9cnicas e administrativas que decorrem durante a manh\u00e3, seguindo-se uma dupla passagem pela PEC Santa Iria de 8,21 km que se disputa a partir das 16:45.<\/p>\n<p style=\"text-align: justify;\">A partir das 22:00 disputa-se no centro da cidade a City Stage \u201cJos\u00e9 Augusto\u201d onde o espet\u00e1culo promete durante os 2 kms de extens\u00e3o desta especial que ter\u00e1 antes do seu inicio a atua\u00e7\u00e3o de Marco Martins que far\u00e1 algumas passagens pelo tro\u00e7o e animar\u00e1 o publico at\u00e9 ao in\u00edcio da SE.<\/p>\n<p style=\"text-align: justify;\">No domingo, cumprem-se as restantes quatro especiais classificativas.<\/p>\n<p style=\"text-align: justify;\">A PEC 4\/6 (Pias\/Enxo\u00e9) ser\u00e1 uma novidade na competi\u00e7\u00e3o, trata-se de um novo tro\u00e7o com inicio em Pias e final muito perto da localidade de Vale Vargo, numa extens\u00e3o de 9,65 kms, com inicio pelas 09:33.<\/p>\n<p style=\"text-align: justify;\">Em A do Pinto, ter\u00e1 lugar a PEC 5\/7 com 10,39 km cuja primeira passagem tem lugar \u00e0s 10:36.<\/p>\n<p style=\"text-align: justify;\">A cerim\u00f3nia de entrega de pr\u00e9mios est\u00e1 agendada para as 16:00, no p\u00f3dio junto ao Parque Fechado, junto \u00e0 Rua Jos\u00e9 M. Gra\u00e7a Afreixo, Serpa.<\/p>\n<p style=\"text-align: justify;\">A lista de inscritos promete uma grande luta e anima\u00e7\u00e3o nos tro\u00e7os de Serpa, pois foram 43 os concorrentes que responderam \u00e0 chamada da SAR Motorismo para este regresso a Serpa depois de um de interregno.<\/p>\n<p style=\"text-align: justify;\">Al\u00e9m dos habituais \u201cclientes\u201d do Regional Sul, de onde se destacam os irm\u00e3os Martins (Carlos e Jo\u00e3o \u2013 um regresso, Fernando Teot\u00f3nio, Fernando Peres, Jo\u00e3o Monteiro, Ven\u00e2ncio e Merceano, Paulo Anselmo e Ant\u00f3nio Correia); lugar ainda para a juventude algarvia que desponta agora nas provas a Sul do pa\u00eds.<\/p>\n<p style=\"text-align: justify;\">Ricardo Teod\u00f3sio (Citroen C3 Rally 2, Jo\u00e3o Ferreira e Francisco Barreto (ambos em Skoda Fabia Rally 2) que prometem andar depressa nos tro\u00e7os alentejanos e v\u00e3o ajudar a compor a moldura humana que se desloca ao Baixo Alentejo este fim de semana.<\/p>\n<p style=\"text-align: justify;\">A prova pode ser acompanhada nas redes sociais https:\/\/www.facebook.com\/sar.motorismo e na plataforma SPORTITY, atrav\u00e9s da pass SARMOTORISMO.<\/p>\n<p style=\"text-align: justify;\">Tempos online em https:\/\/anubesport.com\/pt\/events<\/p>\n<p><a href=\"https:\/\/contarotacoes.com\/wp-content\/uploads\/2026\/04\/Lista-de-Inscritos-Rali-de-Serpa-PUBLICADA_2026-04-29T09h07m49.pdf\">Lista de Inscritos Rali de Serpa PUBLICADA_2026-04-29T09h07m49<\/a><\/p>\n","protected":false},"excerpt":{"rendered":"<p>J\u00e1 come\u00e7ou a contagem decrescente para o Rali Cidade de Serpa\/Flor do Alentejo, a segunda prova pontu\u00e1vel para o Campeonato Sul de Ralis da FPAK. Nos pr\u00f3ximos dias 2 e 3 de maio a cidade alentejana de Serpa recebe a 16\u00aa edi\u00e7\u00e3o desta competi\u00e7\u00e3o mais uma vez organizada pela Sec\u00e7\u00e3o de Motorismo da Sociedade Art\u00edstica [&hellip;]<\/p>\n","protected":false},"author":2,"featured_media":28180,"comment_status":"open","ping_status":"open","sticky":false,"template":"","format":"standard","meta":{"_editorskit_title_hidden":false,"_editorskit_reading_time":0,"_editorskit_is_block_options_detached":false,"_editorskit_block_options_position":"{}","om_disable_all_campaigns":false,"_monsterinsights_skip_tracking":false,"_monsterinsights_sitenote_active":false,"_monsterinsights_sitenote_note":"","_monsterinsights_sitenote_category":0,"_uf_show_specific_survey":0,"_uf_disable_surveys":false,"site-sidebar-layout":"default","site-content-layout":"","ast-site-content-layout":"default","site-content-style":"default","site-sidebar-style":"default","ast-global-header-display":"","ast-banner-title-visibility":"","ast-main-header-display":"","ast-hfb-above-header-display":"","ast-hfb-below-header-display":"","ast-hfb-mobile-header-display":"","site-post-title":"","ast-breadcrumbs-content":"","ast-featured-img":"","footer-sml-layout":"","theme-transparent-header-meta":"default","adv-header-id-meta":"","stick-header-meta":"default","header-above-stick-meta":"","header-main-stick-meta":"","header-below-stick-meta":"","astra-migrate-meta-layouts":"set","ast-page-background-enabled":"default","ast-page-background-meta":{"desktop":{"background-color":"","background-image":"","background-repeat":"repeat","background-position":"center center","background-size":"auto","background-attachment":"scroll","background-type":"","background-media":"","overlay-type":"","overlay-color":"","overlay-opacity":"","overlay-gradient":""},"tablet":{"background-color":"","background-image":"","background-repeat":"repeat","background-position":"center center","background-size":"auto","background-attachment":"scroll","background-type":"","background-media":"","overlay-type":"","overlay-color":"","overlay-opacity":"","overlay-gradient":""},"mobile":{"background-color":"","background-image":"","background-repeat":"repeat","background-position":"center center","background-size":"auto","background-attachment":"scroll","background-type":"","background-media":"","overlay-type":"","overlay-color":"","overlay-opacity":"","overlay-gradient":""}},"ast-content-background-meta":{"desktop":{"background-color":"var(--ast-global-color-5)","background-image":"","background-repeat":"repeat","background-position":"center center","background-size":"auto","background-attachment":"scroll","background-type":"","background-media":"","overlay-type":"","overlay-color":"","overlay-opacity":"","overlay-gradient":""},"tablet":{"background-color":"var(--ast-global-color-5)","background-image":"","background-repeat":"repeat","background-position":"center center","background-size":"auto","background-attachment":"scroll","background-type":"","background-media":"","overlay-type":"","overlay-color":"","overlay-opacity":"","overlay-gradient":""},"mobile":{"background-color":"var(--ast-global-color-5)","background-image":"","background-repeat":"repeat","background-position":"center center","background-size":"auto","background-attachment":"scroll","background-type":"","background-media":"","overlay-type":"","overlay-color":"","overlay-opacity":"","overlay-gradient":""}},"footnotes":""},"categories":[11],"tags":[],"class_list":["post-28178","post","type-post","status-publish","format-standard","has-post-thumbnail","hentry","category-noticias"],"aioseo_notices":[],"_links":{"self":[{"href":"https:\/\/contarotacoes.com\/index.php?rest_route=\/wp\/v2\/posts\/28178","targetHints":{"allow":["GET"]}}],"collection":[{"href":"https:\/\/contarotacoes.com\/index.php?rest_route=\/wp\/v2\/posts"}],"about":[{"href":"https:\/\/contarotacoes.com\/index.php?rest_route=\/wp\/v2\/types\/post"}],"author":[{"embeddable":true,"href":"https:\/\/contarotacoes.com\/index.php?rest_route=\/wp\/v2\/users\/2"}],"replies":[{"embeddable":true,"href":"https:\/\/contarotacoes.com\/index.php?rest_route=%2Fwp%2Fv2%2Fcomments&post=28178"}],"version-history":[{"count":1,"href":"https:\/\/contarotacoes.com\/index.php?rest_route=\/wp\/v2\/posts\/28178\/revisions"}],"predecessor-version":[{"id":28181,"href":"https:\/\/contarotacoes.com\/index.php?rest_route=\/wp\/v2\/posts\/28178\/revisions\/28181"}],"wp:featuredmedia":[{"embeddable":true,"href":"https:\/\/contarotacoes.com\/index.php?rest_route=\/wp\/v2\/media\/28180"}],"wp:attachment":[{"href":"https:\/\/contarotacoes.com\/index.php?rest_route=%2Fwp%2Fv2%2Fmedia&parent=28178"}],"wp:term":[{"taxonomy":"category","embeddable":true,"href":"https:\/\/contarotacoes.com\/index.php?rest_route=%2Fwp%2Fv2%2Fcategories&post=28178"},{"taxonomy":"post_tag","embeddable":true,"href":"https:\/\/contarotacoes.com\/index.php?rest_route=%2Fwp%2Fv2%2Ftags&post=28178"}],"curies":[{"name":"wp","href":"https:\/\/api.w.org\/{rel}","templated":true}]}}