{"id":28166,"date":"2026-04-29T16:23:31","date_gmt":"2026-04-29T16:23:31","guid":{"rendered":"https:\/\/contarotacoes.com\/?p=28166"},"modified":"2026-04-29T16:23:31","modified_gmt":"2026-04-29T16:23:31","slug":"jose-carlos-pouca-sorte-piloto-megamotors-no-podio-na-rampa-da-penha","status":"publish","type":"post","link":"https:\/\/contarotacoes.com\/?p=28166","title":{"rendered":"JOS\u00c9 CARLOS POUCA SORTE \u2013 PILOTO MEGAMOTORS NO P\u00d3DIO NA RAMPA DA PENHA"},"content":{"rendered":"<p style=\"font-weight: 400; text-align: justify;\">Neste seu regresso ao\u00a0 Campeonato Portugal Montanha JC Group \u00a02026, na segunda jornada desta \u00e9poca com a rampa da Penha,\u00a0<strong>Jos\u00e9 Carlos Pouca Sorte \u2013 piloto Megamotors<\/strong>, esteve em destaque no passado fim de semana , tendo subido ao p\u00f3dio dos GT na 2\u00aa posi\u00e7\u00e3o.<\/p>\n<p style=\"font-weight: 400; text-align: justify;\">Assim, na 1\u00aa subida oficial de treinos,\u00a0<strong>o piloto Megamotors<\/strong>\u00a0na busca do melhor ritmo, e logo no inicio do dia de s\u00e1bado come\u00e7a por rubricar um tempo de 1.42.828 \u00e0 m\u00e9dia de 97,32 km\/h. Para a 2\u00aa subida de treinos,\u00a0<strong>Jos\u00e9 Carlos Pouca Sorte<\/strong>\u00a0n\u00e3o se fez rogado, e assina logo um crono de\u00a0 1.36.965 \u00e0 m\u00e9dia de 103,21 km\/h.<\/p>\n<p style=\"font-weight: 400; text-align: justify;\">Chegados ao inicio da tarde de s\u00e1bado, na primeira subida oficial de prova,\u00a0<strong>Jos\u00e9 Carlos Pouca Sorte<\/strong>\u00a0\u00a0joga a sua sorte, e logra alcan\u00e7ar um tempo de 1.37.122, para percorrer toda a extens\u00e3o da Rampa da Penha, sendo assim o 3\u00ba classificado entre os participantes dos GT.<\/p>\n<p style=\"font-weight: 400; text-align: justify;\">Ap\u00f3s uma noite de descanso, no domingo de manh\u00e3,\u00a0<strong>o piloto Megamotors<\/strong>\u00a0est\u00e1 na linha de partida da \u00faltima subida oficial de treinos, onde acaba por alcan\u00e7ar 1.37.523 \u00e0 m\u00e9dia de 102,62 km\/h, e a 2\u00aa posi\u00e7\u00e3o entre os GT.<\/p>\n<p style=\"font-weight: 400; text-align: justify;\">Mas a hora da verdade chegou, e o piloto natural de Resende, mas sediado profissionalmente em Paredes e Penafiel, com o inicio das hostilidades, come\u00e7a logo por fazer um crono de 1.34.581, e a segunda melhor marca dos GT.\u00a0 Para a derradeira \u201csubida a valer<strong>\u201d, Jos\u00e9 Carlos Pouca Sorte<\/strong>\u00a0acaba por regressar aos duelos, onde logra alcan\u00e7ar um tempo de 1,34,695, e a consolida\u00e7\u00e3o da 2\u00aa posi\u00e7\u00e3o no p\u00f3dio dos GT, desta edi\u00e7\u00e3o de 2026 da rampa da Penha, organizado sob a responsabilidade da Demoporto, tendo como diretor Ricardo Coelho.<\/p>\n<p style=\"font-weight: 400; text-align: justify;\"><strong><u>CLASSIFICA\u00c7\u00c3O FINAL GT<\/u><\/strong><\/p>\n<p style=\"font-weight: 400; text-align: justify;\">1\u00ba Jos\u00e9 Rodrigues -Porsche GT 3 Cup<\/p>\n<p style=\"font-weight: 400; text-align: justify;\"><strong>2\u00ba MEGAMOTORS \u2013 JOS\u00c9 CARLOS POUCA SORTE \u2013 PORSCHE GT 3 CUP<\/strong><\/p>\n<p style=\"font-weight: 400; text-align: justify;\">3\u00ba Daniel Vila\u00e7a \u2013 Porsche GT 3 Cup<\/p>\n<p style=\"font-weight: 400; text-align: justify;\">4\u00ba Beatriz Correia \u2013 Porsche GT 3 Cup<\/p>\n<p style=\"font-weight: 400; text-align: justify;\">No final, depois de ter ido ao p\u00f3dio receber o seu trof\u00e9u,\u00a0<strong>Jos\u00e9 Carlos Pouca Sorte<\/strong>\u00a0fez-nos \u201c o ponto de situa\u00e7\u00e3o\u201d argumentando \u201c\u00a0<strong>depois de uns meses de paragem, houve que encontrar o ritmo certo, assim como as afina\u00e7\u00f5es correctas para esta rampa que tem carater\u00edsticas muito pr\u00f3prias, e n\u00e3o \u00e9 nada f\u00e1cil.\u00a0 Conseguimos encontrar os \u201cset up correctos, e que veio logicamente ajudar na obten\u00e7\u00e3o deste 2\u00ba lugar, com direito a uma posi\u00e7\u00e3o no p\u00f3dio neste meu regresso ao Campeonato Portugal Montanha JC Group 2026, no qual quero dedicar este resultado a toda a minha equipa da Megamotors, \u00e0 minha mulher e filha que me acompanharam o fim de semana em Guimar\u00e3es, para al\u00e9m dos patrocinadores que me apoiam neste projecto, este resultado tamb\u00e9m \u00e9 vosso \u201c, conclui o piloto Megamotors.<\/strong><\/p>\n","protected":false},"excerpt":{"rendered":"<p>Neste seu regresso ao\u00a0 Campeonato Portugal Montanha JC Group \u00a02026, na segunda jornada desta \u00e9poca com a rampa da Penha,\u00a0Jos\u00e9 Carlos Pouca Sorte \u2013 piloto Megamotors, esteve em destaque no passado fim de semana , tendo subido ao p\u00f3dio dos GT na 2\u00aa posi\u00e7\u00e3o. Assim, na 1\u00aa subida oficial de treinos,\u00a0o piloto Megamotors\u00a0na busca do [&hellip;]<\/p>\n","protected":false},"author":2,"featured_media":28167,"comment_status":"open","ping_status":"open","sticky":false,"template":"","format":"standard","meta":{"_editorskit_title_hidden":false,"_editorskit_reading_time":0,"_editorskit_is_block_options_detached":false,"_editorskit_block_options_position":"{}","om_disable_all_campaigns":false,"_monsterinsights_skip_tracking":false,"_monsterinsights_sitenote_active":false,"_monsterinsights_sitenote_note":"","_monsterinsights_sitenote_category":0,"_uf_show_specific_survey":0,"_uf_disable_surveys":false,"site-sidebar-layout":"default","site-content-layout":"","ast-site-content-layout":"default","site-content-style":"default","site-sidebar-style":"default","ast-global-header-display":"","ast-banner-title-visibility":"","ast-main-header-display":"","ast-hfb-above-header-display":"","ast-hfb-below-header-display":"","ast-hfb-mobile-header-display":"","site-post-title":"","ast-breadcrumbs-content":"","ast-featured-img":"","footer-sml-layout":"","theme-transparent-header-meta":"default","adv-header-id-meta":"","stick-header-meta":"default","header-above-stick-meta":"","header-main-stick-meta":"","header-below-stick-meta":"","astra-migrate-meta-layouts":"set","ast-page-background-enabled":"default","ast-page-background-meta":{"desktop":{"background-color":"","background-image":"","background-repeat":"repeat","background-position":"center center","background-size":"auto","background-attachment":"scroll","background-type":"","background-media":"","overlay-type":"","overlay-color":"","overlay-opacity":"","overlay-gradient":""},"tablet":{"background-color":"","background-image":"","background-repeat":"repeat","background-position":"center center","background-size":"auto","background-attachment":"scroll","background-type":"","background-media":"","overlay-type":"","overlay-color":"","overlay-opacity":"","overlay-gradient":""},"mobile":{"background-color":"","background-image":"","background-repeat":"repeat","background-position":"center center","background-size":"auto","background-attachment":"scroll","background-type":"","background-media":"","overlay-type":"","overlay-color":"","overlay-opacity":"","overlay-gradient":""}},"ast-content-background-meta":{"desktop":{"background-color":"var(--ast-global-color-5)","background-image":"","background-repeat":"repeat","background-position":"center center","background-size":"auto","background-attachment":"scroll","background-type":"","background-media":"","overlay-type":"","overlay-color":"","overlay-opacity":"","overlay-gradient":""},"tablet":{"background-color":"var(--ast-global-color-5)","background-image":"","background-repeat":"repeat","background-position":"center center","background-size":"auto","background-attachment":"scroll","background-type":"","background-media":"","overlay-type":"","overlay-color":"","overlay-opacity":"","overlay-gradient":""},"mobile":{"background-color":"var(--ast-global-color-5)","background-image":"","background-repeat":"repeat","background-position":"center center","background-size":"auto","background-attachment":"scroll","background-type":"","background-media":"","overlay-type":"","overlay-color":"","overlay-opacity":"","overlay-gradient":""}},"footnotes":""},"categories":[11],"tags":[],"class_list":["post-28166","post","type-post","status-publish","format-standard","has-post-thumbnail","hentry","category-noticias"],"aioseo_notices":[],"_links":{"self":[{"href":"https:\/\/contarotacoes.com\/index.php?rest_route=\/wp\/v2\/posts\/28166","targetHints":{"allow":["GET"]}}],"collection":[{"href":"https:\/\/contarotacoes.com\/index.php?rest_route=\/wp\/v2\/posts"}],"about":[{"href":"https:\/\/contarotacoes.com\/index.php?rest_route=\/wp\/v2\/types\/post"}],"author":[{"embeddable":true,"href":"https:\/\/contarotacoes.com\/index.php?rest_route=\/wp\/v2\/users\/2"}],"replies":[{"embeddable":true,"href":"https:\/\/contarotacoes.com\/index.php?rest_route=%2Fwp%2Fv2%2Fcomments&post=28166"}],"version-history":[{"count":1,"href":"https:\/\/contarotacoes.com\/index.php?rest_route=\/wp\/v2\/posts\/28166\/revisions"}],"predecessor-version":[{"id":28168,"href":"https:\/\/contarotacoes.com\/index.php?rest_route=\/wp\/v2\/posts\/28166\/revisions\/28168"}],"wp:featuredmedia":[{"embeddable":true,"href":"https:\/\/contarotacoes.com\/index.php?rest_route=\/wp\/v2\/media\/28167"}],"wp:attachment":[{"href":"https:\/\/contarotacoes.com\/index.php?rest_route=%2Fwp%2Fv2%2Fmedia&parent=28166"}],"wp:term":[{"taxonomy":"category","embeddable":true,"href":"https:\/\/contarotacoes.com\/index.php?rest_route=%2Fwp%2Fv2%2Fcategories&post=28166"},{"taxonomy":"post_tag","embeddable":true,"href":"https:\/\/contarotacoes.com\/index.php?rest_route=%2Fwp%2Fv2%2Ftags&post=28166"}],"curies":[{"name":"wp","href":"https:\/\/api.w.org\/{rel}","templated":true}]}}