{"id":28163,"date":"2026-04-29T16:22:09","date_gmt":"2026-04-29T16:22:09","guid":{"rendered":"https:\/\/contarotacoes.com\/?p=28163"},"modified":"2026-04-29T16:22:09","modified_gmt":"2026-04-29T16:22:09","slug":"ami-rip-curl-a-citroen-apresenta-e-abre-as-encomendas-para-uma-edicao-limitada-do-lider-da-micromobilidade-nacional","status":"publish","type":"post","link":"https:\/\/contarotacoes.com\/?p=28163","title":{"rendered":"AMI RIP CURL: A CITRO\u00cbN APRESENTA E ABRE AS ENCOMENDAS PARA UMA EDI\u00c7\u00c3O LIMITADA DO L\u00cdDER DA MICROMOBILIDADE NACIONAL"},"content":{"rendered":"<ul type=\"disc\">\n<li style=\"text-align: justify;\"><b>A Citro\u00ebn revela o Ami Rip Curl, Edi\u00e7\u00e3o Limitada que assinala o relan\u00e7amento da parceria com a marca Rip Curl, iniciada com o conceito Ami Buggy Rip Curl Vision apresentado em outubro de 2025.<\/b><b style=\"font-style: inherit;\">\u00a0<\/b><\/li>\n<\/ul>\n<ul style=\"text-align: justify;\" type=\"disc\">\n<li><b>O Ami Rip Curl est\u00e1 dispon\u00edvel para encomenda a partir de hoje, 29 de abril de 2026, por um pre\u00e7o de 9.290 \u20ac e ser\u00e1 exposto no \u00e2mbito do Rip Curl Nations Trophy, patrocinado pela Citro\u00ebn, em Surftown MUC, na Alemanha, e do circuito europeu do Rip Curl Gromsearch, tamb\u00e9m apoiado pela Citro\u00ebn.<\/b><b style=\"font-style: inherit;\">\u00a0<\/b><\/li>\n<\/ul>\n<ul style=\"text-align: justify;\" type=\"disc\">\n<li><b>Com uma identidade forte, esta Edi\u00e7\u00e3o Limitada define-se \u00e0 imagem dos c\u00f3digos do\u00a0<i>surfwear<\/i> e reivindica um esp\u00edrito distintivo no cora\u00e7\u00e3o da micromobilidade. Associa a identidade do surf \u00e0 liberdade de movimentos, mesmo nas cidades.<\/b><b style=\"font-style: inherit;\">\u00a0<\/b><\/li>\n<\/ul>\n<ul style=\"text-align: justify;\" type=\"disc\">\n<li><b>Cheio de contrastes, o Ami Rip Curl apresenta uma carro\u00e7aria preta animada por autocolantes com um motivo de ondas, semelhantes ao log\u00f3tipo da Rip Curl, dispon\u00edveis em amarelo na vers\u00e3o Sunrise ou em violeta na vers\u00e3o Sunset.<\/b><b style=\"font-style: inherit;\">\u00a0<\/b><\/li>\n<\/ul>\n<ul style=\"text-align: justify;\" type=\"disc\">\n<li><b>O Ami Rip Curl integra o novo ecr\u00e3 digital a cores de 5,7 polegadas, maior e com melhor qualidade gr\u00e1fica, que equipa agora o modelo Ami.<\/b><b><u><\/u><u><\/u><\/b><\/li>\n<\/ul>\n<p style=\"text-align: justify;\">Depois de ter desvendado o <i>concept\u00a0<\/i>Citro\u00ebn Ami Buggy Rip Curl Vision em outubro passado, durante as finais do Rip Curl GromSearch em Hossegor, a Citro\u00ebn d\u00e1 mais um passo e apresenta o Ami Rip Curl, uma Edi\u00e7\u00e3o Limitada que encarna o esp\u00edrito do surf e a liberdade de movimentos. O modelo retoma os c\u00f3digos do surfwear e apresenta uma personalidade marcante para se afirmar num estado de esp\u00edrito distinto, mesmo no cora\u00e7\u00e3o das cidades.<u><\/u><u><\/u><u><\/u>\u00a0<u><\/u><\/p>\n<p style=\"text-align: justify;\">\u00c1gil e confort\u00e1vel como uma pe\u00e7a de roupa f\u00e1cil de usar no dia-a-dia, insere-se no esp\u00edrito Rip Curl, que visa propor produtos modernos, t\u00e9cnicos e pr\u00e1ticos ao servi\u00e7o do lazer. O Citro\u00ebn Ami Rip Curl reveste-se de preto e \u00e9 real\u00e7ado por um conjunto de autocolantes amarelos ou violeta, que assinam graficamente o ve\u00edculo como um verdadeiro elemento de decora\u00e7\u00e3o personalizado.<u><\/u><u><\/u><u><\/u>\u00a0<u><\/u><\/p>\n<p style=\"text-align: justify;\">Com a edi\u00e7\u00e3o limitada Ami Rip Curl, a Citro\u00ebn prop\u00f5e uma vers\u00e3o acess\u00edvel a um p\u00fablico que procura uma mobilidade sustent\u00e1vel, num ve\u00edculo dotado de uma forte identidade com influ\u00eancias do surf e de um universo distinto. Refira-se que o Citro\u00ebn Ami lidera a micromobilidade nos quadriciclos em Portugal, desde o seu lan\u00e7amento em 2021.<u><\/u><u><\/u><u><\/u>\u00a0<u><\/u><\/p>\n<p style=\"text-align: justify;\"><b>Ami Rip Curl: quando as ondas atravessam as cidades<u><\/u><u><\/u><\/b><u><\/u>\u00a0<u><\/u><\/p>\n<p style=\"text-align: justify;\">O Ami Rip Curl destaca-se pelos seus detalhes coloridos exclusivos, dispon\u00edveis em duas vers\u00f5es: Sunrise (amarelo) e Sunset (violeta).<u><\/u><u><\/u><u><\/u>\u00a0<u><\/u><\/p>\n<p style=\"text-align: justify;\">Caracter\u00edsticas distintivas desta Edi\u00e7\u00e3o Limitada:<u><\/u><u><\/u><u><\/u>\u00a0<u><\/u><\/p>\n<ul style=\"text-align: justify;\" type=\"disc\">\n<li><b>A sua cor de carro\u00e7aria preta \u201cBlack Night\u201d.<\/b><u><\/u><u><\/u><\/li>\n<li><b>Autocolantes Rip Curl<\/b>, em amarelo ou violeta consoante a vers\u00e3o, presentes na parte inferior das portas, nos vidros laterais traseiros, no vidro traseiro e no painel de instrumentos. Estes autocolantes constituem uma forte assinatura gr\u00e1fica e retomam na porta a ideia de uma onda e o tema do log\u00f3tipo Rip Curl. Elementos que caracterizam o universo do Ami Rip Curl.<u><\/u><u><\/u><\/li>\n<li><b>Um emblema da marca<\/b>\u00a0na parte dianteira, amarelo ou branco, dependendo da vers\u00e3o.<u><\/u><u><\/u><\/li>\n<li><b>Um\u00a0<i>spoiler\u00a0<\/i>traseiro<\/b>\u00a0que refor\u00e7a o car\u00e1cter do modelo.<u><\/u><u><\/u><\/li>\n<li><b>Um novo painel digital de 5,7\u2019\u2019<\/b>\u00a0com um ecr\u00e3 a cores que moderniza o habit\u00e1culo. Presente atr\u00e1s do volante, este novo ecr\u00e3 central, agora de s\u00e9rie no modelo Ami, oferece uma melhor legibilidade e riqueza gr\u00e1fica.<u><\/u><u><\/u><\/li>\n<li><b>Acess\u00f3rios interiores a condizer<\/b>: em amarelo para a vers\u00e3o Sunrise e em branco para a vers\u00e3o Sunset: 3 caixas de arruma\u00e7\u00e3o a cores no painel de instrumentos, 1 gancho para sacos colorido do lado do passageiro, 2 tapetes coloridos, 2 redes de porta coloridas, uma rede central de separa\u00e7\u00e3o e um suporte para smartphone.<u><\/u><u><\/u><\/li>\n<li><b>Jantes brancas de 14\u2019\u2019 com mini embelezadores em preto exclusivas<\/b> para um estilo \u00fanico e reconhec\u00edvel.<\/li>\n<\/ul>\n<p style=\"text-align: justify;\"><b>A Citro\u00ebn e a Rip Curl: a continuidade de um belo reencontro<u><\/u><u><\/u><\/b><b><u><\/u>\u00a0<u><\/u><\/b><\/p>\n<p style=\"text-align: justify;\">Esta Edi\u00e7\u00e3o Limitada concretiza um feliz reencontro entre duas marcas que desenvolvem produtos de design e tecnologia ao servi\u00e7o do bem-estar, do lazer e da evas\u00e3o. Impulsionadas pelos seus valores comuns de cria\u00e7\u00e3o, autenticidade e inova\u00e7\u00e3o, a Citro\u00ebn e a Rip Curl unem-se em torno de um mesmo esp\u00edrito: oferecer a todos a liberdade de se deslocarem, de se evadirem e de aproveitarem plenamente cada momento.<u><\/u><u><\/u><u><\/u>\u00a0<u><\/u><\/p>\n<p style=\"text-align: justify;\">Esta colabora\u00e7\u00e3o teve in\u00edcio em 2016 com o C4 Cactus, prosseguiu em 2018 com os modelos C4 Picasso, SpaceTourer e C3 Aircross, antes de se concretizar no Berlingo em 2021. Ao associar-se, mais uma vez, \u00e0 Rip Curl, nome que evoca, por si s\u00f3, o surf desde 1969, a Citro\u00ebn pretende refor\u00e7ar o esp\u00edrito de aventura atrav\u00e9s de uma vers\u00e3o voltada para o relaxamento e a evas\u00e3o. Pela segunda vez, o Ami ostenta assim a assinatura Rip Curl e celebra esta colabora\u00e7\u00e3o atrav\u00e9s de uma edi\u00e7\u00e3o colorida.<u><\/u><u><\/u><u><\/u>\u00a0<u><\/u><\/p>\n<p style=\"text-align: justify;\">Esta Edi\u00e7\u00e3o Limitada estar\u00e1 presente em duas competi\u00e7\u00f5es importantes organizadas pela Rip Curl e patrocinadas pela Citro\u00ebn. O Rip Curl Nations Trophy, apoiado pela Citro\u00ebn, ter\u00e1 lugar a 9 de maio de 2026 no Surftown MUC, em Munique, evento que se insere no circuito europeu do GromSearch, que tamb\u00e9m conta com o apoio da Citro\u00ebn. Ter\u00e1 in\u00edcio em It\u00e1lia em abril, passando depois por Espanha e pelo Reino Unido em maio, antes de prosseguir para Portugal em junho e, posteriormente, para Fran\u00e7a em agosto. A temporada terminar\u00e1 com a Final Europeia em setembro, em Munique, na Alemanha, reunindo os melhores surfistas europeus com menos de 16 anos. Estes eventos ser\u00e3o uma oportunidade para os entusiastas do surf e da mobilidade descobrirem o Ami Rip Curl, entre a cidade e a praia, entre a mobilidade e a evas\u00e3o.<u><\/u><u><\/u><u><\/u>\u00a0<u><\/u><\/p>\n<p style=\"text-align: justify;\"><b>Ami: um objeto de mobilidade f\u00e1cil e acess\u00edvel<u><\/u><u><\/u><\/b><u><\/u>\u00a0<u><\/u><\/p>\n<p style=\"text-align: justify;\">O Citro\u00ebn Ami representa uma nova forma de encarar a mobilidade urbana, traduzindo-se num ve\u00edculo el\u00e9trico concebido para as cidades e para as escapadelas do dia-a-dia,\u00a0<b>combinando facilidade de utiliza\u00e7\u00e3o, acessibilidade e um estilo marcante<\/b>.<u><\/u><u><\/u><u><\/u>\u00a0<u><\/u><\/p>\n<p style=\"text-align: justify;\">Os seus pontos fortes:<u><\/u><u><\/u><\/p>\n<ul style=\"text-align: justify;\" type=\"disc\">\n<li>Acess\u00edvel, em Portugal,\u00a0<b>com carta AM a partir dos 16 anos<\/b>, o Ami oferece uma liberdade de desloca\u00e7\u00e3o sem precedentes \u00e0s gera\u00e7\u00f5es mais jovens.<u><\/u><u><\/u><\/li>\n<li><b>100% el\u00e9trico<\/b>, com uma autonomia de 75 km, adequado para percursos urbanos e periurbanos.<u><\/u><u><\/u><\/li>\n<li>Compacto e pr\u00e1tico com os seus 2 lugares, perfeito para as desloca\u00e7\u00f5es di\u00e1rias na cidade.<u><\/u><u><\/u><\/li>\n<li>Um design \u00fanico e personaliz\u00e1vel faz do Ami muito mais do que um simples ve\u00edculo, um\u00a0<b>verdadeiro<\/b>\u00a0<b>objeto de estilo<\/b>.<u><\/u><u><\/u><\/li>\n<li>Uma solu\u00e7\u00e3o de mobilidade suave e respons\u00e1vel, perfeitamente adaptada aos desafios ambientais atuais.<\/li>\n<\/ul>\n<p style=\"text-align: justify;\">Com o Ami Rip Curl, a Citro\u00ebn prop\u00f5e uma vers\u00e3o que combina este ADN \u00fanico com o esp\u00edrito do surf e da evas\u00e3o, promovidos pela Rip Curl.<u><\/u><u><\/u><u><\/u>\u00a0<u><\/u><\/p>\n<p style=\"text-align: justify;\"><b>Informa\u00e7\u00f5es pr\u00e1ticas<\/b><u><\/u><u><\/u><u><\/u>\u00a0<u><\/u><\/p>\n<p style=\"text-align: justify;\">O\u00a0<b>Ami Rip Curl<\/b>\u00a0<b>est\u00e1 dispon\u00edvel para encomenda a partir de hoje<\/b>, dia 29 de abril de 2026, numa s\u00e9rie limitada de 1.600 exemplares (800\u00a0 Sunrise e 800 Sunset),\u00a0<b>com um PVPR de 9.290 \u20ac e as primeiras unidades chegar\u00e3o aos concession\u00e1rios a partir do pr\u00f3ximo m\u00eas de junho<\/b>.<\/p>\n","protected":false},"excerpt":{"rendered":"<p>A Citro\u00ebn revela o Ami Rip Curl, Edi\u00e7\u00e3o Limitada que assinala o relan\u00e7amento da parceria com a marca Rip Curl, iniciada com o conceito Ami Buggy Rip Curl Vision apresentado em outubro de 2025.\u00a0 O Ami Rip Curl est\u00e1 dispon\u00edvel para encomenda a partir de hoje, 29 de abril de 2026, por um pre\u00e7o de [&hellip;]<\/p>\n","protected":false},"author":2,"featured_media":28164,"comment_status":"open","ping_status":"open","sticky":false,"template":"","format":"standard","meta":{"_editorskit_title_hidden":false,"_editorskit_reading_time":0,"_editorskit_is_block_options_detached":false,"_editorskit_block_options_position":"{}","om_disable_all_campaigns":false,"_monsterinsights_skip_tracking":false,"_monsterinsights_sitenote_active":false,"_monsterinsights_sitenote_note":"","_monsterinsights_sitenote_category":0,"_uf_show_specific_survey":0,"_uf_disable_surveys":false,"site-sidebar-layout":"default","site-content-layout":"","ast-site-content-layout":"default","site-content-style":"default","site-sidebar-style":"default","ast-global-header-display":"","ast-banner-title-visibility":"","ast-main-header-display":"","ast-hfb-above-header-display":"","ast-hfb-below-header-display":"","ast-hfb-mobile-header-display":"","site-post-title":"","ast-breadcrumbs-content":"","ast-featured-img":"","footer-sml-layout":"","theme-transparent-header-meta":"default","adv-header-id-meta":"","stick-header-meta":"default","header-above-stick-meta":"","header-main-stick-meta":"","header-below-stick-meta":"","astra-migrate-meta-layouts":"set","ast-page-background-enabled":"default","ast-page-background-meta":{"desktop":{"background-color":"","background-image":"","background-repeat":"repeat","background-position":"center center","background-size":"auto","background-attachment":"scroll","background-type":"","background-media":"","overlay-type":"","overlay-color":"","overlay-opacity":"","overlay-gradient":""},"tablet":{"background-color":"","background-image":"","background-repeat":"repeat","background-position":"center center","background-size":"auto","background-attachment":"scroll","background-type":"","background-media":"","overlay-type":"","overlay-color":"","overlay-opacity":"","overlay-gradient":""},"mobile":{"background-color":"","background-image":"","background-repeat":"repeat","background-position":"center center","background-size":"auto","background-attachment":"scroll","background-type":"","background-media":"","overlay-type":"","overlay-color":"","overlay-opacity":"","overlay-gradient":""}},"ast-content-background-meta":{"desktop":{"background-color":"var(--ast-global-color-5)","background-image":"","background-repeat":"repeat","background-position":"center center","background-size":"auto","background-attachment":"scroll","background-type":"","background-media":"","overlay-type":"","overlay-color":"","overlay-opacity":"","overlay-gradient":""},"tablet":{"background-color":"var(--ast-global-color-5)","background-image":"","background-repeat":"repeat","background-position":"center center","background-size":"auto","background-attachment":"scroll","background-type":"","background-media":"","overlay-type":"","overlay-color":"","overlay-opacity":"","overlay-gradient":""},"mobile":{"background-color":"var(--ast-global-color-5)","background-image":"","background-repeat":"repeat","background-position":"center center","background-size":"auto","background-attachment":"scroll","background-type":"","background-media":"","overlay-type":"","overlay-color":"","overlay-opacity":"","overlay-gradient":""}},"footnotes":""},"categories":[13],"tags":[],"class_list":["post-28163","post","type-post","status-publish","format-standard","has-post-thumbnail","hentry","category-comercio"],"aioseo_notices":[],"_links":{"self":[{"href":"https:\/\/contarotacoes.com\/index.php?rest_route=\/wp\/v2\/posts\/28163","targetHints":{"allow":["GET"]}}],"collection":[{"href":"https:\/\/contarotacoes.com\/index.php?rest_route=\/wp\/v2\/posts"}],"about":[{"href":"https:\/\/contarotacoes.com\/index.php?rest_route=\/wp\/v2\/types\/post"}],"author":[{"embeddable":true,"href":"https:\/\/contarotacoes.com\/index.php?rest_route=\/wp\/v2\/users\/2"}],"replies":[{"embeddable":true,"href":"https:\/\/contarotacoes.com\/index.php?rest_route=%2Fwp%2Fv2%2Fcomments&post=28163"}],"version-history":[{"count":1,"href":"https:\/\/contarotacoes.com\/index.php?rest_route=\/wp\/v2\/posts\/28163\/revisions"}],"predecessor-version":[{"id":28165,"href":"https:\/\/contarotacoes.com\/index.php?rest_route=\/wp\/v2\/posts\/28163\/revisions\/28165"}],"wp:featuredmedia":[{"embeddable":true,"href":"https:\/\/contarotacoes.com\/index.php?rest_route=\/wp\/v2\/media\/28164"}],"wp:attachment":[{"href":"https:\/\/contarotacoes.com\/index.php?rest_route=%2Fwp%2Fv2%2Fmedia&parent=28163"}],"wp:term":[{"taxonomy":"category","embeddable":true,"href":"https:\/\/contarotacoes.com\/index.php?rest_route=%2Fwp%2Fv2%2Fcategories&post=28163"},{"taxonomy":"post_tag","embeddable":true,"href":"https:\/\/contarotacoes.com\/index.php?rest_route=%2Fwp%2Fv2%2Ftags&post=28163"}],"curies":[{"name":"wp","href":"https:\/\/api.w.org\/{rel}","templated":true}]}}