{"id":28160,"date":"2026-04-29T16:20:12","date_gmt":"2026-04-29T16:20:12","guid":{"rendered":"https:\/\/contarotacoes.com\/?p=28160"},"modified":"2026-04-29T17:00:14","modified_gmt":"2026-04-29T17:00:14","slug":"rallye-das-camelias-desafia-a-intemperie-e-volta-a-fazer-historia-rui-madeira-vence-edicao-de-2026","status":"publish","type":"post","link":"https:\/\/contarotacoes.com\/?p=28160","title":{"rendered":"Rallye das Cam\u00e9lias desafia a adversidade e volta a fazer hist\u00f3ria com edi\u00e7\u00e3o emocionante"},"content":{"rendered":"<p style=\"text-align: justify;\"><strong>Entre intemp\u00e9ries, ajustes de \u00faltima hora e uma complexa opera\u00e7\u00e3o log\u00edstica, o Bilstein Group Rallye das Cam\u00e9lias 2026 foi para a estrada gra\u00e7as a um esfor\u00e7o verdadeiramente herc\u00faleo do Clube de Motorismo de Set\u00fabal, em estreita articula\u00e7\u00e3o com os munic\u00edpios de Cascais, Mafra, Sintra e Torres Vedras, que, perante a adversidade, n\u00e3o hesitaram em unir esfor\u00e7os para garantir a continuidade de um evento com d\u00e9cadas de hist\u00f3ria.<\/strong><\/p>\n<p style=\"text-align: justify;\">Mais do que uma competi\u00e7\u00e3o, esta edi\u00e7\u00e3o afirmou-se como uma demonstra\u00e7\u00e3o de resili\u00eancia coletiva, onde organiza\u00e7\u00e3o, autarquias, equipas e popula\u00e7\u00f5es mostraram que o Rallye das Cam\u00e9lias \u00e9 hoje muito mais do que um evento desportivo: \u00e9 um patrim\u00f3nio vivo do automobilismo nacional.<\/p>\n<p style=\"text-align: justify;\">No final, o balan\u00e7o n\u00e3o podia ser mais claro, como sublinhou Fernando Matias, presidente do Clube de Motorismo de Set\u00fabal. <strong>\u201cFoi muito acima daquilo que eram as nossas expectativas. N\u00e3o foi f\u00e1cil, depois de tantos contratempos e altera\u00e7\u00f5es, conseguir colocar a prova na estrada. Foi, de facto, uma tarefa herc\u00falea.\u201d<\/strong> O respons\u00e1vel destacou ainda o apoio determinante de todos os envolvidos: <strong>\u201cNada disto seria poss\u00edvel sem o apoio dos patrocinadores, das c\u00e2maras municipais e, acima de tudo, das equipas, que estiveram sempre ao lado da organiza\u00e7\u00e3o e nunca deixaram de acreditar.\u201d<\/strong><\/p>\n<p style=\"text-align: justify;\">Tamb\u00e9m a resposta do p\u00fablico e o impacto gerado n\u00e3o deixaram margem para d\u00favidas quanto ao sucesso da prova. <strong>\u201cEstamos muito satisfeitos com aquilo que conseguimos fazer. O Rallye das Cam\u00e9lias acabou por ser um grande sucesso. Basta olhar para as redes sociais e perceber o feedback extremamente positivo que recebemos\u201d<\/strong>, acrescentou.<\/p>\n<p style=\"text-align: justify;\"><strong>Dom\u00ednio de Rui Madeira numa edi\u00e7\u00e3o exigente<\/strong><\/p>\n<p style=\"text-align: justify;\">Em termos desportivos, a edi\u00e7\u00e3o de 2026 ficou marcada pelo dom\u00ednio claro de Rui Madeira, navegado por Nuno Rodrigues da Silva, que imp\u00f4s o seu ritmo desde cedo e n\u00e3o mais largou o comando da prova. Depois de um primeiro tro\u00e7o ganho por Gil Antunes, que chegou a liderar na fase inicial, Madeira assumiu a lideran\u00e7a na segunda especial e nunca mais a perdeu, vencendo seis das oito classificativas disputadas e construindo uma vantagem s\u00f3lida at\u00e9 final.<\/p>\n<p style=\"text-align: justify;\">Gil Antunes, acompanhado por Diogo Correia, rubricou uma exibi\u00e7\u00e3o de grande n\u00edvel e garantiu o segundo lugar absoluto com todo o m\u00e9rito, mantendo sempre uma toada competitiva elevada e consistente ao longo do rali.<\/p>\n<p style=\"text-align: justify;\">O p\u00f3dio ficou completo com Carlos Fernandes e Valter Cardoso, que voltaram a demonstrar a sua competitividade ao mais alto n\u00edvel, sendo os melhores entre as viaturas de quatro rodas motrizes fora da categoria Rally2. A dupla esteve sempre muito forte, venceu uma classificativa e confirmou, uma vez mais, o seu estatuto como refer\u00eancia da prova.<\/p>\n<p style=\"text-align: justify;\">Nas duas rodas motrizes, o destaque foi para o jovem Afonso Santos, navegado por Alexandre Rodrigues, que aproveitou o Rallye das Cam\u00e9lias para ganhar ritmo e confian\u00e7a tendo em vista a pr\u00f3xima ronda do Campeonato de Portugal de Ralis. O piloto da PT Racing esteve sempre r\u00e1pido, eficaz e consistente aos comandos do Peugeot 208, evidenciando uma evolu\u00e7\u00e3o muito significativa e confirmando o seu potencial.<\/p>\n<p style=\"text-align: justify;\">Num rali particularmente exigente, o n\u00famero de equipas que lograram chegar ao final assume especial relev\u00e2ncia, refletindo n\u00e3o s\u00f3 a dureza do percurso, mas tamb\u00e9m o elevado n\u00edvel de prepara\u00e7\u00e3o e resili\u00eancia dos participantes.<\/p>\n<p style=\"text-align: justify;\"><strong>Espet\u00e1culo dentro e fora da competi\u00e7\u00e3o<\/strong><\/p>\n<p style=\"text-align: justify;\">Para al\u00e9m da vertente competitiva, o Rallye das Cam\u00e9lias voltou a afirmar-se como um verdadeiro espet\u00e1culo, dentro e fora das classificativas. A presen\u00e7a dos convidados internacionais Vaidotas \u017dala e Paulo Fi\u00faza, vencedores do Rally Dakar na categoria de cami\u00f5es, foi um dos grandes destaques, conquistando o entusiasmo do p\u00fablico e contribuindo de forma decisiva para a proje\u00e7\u00e3o medi\u00e1tica do evento.<\/p>\n<p style=\"text-align: justify;\">Antes da sua entrada em estrada, os espectadores tiveram ainda a oportunidade de assistir \u00e0 passagem de m\u00e1quinas ic\u00f3nicas e equipas experientes que desempenham fun\u00e7\u00f5es essenciais na estrutura de seguran\u00e7a da prova. Entre os momentos mais marcantes destacou-se o emblem\u00e1tico Audi Quattro S1 E2, conduzido por Alberto Fraga e navegado por Filipe Alvarado, numa exibi\u00e7\u00e3o que evocou a hist\u00f3ria e a emo\u00e7\u00e3o do automobilismo de outros tempos.<\/p>\n<p style=\"text-align: justify;\">Com um equil\u00edbrio raro entre tradi\u00e7\u00e3o e modernidade, supera\u00e7\u00e3o e espet\u00e1culo, o Rallye das Cam\u00e9lias voltou a afirmar-se como uma refer\u00eancia incontorn\u00e1vel do desporto motorizado em Portugal. E, como deixou claro Fernando Matias, o futuro j\u00e1 est\u00e1 em marcha: <strong>\u201cEstamos j\u00e1 preparados para come\u00e7ar, no pr\u00f3ximo m\u00eas, a trabalhar na pr\u00f3xima edi\u00e7\u00e3o.\u201d<\/strong><strong>\u00a0<\/strong><\/p>\n","protected":false},"excerpt":{"rendered":"<p>Entre intemp\u00e9ries, ajustes de \u00faltima hora e uma complexa opera\u00e7\u00e3o log\u00edstica, o Bilstein Group Rallye das Cam\u00e9lias 2026 foi para a estrada gra\u00e7as a um esfor\u00e7o verdadeiramente herc\u00faleo do Clube de Motorismo de Set\u00fabal, em estreita articula\u00e7\u00e3o com os munic\u00edpios de Cascais, Mafra, Sintra e Torres Vedras, que, perante a adversidade, n\u00e3o hesitaram em unir [&hellip;]<\/p>\n","protected":false},"author":2,"featured_media":28161,"comment_status":"open","ping_status":"open","sticky":false,"template":"","format":"standard","meta":{"_editorskit_title_hidden":false,"_editorskit_reading_time":0,"_editorskit_is_block_options_detached":false,"_editorskit_block_options_position":"{}","om_disable_all_campaigns":false,"_monsterinsights_skip_tracking":false,"_monsterinsights_sitenote_active":false,"_monsterinsights_sitenote_note":"","_monsterinsights_sitenote_category":0,"_uf_show_specific_survey":0,"_uf_disable_surveys":false,"site-sidebar-layout":"default","site-content-layout":"","ast-site-content-layout":"default","site-content-style":"default","site-sidebar-style":"default","ast-global-header-display":"","ast-banner-title-visibility":"","ast-main-header-display":"","ast-hfb-above-header-display":"","ast-hfb-below-header-display":"","ast-hfb-mobile-header-display":"","site-post-title":"","ast-breadcrumbs-content":"","ast-featured-img":"","footer-sml-layout":"","theme-transparent-header-meta":"default","adv-header-id-meta":"","stick-header-meta":"default","header-above-stick-meta":"","header-main-stick-meta":"","header-below-stick-meta":"","astra-migrate-meta-layouts":"set","ast-page-background-enabled":"default","ast-page-background-meta":{"desktop":{"background-color":"","background-image":"","background-repeat":"repeat","background-position":"center center","background-size":"auto","background-attachment":"scroll","background-type":"","background-media":"","overlay-type":"","overlay-color":"","overlay-opacity":"","overlay-gradient":""},"tablet":{"background-color":"","background-image":"","background-repeat":"repeat","background-position":"center center","background-size":"auto","background-attachment":"scroll","background-type":"","background-media":"","overlay-type":"","overlay-color":"","overlay-opacity":"","overlay-gradient":""},"mobile":{"background-color":"","background-image":"","background-repeat":"repeat","background-position":"center center","background-size":"auto","background-attachment":"scroll","background-type":"","background-media":"","overlay-type":"","overlay-color":"","overlay-opacity":"","overlay-gradient":""}},"ast-content-background-meta":{"desktop":{"background-color":"var(--ast-global-color-5)","background-image":"","background-repeat":"repeat","background-position":"center center","background-size":"auto","background-attachment":"scroll","background-type":"","background-media":"","overlay-type":"","overlay-color":"","overlay-opacity":"","overlay-gradient":""},"tablet":{"background-color":"var(--ast-global-color-5)","background-image":"","background-repeat":"repeat","background-position":"center center","background-size":"auto","background-attachment":"scroll","background-type":"","background-media":"","overlay-type":"","overlay-color":"","overlay-opacity":"","overlay-gradient":""},"mobile":{"background-color":"var(--ast-global-color-5)","background-image":"","background-repeat":"repeat","background-position":"center center","background-size":"auto","background-attachment":"scroll","background-type":"","background-media":"","overlay-type":"","overlay-color":"","overlay-opacity":"","overlay-gradient":""}},"footnotes":""},"categories":[11],"tags":[],"class_list":["post-28160","post","type-post","status-publish","format-standard","has-post-thumbnail","hentry","category-noticias"],"aioseo_notices":[],"_links":{"self":[{"href":"https:\/\/contarotacoes.com\/index.php?rest_route=\/wp\/v2\/posts\/28160","targetHints":{"allow":["GET"]}}],"collection":[{"href":"https:\/\/contarotacoes.com\/index.php?rest_route=\/wp\/v2\/posts"}],"about":[{"href":"https:\/\/contarotacoes.com\/index.php?rest_route=\/wp\/v2\/types\/post"}],"author":[{"embeddable":true,"href":"https:\/\/contarotacoes.com\/index.php?rest_route=\/wp\/v2\/users\/2"}],"replies":[{"embeddable":true,"href":"https:\/\/contarotacoes.com\/index.php?rest_route=%2Fwp%2Fv2%2Fcomments&post=28160"}],"version-history":[{"count":2,"href":"https:\/\/contarotacoes.com\/index.php?rest_route=\/wp\/v2\/posts\/28160\/revisions"}],"predecessor-version":[{"id":28202,"href":"https:\/\/contarotacoes.com\/index.php?rest_route=\/wp\/v2\/posts\/28160\/revisions\/28202"}],"wp:featuredmedia":[{"embeddable":true,"href":"https:\/\/contarotacoes.com\/index.php?rest_route=\/wp\/v2\/media\/28161"}],"wp:attachment":[{"href":"https:\/\/contarotacoes.com\/index.php?rest_route=%2Fwp%2Fv2%2Fmedia&parent=28160"}],"wp:term":[{"taxonomy":"category","embeddable":true,"href":"https:\/\/contarotacoes.com\/index.php?rest_route=%2Fwp%2Fv2%2Fcategories&post=28160"},{"taxonomy":"post_tag","embeddable":true,"href":"https:\/\/contarotacoes.com\/index.php?rest_route=%2Fwp%2Fv2%2Ftags&post=28160"}],"curies":[{"name":"wp","href":"https:\/\/api.w.org\/{rel}","templated":true}]}}