{"id":28113,"date":"2026-04-28T20:04:59","date_gmt":"2026-04-28T20:04:59","guid":{"rendered":"https:\/\/contarotacoes.com\/?p=28113"},"modified":"2026-04-28T20:07:56","modified_gmt":"2026-04-28T20:07:56","slug":"antonio-maio-de-yamaha-tenere-na-baja-tt-norte-de-portugal","status":"publish","type":"post","link":"https:\/\/contarotacoes.com\/?p=28113","title":{"rendered":"Ant\u00f3nio Maio de Yamaha T\u00e9n\u00e9r\u00e9 na Baja TT Norte de Portugal"},"content":{"rendered":"<ul>\n<li style=\"font-weight: 400; text-align: justify;\"><strong>Depois da participa\u00e7\u00e3o no Africa Eco Race piloto aponta a um bom resultado na segunda jornada do CNTT<\/strong><\/li>\n<\/ul>\n<p style=\"font-weight: 400; text-align: justify;\">Depois de uma excelente participa\u00e7\u00e3o no Africa Eco Race, Ant\u00f3nio Maio est\u00e1 de regresso \u00e0s pistas nacionais onde, aos comandos de uma Yamaha T\u00e9n\u00e9r\u00e9 700, vai marcar presen\u00e7a na Baja TT Norte de Portugal, prova que se realiza na regi\u00e3o de Tr\u00e1s-os-Montes entre os dias 1 e 3 de maio e que corresponde \u00e0 segunda jornada do Campeonato Nacional de Todo-o-Terreno.<\/p>\n<p style=\"font-weight: 400; text-align: justify;\">Para o major da GNR esta ser\u00e1 uma esta estreia em pistas nortenhas assumindo, com grande motiva\u00e7\u00e3o, o objetivo de lutar pelos lugares cimeiros da competi\u00e7\u00e3o. A presen\u00e7a de Ant\u00f3nio Maio nesta prova organizada pelo CAMI Motosport integra tamb\u00e9m a estrat\u00e9gia de demonstrar o potencial competitivo da Yamaha T\u00e9n\u00e9r\u00e9 700 em cen\u00e1rios de grande dureza.<\/p>\n<p style=\"font-weight: 400; text-align: justify;\">Com um palmar\u00e9s de destaque no panorama nacional e internacional do todo-o-terreno, onde soma m\u00faltiplos t\u00edtulos e vit\u00f3rias, o piloto n\u00e3o ignora as dificuldades que poder\u00e1 encontrar na Baja TT Norte de Portugal, bem como o competitivo painel de advers\u00e1rios, mas est\u00e1 confiante na sua capacidade de alcan\u00e7ar um resultado positivo.<\/p>\n<p style=\"font-weight: 400; text-align: justify;\">\u201cA Baja Norte de Portugal vai ser uma novidade para mim e por este motivo estou expectante e entusiasmado por dar in\u00edcio a esta prova. Depois da experi\u00eancia fant\u00e1stica que tive no Africa Eco Race o objetivo nesta prova em Tr\u00e1s-os-Montes passa por continuar a ser consistente e competitivo. Sei que ser\u00e1 uma prova exigente, com tro\u00e7os r\u00e1pidos, mas tamb\u00e9m bastante t\u00e9cnicos, mas sinto-me confiante para discutir os primeiros lugares. A Yamaha T\u00e9n\u00e9r\u00e9 700 tem demonstrado um excelente comportamento e acredito que podemos estar na luta por um bom resultado\u201d, afirmou Ant\u00f3nio Maio.<\/p>\n<p style=\"font-weight: 400; text-align: justify;\">Organizada pelo CAMI Motorsport, a Baja TT Norte de Portugal apresenta uma grande diversidade de pistas que ser\u00e3o percorridas nos concelhos transmontanas de Boticas, Macedo de Cavaleiros, Mur\u00e7a, Valpa\u00e7os e Vila Pouca de Aguiar. Com um total de 438,46 quil\u00f3metros de extens\u00e3o, distribu\u00eddos por duas etapas a prova arranca com um pr\u00f3logo de 9,95 km no dia 1 de maio. A competi\u00e7\u00e3o prossegue com um setor seletivo de 219,28 km no s\u00e1bado, terminando com os 87,54 km de SS2, no domingo.<\/p>\n<p style=\"font-weight: 400; text-align: justify;\"><strong>Informa\u00e7\u00f5es sobre a prova em<\/strong>:\u00a0<a href=\"https:\/\/cami.pt\/baja-tt-norte-de-portugal\/\" data-saferedirecturl=\"https:\/\/www.google.com\/url?q=https:\/\/cami.pt\/baja-tt-norte-de-portugal\/&amp;source=gmail&amp;ust=1777492404238000&amp;usg=AOvVaw2WhtUx_OnPKCAjvjZpXAiW\">https:\/\/cami.pt\/baja-tt-norte-de-portugal\/<\/a>\u00a0<strong>Acompanhe Ant\u00f3nio Maio em:\u00a0<\/strong><a href=\"http:\/\/www.facebook.com\/pagina.oficial.antonio.maio\" data-saferedirecturl=\"https:\/\/www.google.com\/url?q=http:\/\/www.facebook.com\/pagina.oficial.antonio.maio&amp;source=gmail&amp;ust=1777492404238000&amp;usg=AOvVaw2xTwuJgHfb3ufDqFTBvEmc\">www.facebook.com\/pagina.oficial.antonio.maio<\/a>\u00a0e\u00a0<a href=\"https:\/\/www.instagram.com\/antonio_maio\/\" data-saferedirecturl=\"https:\/\/www.google.com\/url?q=https:\/\/www.instagram.com\/antonio_maio\/&amp;source=gmail&amp;ust=1777492404238000&amp;usg=AOvVaw3e1WMvCg7GtzlqBfF1xpZK\">https:\/\/www.instagram.com\/antonio_maio\/<\/a><\/p>\n","protected":false},"excerpt":{"rendered":"<p>Depois da participa\u00e7\u00e3o no Africa Eco Race piloto aponta a um bom resultado na segunda jornada do CNTT Depois de uma excelente participa\u00e7\u00e3o no Africa Eco Race, Ant\u00f3nio Maio est\u00e1 de regresso \u00e0s pistas nacionais onde, aos comandos de uma Yamaha T\u00e9n\u00e9r\u00e9 700, vai marcar presen\u00e7a na Baja TT Norte de Portugal, prova que se [&hellip;]<\/p>\n","protected":false},"author":2,"featured_media":28114,"comment_status":"open","ping_status":"open","sticky":false,"template":"","format":"standard","meta":{"_editorskit_title_hidden":false,"_editorskit_reading_time":0,"_editorskit_is_block_options_detached":false,"_editorskit_block_options_position":"{}","om_disable_all_campaigns":false,"_monsterinsights_skip_tracking":false,"_monsterinsights_sitenote_active":false,"_monsterinsights_sitenote_note":"","_monsterinsights_sitenote_category":0,"_uf_show_specific_survey":0,"_uf_disable_surveys":false,"site-sidebar-layout":"default","site-content-layout":"","ast-site-content-layout":"default","site-content-style":"default","site-sidebar-style":"default","ast-global-header-display":"","ast-banner-title-visibility":"","ast-main-header-display":"","ast-hfb-above-header-display":"","ast-hfb-below-header-display":"","ast-hfb-mobile-header-display":"","site-post-title":"","ast-breadcrumbs-content":"","ast-featured-img":"","footer-sml-layout":"","theme-transparent-header-meta":"default","adv-header-id-meta":"","stick-header-meta":"default","header-above-stick-meta":"","header-main-stick-meta":"","header-below-stick-meta":"","astra-migrate-meta-layouts":"set","ast-page-background-enabled":"default","ast-page-background-meta":{"desktop":{"background-color":"","background-image":"","background-repeat":"repeat","background-position":"center center","background-size":"auto","background-attachment":"scroll","background-type":"","background-media":"","overlay-type":"","overlay-color":"","overlay-opacity":"","overlay-gradient":""},"tablet":{"background-color":"","background-image":"","background-repeat":"repeat","background-position":"center center","background-size":"auto","background-attachment":"scroll","background-type":"","background-media":"","overlay-type":"","overlay-color":"","overlay-opacity":"","overlay-gradient":""},"mobile":{"background-color":"","background-image":"","background-repeat":"repeat","background-position":"center center","background-size":"auto","background-attachment":"scroll","background-type":"","background-media":"","overlay-type":"","overlay-color":"","overlay-opacity":"","overlay-gradient":""}},"ast-content-background-meta":{"desktop":{"background-color":"var(--ast-global-color-5)","background-image":"","background-repeat":"repeat","background-position":"center center","background-size":"auto","background-attachment":"scroll","background-type":"","background-media":"","overlay-type":"","overlay-color":"","overlay-opacity":"","overlay-gradient":""},"tablet":{"background-color":"var(--ast-global-color-5)","background-image":"","background-repeat":"repeat","background-position":"center center","background-size":"auto","background-attachment":"scroll","background-type":"","background-media":"","overlay-type":"","overlay-color":"","overlay-opacity":"","overlay-gradient":""},"mobile":{"background-color":"var(--ast-global-color-5)","background-image":"","background-repeat":"repeat","background-position":"center center","background-size":"auto","background-attachment":"scroll","background-type":"","background-media":"","overlay-type":"","overlay-color":"","overlay-opacity":"","overlay-gradient":""}},"footnotes":""},"categories":[11],"tags":[],"class_list":["post-28113","post","type-post","status-publish","format-standard","has-post-thumbnail","hentry","category-noticias"],"aioseo_notices":[],"_links":{"self":[{"href":"https:\/\/contarotacoes.com\/index.php?rest_route=\/wp\/v2\/posts\/28113","targetHints":{"allow":["GET"]}}],"collection":[{"href":"https:\/\/contarotacoes.com\/index.php?rest_route=\/wp\/v2\/posts"}],"about":[{"href":"https:\/\/contarotacoes.com\/index.php?rest_route=\/wp\/v2\/types\/post"}],"author":[{"embeddable":true,"href":"https:\/\/contarotacoes.com\/index.php?rest_route=\/wp\/v2\/users\/2"}],"replies":[{"embeddable":true,"href":"https:\/\/contarotacoes.com\/index.php?rest_route=%2Fwp%2Fv2%2Fcomments&post=28113"}],"version-history":[{"count":1,"href":"https:\/\/contarotacoes.com\/index.php?rest_route=\/wp\/v2\/posts\/28113\/revisions"}],"predecessor-version":[{"id":28115,"href":"https:\/\/contarotacoes.com\/index.php?rest_route=\/wp\/v2\/posts\/28113\/revisions\/28115"}],"wp:featuredmedia":[{"embeddable":true,"href":"https:\/\/contarotacoes.com\/index.php?rest_route=\/wp\/v2\/media\/28114"}],"wp:attachment":[{"href":"https:\/\/contarotacoes.com\/index.php?rest_route=%2Fwp%2Fv2%2Fmedia&parent=28113"}],"wp:term":[{"taxonomy":"category","embeddable":true,"href":"https:\/\/contarotacoes.com\/index.php?rest_route=%2Fwp%2Fv2%2Fcategories&post=28113"},{"taxonomy":"post_tag","embeddable":true,"href":"https:\/\/contarotacoes.com\/index.php?rest_route=%2Fwp%2Fv2%2Ftags&post=28113"}],"curies":[{"name":"wp","href":"https:\/\/api.w.org\/{rel}","templated":true}]}}