{"id":28101,"date":"2026-04-28T14:51:29","date_gmt":"2026-04-28T14:51:29","guid":{"rendered":"https:\/\/contarotacoes.com\/?p=28101"},"modified":"2026-04-28T14:51:29","modified_gmt":"2026-04-28T14:51:29","slug":"rafaela-barbosa-conclui-montalegre-em-quarto-lugar-com-sinal-claro-de-progressao","status":"publish","type":"post","link":"https:\/\/contarotacoes.com\/?p=28101","title":{"rendered":"Rafaela Barbosa conclui Montalegre em quarto lugar com sinal claro de progress\u00e3o"},"content":{"rendered":"<p style=\"text-align: justify;\"><strong>\u00bb A piloto de Pa\u00e7os de Ferreira chegou \u00e0 final na segunda jornada do Campeonato de Portugal de Ralicross\/Kartcross.<\/strong><\/p>\n<p style=\"text-align: justify;\"><strong>\u00bb Problemas com os pneus condicionaram as mangas de qualifica\u00e7\u00e3o, mas a piloto soube recuperar e crescer ao longo do fim de semana.<\/strong><\/p>\n<p style=\"text-align: justify;\"><strong>\u00bb Quarto lugar na final com um andamento cada vez mais pr\u00f3ximo dos advers\u00e1rios diretos.<\/strong><\/p>\n<p style=\"text-align: justify;\">A segunda jornada do Campeonato de Portugal de Ralicross\/Kartcross, disputada no Circuito Internacional de Montalegre, foi palco de mais uma exibi\u00e7\u00e3o de supera\u00e7\u00e3o e evolu\u00e7\u00e3o de Rafaela Barbosa. Ap\u00f3s um arranque de fim de semana complicado, a piloto de Pa\u00e7os de Ferreira soube reagir e garantiu presen\u00e7a na final, onde cruzou a meta na quarta posi\u00e7\u00e3o.<\/p>\n<p style=\"text-align: justify;\">As dificuldades surgiram logo nas primeiras mangas de qualifica\u00e7\u00e3o, onde problemas com os pneus (que descolaram em duas ocasi\u00f5es distintas) obrigaram a piloto a completar essas corridas com um ritmo bastante abaixo do desej\u00e1vel. Condicionada mecanicamente, Rafaela Barbosa viu o seu desempenho nestas mangas ficar aqu\u00e9m das suas reais capacidades.<\/p>\n<p style=\"text-align: justify;\">Ainda assim, a resposta do piloto e da sua equipa foi imediata. Superadas as dificuldades, Rafaela Barbosa foi melhorando consistentemente os seus tempos ao longo do fim de semana, demonstrando uma adapta\u00e7\u00e3o cada vez mais afinada ao Skoda Fabia Super 1600, no exigente tra\u00e7ado de Montalegre. A progress\u00e3o registada permitiu-lhe garantir a presen\u00e7a na final com plenas condi\u00e7\u00f5es de luta pelos primeiros lugares.<\/p>\n<p style=\"text-align: justify;\">Na final, Rafaela Barbosa arrancou do quarto lugar e foi capaz de se manter na luta direta com os seus advers\u00e1rios, terminando precisamente nessa posi\u00e7\u00e3o ap\u00f3s uma corrida de forte intensidade competitiva. O resultado, ainda que sem subida ao p\u00f3dio, representa um passo em frente relativamente \u00e0 estreia em Lousada, com a piloto a terminar colada aos concorrentes da frente.<\/p>\n<p style=\"text-align: justify;\"><strong>Rafaela Barbosa fez o balan\u00e7o do fim de semana com otimismo:<\/strong><strong>\u00a0<\/strong><\/p>\n<p style=\"text-align: justify;\"><em>&#8220;O fim de semana foi desafiante, com contratempos que nos prejudicaram um pouco. Tivemos duas mangas em que o pneu descolou, o que nos obrigou a acabar essas corridas com um ritmo bastante lento. Depois fui recuperando e consegui melhorar bastante os meus tempos. Fomos para a final e arranc\u00e1mos em quarto lugar. A corrida foi intensa, como \u00e9 habitual, e consegui manter o quarto lugar. Mas foi uma corrida em que senti progress\u00e3o de forma clara, pois consegui acabar coladinha aos meus advers\u00e1rios. No geral, creio que foi uma boa corrida, um bom fim de semana em que evolu\u00edmos muito novamente. Sinto cada vez mais confian\u00e7a e j\u00e1 come\u00e7o a olhar para o p\u00f3dio como uma possibilidade. Mas vamos continuar a fazer o nosso trabalho, passo a passo, e com os p\u00e9s bem assentes na terra.&#8221;<\/em><em>\u00a0<\/em><\/p>\n<p style=\"text-align: justify;\">Com mais uma jornada de aprendizagem e crescimento no bolso, Rafaela Barbosa refor\u00e7a a trajet\u00f3ria ascendente que tem vindo a tra\u00e7ar nesta nova etapa da sua carreira. As indica\u00e7\u00f5es recolhidas em Montalegre alimentam a confian\u00e7a para as pr\u00f3ximas provas, onde a ambi\u00e7\u00e3o de lutar pelos lugares cimeiros ser\u00e1 cada vez mais uma realidade.<\/p>\n","protected":false},"excerpt":{"rendered":"<p>\u00bb A piloto de Pa\u00e7os de Ferreira chegou \u00e0 final na segunda jornada do Campeonato de Portugal de Ralicross\/Kartcross. \u00bb Problemas com os pneus condicionaram as mangas de qualifica\u00e7\u00e3o, mas a piloto soube recuperar e crescer ao longo do fim de semana. \u00bb Quarto lugar na final com um andamento cada vez mais pr\u00f3ximo dos [&hellip;]<\/p>\n","protected":false},"author":2,"featured_media":28102,"comment_status":"open","ping_status":"open","sticky":false,"template":"","format":"standard","meta":{"_editorskit_title_hidden":false,"_editorskit_reading_time":0,"_editorskit_is_block_options_detached":false,"_editorskit_block_options_position":"{}","om_disable_all_campaigns":false,"_monsterinsights_skip_tracking":false,"_monsterinsights_sitenote_active":false,"_monsterinsights_sitenote_note":"","_monsterinsights_sitenote_category":0,"_uf_show_specific_survey":0,"_uf_disable_surveys":false,"site-sidebar-layout":"default","site-content-layout":"","ast-site-content-layout":"default","site-content-style":"default","site-sidebar-style":"default","ast-global-header-display":"","ast-banner-title-visibility":"","ast-main-header-display":"","ast-hfb-above-header-display":"","ast-hfb-below-header-display":"","ast-hfb-mobile-header-display":"","site-post-title":"","ast-breadcrumbs-content":"","ast-featured-img":"","footer-sml-layout":"","theme-transparent-header-meta":"default","adv-header-id-meta":"","stick-header-meta":"default","header-above-stick-meta":"","header-main-stick-meta":"","header-below-stick-meta":"","astra-migrate-meta-layouts":"set","ast-page-background-enabled":"default","ast-page-background-meta":{"desktop":{"background-color":"","background-image":"","background-repeat":"repeat","background-position":"center center","background-size":"auto","background-attachment":"scroll","background-type":"","background-media":"","overlay-type":"","overlay-color":"","overlay-opacity":"","overlay-gradient":""},"tablet":{"background-color":"","background-image":"","background-repeat":"repeat","background-position":"center center","background-size":"auto","background-attachment":"scroll","background-type":"","background-media":"","overlay-type":"","overlay-color":"","overlay-opacity":"","overlay-gradient":""},"mobile":{"background-color":"","background-image":"","background-repeat":"repeat","background-position":"center center","background-size":"auto","background-attachment":"scroll","background-type":"","background-media":"","overlay-type":"","overlay-color":"","overlay-opacity":"","overlay-gradient":""}},"ast-content-background-meta":{"desktop":{"background-color":"var(--ast-global-color-5)","background-image":"","background-repeat":"repeat","background-position":"center center","background-size":"auto","background-attachment":"scroll","background-type":"","background-media":"","overlay-type":"","overlay-color":"","overlay-opacity":"","overlay-gradient":""},"tablet":{"background-color":"var(--ast-global-color-5)","background-image":"","background-repeat":"repeat","background-position":"center center","background-size":"auto","background-attachment":"scroll","background-type":"","background-media":"","overlay-type":"","overlay-color":"","overlay-opacity":"","overlay-gradient":""},"mobile":{"background-color":"var(--ast-global-color-5)","background-image":"","background-repeat":"repeat","background-position":"center center","background-size":"auto","background-attachment":"scroll","background-type":"","background-media":"","overlay-type":"","overlay-color":"","overlay-opacity":"","overlay-gradient":""}},"footnotes":""},"categories":[11],"tags":[],"class_list":["post-28101","post","type-post","status-publish","format-standard","has-post-thumbnail","hentry","category-noticias"],"aioseo_notices":[],"_links":{"self":[{"href":"https:\/\/contarotacoes.com\/index.php?rest_route=\/wp\/v2\/posts\/28101","targetHints":{"allow":["GET"]}}],"collection":[{"href":"https:\/\/contarotacoes.com\/index.php?rest_route=\/wp\/v2\/posts"}],"about":[{"href":"https:\/\/contarotacoes.com\/index.php?rest_route=\/wp\/v2\/types\/post"}],"author":[{"embeddable":true,"href":"https:\/\/contarotacoes.com\/index.php?rest_route=\/wp\/v2\/users\/2"}],"replies":[{"embeddable":true,"href":"https:\/\/contarotacoes.com\/index.php?rest_route=%2Fwp%2Fv2%2Fcomments&post=28101"}],"version-history":[{"count":1,"href":"https:\/\/contarotacoes.com\/index.php?rest_route=\/wp\/v2\/posts\/28101\/revisions"}],"predecessor-version":[{"id":28103,"href":"https:\/\/contarotacoes.com\/index.php?rest_route=\/wp\/v2\/posts\/28101\/revisions\/28103"}],"wp:featuredmedia":[{"embeddable":true,"href":"https:\/\/contarotacoes.com\/index.php?rest_route=\/wp\/v2\/media\/28102"}],"wp:attachment":[{"href":"https:\/\/contarotacoes.com\/index.php?rest_route=%2Fwp%2Fv2%2Fmedia&parent=28101"}],"wp:term":[{"taxonomy":"category","embeddable":true,"href":"https:\/\/contarotacoes.com\/index.php?rest_route=%2Fwp%2Fv2%2Fcategories&post=28101"},{"taxonomy":"post_tag","embeddable":true,"href":"https:\/\/contarotacoes.com\/index.php?rest_route=%2Fwp%2Fv2%2Ftags&post=28101"}],"curies":[{"name":"wp","href":"https:\/\/api.w.org\/{rel}","templated":true}]}}