{"id":28077,"date":"2026-04-28T10:37:09","date_gmt":"2026-04-28T10:37:09","guid":{"rendered":"https:\/\/contarotacoes.com\/?p=28077"},"modified":"2026-04-28T10:37:09","modified_gmt":"2026-04-28T10:37:09","slug":"dupla-vitoria-da-nunes-sport-na-rampa-da-penha-reforca-excelente-inicio-de-temporada","status":"publish","type":"post","link":"https:\/\/contarotacoes.com\/?p=28077","title":{"rendered":"Dupla vit\u00f3ria da Nunes Sport na Rampa da Penha refor\u00e7a excelente in\u00edcio de temporada"},"content":{"rendered":"<p style=\"text-align: justify;\">\u00bb A Nunes Sport voltou a destacar-se no Campeonato de Portugal de Montanha JC Group, com Lu\u00eds Nunes e Sim\u00e3o Nunes a vencerem nas respetivas categorias na Rampa da Penha.<\/p>\n<p style=\"text-align: justify;\">\u00bb Lu\u00eds Nunes esteve sempre na luta pelos melhores tempos, triunfando novamente na sua categoria e confirmando a consist\u00eancia que o caracteriza.<\/p>\n<p style=\"text-align: justify;\">\u00bb Depois de um s\u00e1bado condicionado por um furo, Sim\u00e3o Nunes respondeu no domingo com duas subidas oficiais muito fortes, garantindo a vit\u00f3ria na sua categoria e refor\u00e7ando a sua afirma\u00e7\u00e3o como jovem talento.<\/p>\n<p style=\"text-align: justify;\">A Nunes Sport somou mais um fim de semana de grande n\u00edvel na Rampa da Penha, segunda jornada do Campeonato de Portugal de Montanha JC Group 2026. Lu\u00eds Nunes voltou a cumprir em pleno os objetivos, ao conquistar a vit\u00f3ria na categoria Super Challenge, depois de um fim de semana em que liderou todas as subidas e manteve um ritmo forte desde o in\u00edcio. Num contexto competitivo exigente, o piloto de Carrazedo de Montenegro mostrou novamente porque \u00e9 um dos nomes de refer\u00eancia da montanha portuguesa.<\/p>\n<p style=\"text-align: justify;\">Do lado de Sim\u00e3o Nunes, o fim de semana teve duas fases distintas. No s\u00e1bado, depois de bons tempos em treinos, um furo comprometeu o seu registo na primeira subida oficial, repetindo uma situa\u00e7\u00e3o semelhante \u00e0 vivida em Mur\u00e7a. Ciente de que teria de reagir no domingo, o jovem piloto entrou determinado: sabia que precisava de duas subidas oficiais muito fortes, algo que conseguiu com autoridade, ao assinar excelentes tempos e ao vencer todas as subidas de domingo (treinos e oficiais) na sua categoria.<\/p>\n<p style=\"text-align: justify;\">No final da prova, Lu\u00eds Nunes mostrou-se satisfeito com o desfecho do fim de semana, sublinhando o cumprimento dos objetivos e o n\u00edvel exibido ao longo da rampa:<\/p>\n<p style=\"text-align: justify;\"><em><strong>\u201cFoi mais um fim de semana excelente para a Nunes Sport, onde atingimos os objetivos pretendidos. Conseguimos duas vit\u00f3rias, uma minha e outra do Sim\u00e3o. Da minha parte foi uma prova 100% vitoriosa: venci todas as subidas, tanto de treinos como oficiais, estive sempre na lideran\u00e7a da categoria e, para isso, tive de manter um ritmo forte logo desde o in\u00edcio. Mais um fim de semana perfeito ao n\u00edvel t\u00e9cnico, mec\u00e2nico e desportivo, com a ARC Sport a fazer um trabalho perfeito.\u201d<\/strong><\/em><\/p>\n<p style=\"text-align: justify;\">O piloto explicou ainda a forma como encara este tipo de prova e a gest\u00e3o dos seus pr\u00f3prios limites:<\/p>\n<p style=\"text-align: justify;\"><em><strong>\u201cO meu desafio \u00e9 sempre dar o meu melhor e tentar melhorar os tempos que tenho em cada rampa. Hoje n\u00e3o foi poss\u00edvel bater o meu recorde, mas fiquei muito perto. Sei que os tempos que tenho aqui, como em todas as rampas, j\u00e1 est\u00e3o muito espremidos, com pouca margem para melhoria, dependendo de v\u00e1rios fatores, que nem sempre controlamos. Ainda assim, andei sempre muito perto dos meus melhores registos, o que me deixa satisfeito, porque sinto que estou a manter o n\u00edvel que pretendo e que exijo de mim, por mim e pelos meus patrocinadores, amigos e fam\u00edlia que me acompanham em todas as provas.\u201d<\/strong><\/em><\/p>\n<p style=\"text-align: justify;\">O piloto destacou ainda o significado deste momento, tanto a n\u00edvel pessoal como para a equipa. Sobre a evolu\u00e7\u00e3o de Sim\u00e3o, Lu\u00eds Nunes voltou a destacar a atitude e maturidade do jovem piloto:<\/p>\n<p style=\"text-align: justify;\"><em><strong>\u201cCada rampa, para o Sim\u00e3o, \u00e9 um desafio, porque \u00e9 tudo novo. Tem pouca experi\u00eancia, mas o que ele est\u00e1 a fazer surpreende-me pela positiva, nem esperava tanto. Depois do que aconteceu no s\u00e1bado, sabia que tinha de fazer duas subidas oficiais fortes no domingo e foi isso que fez, com excelentes tempos. Mais do que a sua velocidade, \u00e9 a sua maturidade que me tem impressionado, sempre com os p\u00e9s bem assentes na terra.\u201d<\/strong><\/em><\/p>\n<p style=\"text-align: justify;\"><em><strong>\u00a0<\/strong><\/em>Tamb\u00e9m Sim\u00e3o Nunes fez o balan\u00e7o deste fim de semana na Penha, reconhecendo as dificuldades iniciais e a import\u00e2ncia da rea\u00e7\u00e3o no domingo:<\/p>\n<p style=\"text-align: justify;\"><em><strong>\u201cFoi um fim de semana quase perfeito. Desde o in\u00edcio tive um andamento muito bom. A primeira subida oficial n\u00e3o correu como esperado. Apesar do andamento, tive um furo que n\u00e3o me permitiu acabar a subida como eu queria, nem fazer o tempo que queria. Vim para casa um pouco desanimado, mas determinado a vencer no dia seguinte. Foi isso que aconteceu. Consegui vencer todas as subidas, o que me permitiu ganhar na minha categoria. Quero dedicar esta vit\u00f3ria ao meu tio V\u00edtor, por todo o apoio que me deu, dentro e fora da pista, e ao Lu\u00eds Delgado, tamb\u00e9m por todo o apoio dado esta temporada.\u201d<\/strong><\/em><\/p>\n<p style=\"text-align: justify;\"><em>\u00a0<\/em>Com esta dupla vit\u00f3ria na Rampa da Penha, a Nunes Sport refor\u00e7a um in\u00edcio de temporada muito consistente, combinando a experi\u00eancia e competitividade de Lu\u00eds Nunes com a r\u00e1pida afirma\u00e7\u00e3o de Sim\u00e3o Nunes nas rampas nacionais. A equipa sai desta segunda jornada motivada e focada em manter este n\u00edvel de resultados nas pr\u00f3ximas provas do Campeonato de Portugal de Montanha JC Group 2026.<\/p>\n","protected":false},"excerpt":{"rendered":"<p>\u00bb A Nunes Sport voltou a destacar-se no Campeonato de Portugal de Montanha JC Group, com Lu\u00eds Nunes e Sim\u00e3o Nunes a vencerem nas respetivas categorias na Rampa da Penha. \u00bb Lu\u00eds Nunes esteve sempre na luta pelos melhores tempos, triunfando novamente na sua categoria e confirmando a consist\u00eancia que o caracteriza. \u00bb Depois de [&hellip;]<\/p>\n","protected":false},"author":2,"featured_media":28078,"comment_status":"open","ping_status":"open","sticky":false,"template":"","format":"standard","meta":{"_editorskit_title_hidden":false,"_editorskit_reading_time":0,"_editorskit_is_block_options_detached":false,"_editorskit_block_options_position":"{}","om_disable_all_campaigns":false,"_monsterinsights_skip_tracking":false,"_monsterinsights_sitenote_active":false,"_monsterinsights_sitenote_note":"","_monsterinsights_sitenote_category":0,"_uf_show_specific_survey":0,"_uf_disable_surveys":false,"site-sidebar-layout":"default","site-content-layout":"","ast-site-content-layout":"default","site-content-style":"default","site-sidebar-style":"default","ast-global-header-display":"","ast-banner-title-visibility":"","ast-main-header-display":"","ast-hfb-above-header-display":"","ast-hfb-below-header-display":"","ast-hfb-mobile-header-display":"","site-post-title":"","ast-breadcrumbs-content":"","ast-featured-img":"","footer-sml-layout":"","theme-transparent-header-meta":"default","adv-header-id-meta":"","stick-header-meta":"default","header-above-stick-meta":"","header-main-stick-meta":"","header-below-stick-meta":"","astra-migrate-meta-layouts":"set","ast-page-background-enabled":"default","ast-page-background-meta":{"desktop":{"background-color":"","background-image":"","background-repeat":"repeat","background-position":"center center","background-size":"auto","background-attachment":"scroll","background-type":"","background-media":"","overlay-type":"","overlay-color":"","overlay-opacity":"","overlay-gradient":""},"tablet":{"background-color":"","background-image":"","background-repeat":"repeat","background-position":"center center","background-size":"auto","background-attachment":"scroll","background-type":"","background-media":"","overlay-type":"","overlay-color":"","overlay-opacity":"","overlay-gradient":""},"mobile":{"background-color":"","background-image":"","background-repeat":"repeat","background-position":"center center","background-size":"auto","background-attachment":"scroll","background-type":"","background-media":"","overlay-type":"","overlay-color":"","overlay-opacity":"","overlay-gradient":""}},"ast-content-background-meta":{"desktop":{"background-color":"var(--ast-global-color-5)","background-image":"","background-repeat":"repeat","background-position":"center center","background-size":"auto","background-attachment":"scroll","background-type":"","background-media":"","overlay-type":"","overlay-color":"","overlay-opacity":"","overlay-gradient":""},"tablet":{"background-color":"var(--ast-global-color-5)","background-image":"","background-repeat":"repeat","background-position":"center center","background-size":"auto","background-attachment":"scroll","background-type":"","background-media":"","overlay-type":"","overlay-color":"","overlay-opacity":"","overlay-gradient":""},"mobile":{"background-color":"var(--ast-global-color-5)","background-image":"","background-repeat":"repeat","background-position":"center center","background-size":"auto","background-attachment":"scroll","background-type":"","background-media":"","overlay-type":"","overlay-color":"","overlay-opacity":"","overlay-gradient":""}},"footnotes":""},"categories":[11],"tags":[],"class_list":["post-28077","post","type-post","status-publish","format-standard","has-post-thumbnail","hentry","category-noticias"],"aioseo_notices":[],"_links":{"self":[{"href":"https:\/\/contarotacoes.com\/index.php?rest_route=\/wp\/v2\/posts\/28077","targetHints":{"allow":["GET"]}}],"collection":[{"href":"https:\/\/contarotacoes.com\/index.php?rest_route=\/wp\/v2\/posts"}],"about":[{"href":"https:\/\/contarotacoes.com\/index.php?rest_route=\/wp\/v2\/types\/post"}],"author":[{"embeddable":true,"href":"https:\/\/contarotacoes.com\/index.php?rest_route=\/wp\/v2\/users\/2"}],"replies":[{"embeddable":true,"href":"https:\/\/contarotacoes.com\/index.php?rest_route=%2Fwp%2Fv2%2Fcomments&post=28077"}],"version-history":[{"count":1,"href":"https:\/\/contarotacoes.com\/index.php?rest_route=\/wp\/v2\/posts\/28077\/revisions"}],"predecessor-version":[{"id":28079,"href":"https:\/\/contarotacoes.com\/index.php?rest_route=\/wp\/v2\/posts\/28077\/revisions\/28079"}],"wp:featuredmedia":[{"embeddable":true,"href":"https:\/\/contarotacoes.com\/index.php?rest_route=\/wp\/v2\/media\/28078"}],"wp:attachment":[{"href":"https:\/\/contarotacoes.com\/index.php?rest_route=%2Fwp%2Fv2%2Fmedia&parent=28077"}],"wp:term":[{"taxonomy":"category","embeddable":true,"href":"https:\/\/contarotacoes.com\/index.php?rest_route=%2Fwp%2Fv2%2Fcategories&post=28077"},{"taxonomy":"post_tag","embeddable":true,"href":"https:\/\/contarotacoes.com\/index.php?rest_route=%2Fwp%2Fv2%2Ftags&post=28077"}],"curies":[{"name":"wp","href":"https:\/\/api.w.org\/{rel}","templated":true}]}}