{"id":28059,"date":"2026-04-27T17:53:58","date_gmt":"2026-04-27T17:53:58","guid":{"rendered":"https:\/\/contarotacoes.com\/?p=28059"},"modified":"2026-04-27T17:53:58","modified_gmt":"2026-04-27T17:53:58","slug":"vicente-capela-termina-no-top-5-na-2a-ronda-do-portugal-de-karting-no-algarve","status":"publish","type":"post","link":"https:\/\/contarotacoes.com\/?p=28059","title":{"rendered":"Vicente Capela termina no Top 5 na 2\u00aa ronda do Portugal de Karting no Algarve"},"content":{"rendered":"<p><em>O piloto portugu\u00eas destaca-se na X30 J\u00fanior com recupera\u00e7\u00e3o, lutas intensas e presen\u00e7a entre os l\u00edderes em Portim\u00e3o.<\/em><\/p>\n<p style=\"text-align: justify;\">O Kart\u00f3dromo Internacional do Algarve recebeu mais um fim-de-semana de grandes emo\u00e7\u00f5es no Campeonato de Portugal de Karting, com a realiza\u00e7\u00e3o da 2.\u00aa etapa da \u00e9poca. Entre os destaques da categoria X30 J\u00fanior, Vicente Capela (Patrocinador: Interkran \/ Equipa: J\u00fanior Racing Team \/ Mec\u00e2nico: Adrian Vaz \/ Chassis: Tony Kart) voltou a demonstrar a sua evolu\u00e7\u00e3o no automobilismo, a enfrentar desafios com maturidade, competitividade e um esp\u00edrito combativo evidente ao longo de todo o programa.<\/p>\n<p style=\"text-align: justify;\">Desde os treinos livres, tornou-se evidente que o piloto natural de Beja conseguiu uma adapta\u00e7\u00e3o s\u00f3lida no seu primeiro ano na categoria J\u00fanior, ao apresentar um ritmo consistente e presen\u00e7a entre os mais r\u00e1pidos do pelot\u00e3o. Com voltas competitivas e uma boa leitura do tra\u00e7ado, Capela construiu uma base importante para o restante fim-de-semana, a refor\u00e7ar a sua confian\u00e7a para as sess\u00f5es decisivas.<\/p>\n<p style=\"text-align: justify;\">Na sess\u00e3o de qualifica\u00e7\u00e3o, Vicente garantiu uma posi\u00e7\u00e3o na 4.\u00aa fila da grelha de partida. O resultado, embora exigente, manteve o piloto numa posi\u00e7\u00e3o estrat\u00e9gica para as corridas de qualifica\u00e7\u00e3o.<\/p>\n<p style=\"text-align: justify;\"><em>\u201cSab\u00edamos do n\u00edvel muito elevado da categoria, mas consegui fazer uma boa volta. Partir da 4.\u00aa fila n\u00e3o era o ideal, mas tamb\u00e9m nos dava margem para evoluir ao longo das corridas\u201d,\u00a0<\/em>destacou Vicente.<\/p>\n<p style=\"text-align: justify;\">A primeira manga de qualifica\u00e7\u00e3o ficou marcada por uma presta\u00e7\u00e3o determinada do piloto de Beja. Com boas ultrapassagens e ao tirar partido de cada oportunidade, Vicente protagonizou uma excelente recupera\u00e7\u00e3o ao longo das 10 voltas, a cortar a linha de meta na 3.\u00aa posi\u00e7\u00e3o.<\/p>\n<p style=\"text-align: justify;\">Na segunda manga de qualifica\u00e7\u00e3o, o desempenho do piloto voltou a evidenciar-se. Com habilidade e controlo nas lutas diretas, Capela ganhou posi\u00e7\u00f5es importantes e terminou na 2.\u00aa posi\u00e7\u00e3o. Com os resultados obtidos, assegurou um lugar na primeira linha de arranque para a Pr\u00e9-final.<\/p>\n<p style=\"text-align: justify;\">Mesmo perante forte concorr\u00eancia, Capela manteve-se firme na luta pelas primeiras posi\u00e7\u00f5es durante toda a Pr\u00e9-final. Numa corrida marcada pelo equil\u00edbrio e por disputas roda com roda, o piloto portugu\u00eas terminou na 4.\u00aa posi\u00e7\u00e3o, a manter-se entre os protagonistas da categoria.<\/p>\n<p style=\"text-align: justify;\">Na Final, Vicente partiu da 3.\u00aa posi\u00e7\u00e3o, na 2.\u00aa linha da grelha. A corrida decisiva foi marcada por uma luta intensa em cada metro do tra\u00e7ado de Portim\u00e3o, com constantes trocas de posi\u00e7\u00e3o e um ritmo extremamente competitivo entre os l\u00edderes da X30 J\u00fanior.<\/p>\n<p style=\"text-align: justify;\">Ao longo das 14 voltas, Capela chegou a discutir diretamente a lideran\u00e7a, com intelig\u00eancia nas ultrapassagens. Mesmo sob forte press\u00e3o dos advers\u00e1rios, manteve-se entre os primeiros classificados e terminou dentro do Top 5, a consolidar um fim de semana consistente.<\/p>\n<p style=\"text-align: justify;\"><em>\u201cFoi uma Final muito exigente, com muita luta em todas as voltas. Tive a oportunidade de discutir a lideran\u00e7a e isso mostra que estamos no caminho certo. Claro que queremos sempre mais, mas saio daqui com o 5.\u00ba lugar, mais forte e com ainda mais motiva\u00e7\u00e3o\u201d,\u00a0<\/em>afirmou o piloto.<\/p>\n<p style=\"text-align: justify;\">A presta\u00e7\u00e3o em Portim\u00e3o refor\u00e7a o crescimento de Vicente Capela ao longo da \u00e9poca, n\u00e3o apenas pela sua velocidade, mas tamb\u00e9m pela resili\u00eancia demonstrada perante as adversidades. A capacidade de recupera\u00e7\u00e3o e a consist\u00eancia ao longo das provas evidenciam um piloto cada vez mais preparado no campeonato.<\/p>\n<p style=\"text-align: justify;\">A pr\u00f3xima etapa do Campeonato de Portugal de Karting est\u00e1 agendada para os dias 30 e 31 de maio, no Kart\u00f3dromo de Castelo Branco. Antes disso, Capela enfrenta um novo desafio na mesma pista. Nos dias 9 e 10 de maio, o piloto estar\u00e1 para disputar a 2.\u00aa etapa do Rotax Max Challenge Portugal, a aumentar o seu tempo de condu\u00e7\u00e3o e experi\u00eancia no tra\u00e7ado.<\/p>\n<p>Cr\u00e9ditos Foto : KMCom \/ Filipe Cairr\u00e3o<\/p>\n","protected":false},"excerpt":{"rendered":"<p>O piloto portugu\u00eas destaca-se na X30 J\u00fanior com recupera\u00e7\u00e3o, lutas intensas e presen\u00e7a entre os l\u00edderes em Portim\u00e3o. O Kart\u00f3dromo Internacional do Algarve recebeu mais um fim-de-semana de grandes emo\u00e7\u00f5es no Campeonato de Portugal de Karting, com a realiza\u00e7\u00e3o da 2.\u00aa etapa da \u00e9poca. Entre os destaques da categoria X30 J\u00fanior, Vicente Capela (Patrocinador: Interkran [&hellip;]<\/p>\n","protected":false},"author":2,"featured_media":28060,"comment_status":"open","ping_status":"open","sticky":false,"template":"","format":"standard","meta":{"_editorskit_title_hidden":false,"_editorskit_reading_time":0,"_editorskit_is_block_options_detached":false,"_editorskit_block_options_position":"{}","om_disable_all_campaigns":false,"_monsterinsights_skip_tracking":false,"_monsterinsights_sitenote_active":false,"_monsterinsights_sitenote_note":"","_monsterinsights_sitenote_category":0,"_uf_show_specific_survey":0,"_uf_disable_surveys":false,"site-sidebar-layout":"default","site-content-layout":"","ast-site-content-layout":"default","site-content-style":"default","site-sidebar-style":"default","ast-global-header-display":"","ast-banner-title-visibility":"","ast-main-header-display":"","ast-hfb-above-header-display":"","ast-hfb-below-header-display":"","ast-hfb-mobile-header-display":"","site-post-title":"","ast-breadcrumbs-content":"","ast-featured-img":"","footer-sml-layout":"","theme-transparent-header-meta":"default","adv-header-id-meta":"","stick-header-meta":"default","header-above-stick-meta":"","header-main-stick-meta":"","header-below-stick-meta":"","astra-migrate-meta-layouts":"set","ast-page-background-enabled":"default","ast-page-background-meta":{"desktop":{"background-color":"","background-image":"","background-repeat":"repeat","background-position":"center center","background-size":"auto","background-attachment":"scroll","background-type":"","background-media":"","overlay-type":"","overlay-color":"","overlay-opacity":"","overlay-gradient":""},"tablet":{"background-color":"","background-image":"","background-repeat":"repeat","background-position":"center center","background-size":"auto","background-attachment":"scroll","background-type":"","background-media":"","overlay-type":"","overlay-color":"","overlay-opacity":"","overlay-gradient":""},"mobile":{"background-color":"","background-image":"","background-repeat":"repeat","background-position":"center center","background-size":"auto","background-attachment":"scroll","background-type":"","background-media":"","overlay-type":"","overlay-color":"","overlay-opacity":"","overlay-gradient":""}},"ast-content-background-meta":{"desktop":{"background-color":"var(--ast-global-color-5)","background-image":"","background-repeat":"repeat","background-position":"center center","background-size":"auto","background-attachment":"scroll","background-type":"","background-media":"","overlay-type":"","overlay-color":"","overlay-opacity":"","overlay-gradient":""},"tablet":{"background-color":"var(--ast-global-color-5)","background-image":"","background-repeat":"repeat","background-position":"center center","background-size":"auto","background-attachment":"scroll","background-type":"","background-media":"","overlay-type":"","overlay-color":"","overlay-opacity":"","overlay-gradient":""},"mobile":{"background-color":"var(--ast-global-color-5)","background-image":"","background-repeat":"repeat","background-position":"center center","background-size":"auto","background-attachment":"scroll","background-type":"","background-media":"","overlay-type":"","overlay-color":"","overlay-opacity":"","overlay-gradient":""}},"footnotes":""},"categories":[11],"tags":[],"class_list":["post-28059","post","type-post","status-publish","format-standard","has-post-thumbnail","hentry","category-noticias"],"aioseo_notices":[],"_links":{"self":[{"href":"https:\/\/contarotacoes.com\/index.php?rest_route=\/wp\/v2\/posts\/28059","targetHints":{"allow":["GET"]}}],"collection":[{"href":"https:\/\/contarotacoes.com\/index.php?rest_route=\/wp\/v2\/posts"}],"about":[{"href":"https:\/\/contarotacoes.com\/index.php?rest_route=\/wp\/v2\/types\/post"}],"author":[{"embeddable":true,"href":"https:\/\/contarotacoes.com\/index.php?rest_route=\/wp\/v2\/users\/2"}],"replies":[{"embeddable":true,"href":"https:\/\/contarotacoes.com\/index.php?rest_route=%2Fwp%2Fv2%2Fcomments&post=28059"}],"version-history":[{"count":1,"href":"https:\/\/contarotacoes.com\/index.php?rest_route=\/wp\/v2\/posts\/28059\/revisions"}],"predecessor-version":[{"id":28061,"href":"https:\/\/contarotacoes.com\/index.php?rest_route=\/wp\/v2\/posts\/28059\/revisions\/28061"}],"wp:featuredmedia":[{"embeddable":true,"href":"https:\/\/contarotacoes.com\/index.php?rest_route=\/wp\/v2\/media\/28060"}],"wp:attachment":[{"href":"https:\/\/contarotacoes.com\/index.php?rest_route=%2Fwp%2Fv2%2Fmedia&parent=28059"}],"wp:term":[{"taxonomy":"category","embeddable":true,"href":"https:\/\/contarotacoes.com\/index.php?rest_route=%2Fwp%2Fv2%2Fcategories&post=28059"},{"taxonomy":"post_tag","embeddable":true,"href":"https:\/\/contarotacoes.com\/index.php?rest_route=%2Fwp%2Fv2%2Ftags&post=28059"}],"curies":[{"name":"wp","href":"https:\/\/api.w.org\/{rel}","templated":true}]}}