{"id":28022,"date":"2026-04-27T13:50:14","date_gmt":"2026-04-27T13:50:14","guid":{"rendered":"https:\/\/contarotacoes.com\/?p=28022"},"modified":"2026-04-27T13:50:14","modified_gmt":"2026-04-27T13:50:14","slug":"rui-madeira-conquista-tetra-no-rally-das-camelias-com-dominio-absoluto","status":"publish","type":"post","link":"https:\/\/contarotacoes.com\/?p=28022","title":{"rendered":"Rui Madeira conquista \u201ctetra\u201d no Rally das Cam\u00e9lias com dom\u00ednio absoluto"},"content":{"rendered":"<p style=\"text-align: justify;\">Rui Madeira e Nuno Rodrigues da Silva venceram o Rally das Cam\u00e9lias 2026, alcan\u00e7ando assim o quarto triunfo da carreira do piloto portugu\u00eas na emblem\u00e1tica prova, depois das vit\u00f3rias conquistadas em 2021, 2022, 2023 e agora 2026.<br \/>\nAos comandos do Hyundai i20 Rally2 da CRN Competition, a dupla protagonizou uma exibi\u00e7\u00e3o de grande autoridade, assumindo o comando da classifica\u00e7\u00e3o logo na segunda classificativa e nunca mais permitindo qualquer aproxima\u00e7\u00e3o decisiva por parte da concorr\u00eancia, construindo uma vantagem de forma paulatina e consistente at\u00e9 final.<br \/>\nNuma presta\u00e7\u00e3o de claro dom\u00ednio, Rui Madeira e Nuno Rodrigues da Silva venceram seis das oito especiais de classifica\u00e7\u00e3o disputadas, terminando a prova com 21,8 segundos de vantagem sobre os segundos classificados, confirmando de forma inequ\u00edvoca o estatuto de principais protagonistas desta edi\u00e7\u00e3o.<br \/>\nNo final, Rui Madeira destacou a import\u00e2ncia desta vit\u00f3ria e a forma como a prova foi sendo constru\u00edda ao longo das duas etapas: \u201cEsta edi\u00e7\u00e3o do Rallye das Cam\u00e9lias 2026 teve mudan\u00e7as significativas, como a primeira edi\u00e7\u00e3o sem a visita \u00e0 Serra da Sintra, devido \u00e0s condi\u00e7\u00f5es devastadoras ocorridas em fevereiro passado. Almargem do Bispo, Casal Barbas e Torres Vedras foram as novidades na edi\u00e7\u00e3o deste ano\u201d.<br \/>\nO piloto explicou que a entrada na prova foi positiva desde os primeiros quil\u00f3metros, permitindo lan\u00e7ar desde cedo a candidatura ao triunfo: \u201cEsta prova tinha como objetivo lutarmos pela vit\u00f3ria com o Hyundai i20 Rally2 da CRN Competition, que se apresentou sempre muito competitivo. Entr\u00e1mos bem na primeira classificativa de Almargem do Bispo, em que perdemos apenas um segundo para o melhor tempo. Na segunda passagem conseguimos vencer e termin\u00e1mos na lideran\u00e7a da primeira etapa\u201d, sublinhou.<br \/>\nJ\u00e1 na etapa decisiva de domingo, Rui Madeira e Nuno Rodrigues da Silva mostraram-se ainda mais fortes, consolidando a lideran\u00e7a com uma sequ\u00eancia muito s\u00f3lida de registos de refer\u00eancia: \u201cNa segunda etapa mantivemos sempre a lideran\u00e7a e vencemos cinco das seis especiais do dia, perdendo apenas uma por sete d\u00e9cimas. Fomos percebendo qual a forma de tirar proveito das afina\u00e7\u00f5es do Hyundai i20 e nitidamente melhor\u00e1mos na sec\u00e7\u00e3o da tarde, em que se tornou mais f\u00e1cil. Era a\u00ed que sab\u00edamos que a PEC mais longa faria toda a diferen\u00e7a, mas n\u00e3o foi necess\u00e1rio atacar perante a vantagem que t\u00ednhamos\u201d.<br \/>\nA forma como a dupla foi gerindo a prova, aliando rapidez, efic\u00e1cia e intelig\u00eancia estrat\u00e9gica, permitiu transformar a lideran\u00e7a conquistada no s\u00e1bado numa vit\u00f3ria robusta e sem contesta\u00e7\u00e3o no final do rali, naquele que foi um dos desempenhos mais dominadores de Rui Madeira nesta prova.<br \/>\nDepois da desilus\u00e3o vivida no anterior Rally de Lisboa, o triunfo nas Cam\u00e9lias teve tamb\u00e9m uma carga emocional especial para toda a estrutura envolvida no projeto: \u201cDepois do balde de \u00e1gua fria no passado Rali de Lisboa, queremos dedicar a vit\u00f3ria \u00e0 CRN Competition, sponsors, fam\u00edlia e f\u00e3s que estiveram sempre a torcer por n\u00f3s ao longo de toda a prova\u201d.<br \/>\nO piloto fez ainda quest\u00e3o de deixar uma palavra de reconhecimento \u00e0 organiza\u00e7\u00e3o, pelo esfor\u00e7o desenvolvido para garantir a realiza\u00e7\u00e3o da prova num contexto especialmente exigente. \u201cPor fim, quero dar os parab\u00e9ns ao trabalho da organiza\u00e7\u00e3o pelas adversidades que foi superando nos \u00faltimos meses para realizar a prova\u201d, acrescentou.<br \/>\nOlhando para o futuro, o piloto revelou ainda que nas pr\u00f3ximas semanas ser\u00e1 conhecido com maior detalhe o programa desportivo para 2026. \u201cNas pr\u00f3ximas semanas vamos dar a conhecer o programa de 2026, mais detalhado, que dever\u00e1 incluir uma ou duas provas do CPR e tr\u00eas ralis Legend: o Spirit, o Luso-Bussaco e uma participa\u00e7\u00e3o al\u00e9m-fronteiras\u201d, revelou.<\/p>\n","protected":false},"excerpt":{"rendered":"<p>Rui Madeira e Nuno Rodrigues da Silva venceram o Rally das Cam\u00e9lias 2026, alcan\u00e7ando assim o quarto triunfo da carreira do piloto portugu\u00eas na emblem\u00e1tica prova, depois das vit\u00f3rias conquistadas em 2021, 2022, 2023 e agora 2026. Aos comandos do Hyundai i20 Rally2 da CRN Competition, a dupla protagonizou uma exibi\u00e7\u00e3o de grande autoridade, assumindo [&hellip;]<\/p>\n","protected":false},"author":2,"featured_media":28023,"comment_status":"open","ping_status":"open","sticky":false,"template":"","format":"standard","meta":{"_editorskit_title_hidden":false,"_editorskit_reading_time":0,"_editorskit_is_block_options_detached":false,"_editorskit_block_options_position":"{}","om_disable_all_campaigns":false,"_monsterinsights_skip_tracking":false,"_monsterinsights_sitenote_active":false,"_monsterinsights_sitenote_note":"","_monsterinsights_sitenote_category":0,"_uf_show_specific_survey":0,"_uf_disable_surveys":false,"site-sidebar-layout":"default","site-content-layout":"","ast-site-content-layout":"default","site-content-style":"default","site-sidebar-style":"default","ast-global-header-display":"","ast-banner-title-visibility":"","ast-main-header-display":"","ast-hfb-above-header-display":"","ast-hfb-below-header-display":"","ast-hfb-mobile-header-display":"","site-post-title":"","ast-breadcrumbs-content":"","ast-featured-img":"","footer-sml-layout":"","theme-transparent-header-meta":"default","adv-header-id-meta":"","stick-header-meta":"default","header-above-stick-meta":"","header-main-stick-meta":"","header-below-stick-meta":"","astra-migrate-meta-layouts":"set","ast-page-background-enabled":"default","ast-page-background-meta":{"desktop":{"background-color":"","background-image":"","background-repeat":"repeat","background-position":"center center","background-size":"auto","background-attachment":"scroll","background-type":"","background-media":"","overlay-type":"","overlay-color":"","overlay-opacity":"","overlay-gradient":""},"tablet":{"background-color":"","background-image":"","background-repeat":"repeat","background-position":"center center","background-size":"auto","background-attachment":"scroll","background-type":"","background-media":"","overlay-type":"","overlay-color":"","overlay-opacity":"","overlay-gradient":""},"mobile":{"background-color":"","background-image":"","background-repeat":"repeat","background-position":"center center","background-size":"auto","background-attachment":"scroll","background-type":"","background-media":"","overlay-type":"","overlay-color":"","overlay-opacity":"","overlay-gradient":""}},"ast-content-background-meta":{"desktop":{"background-color":"var(--ast-global-color-5)","background-image":"","background-repeat":"repeat","background-position":"center center","background-size":"auto","background-attachment":"scroll","background-type":"","background-media":"","overlay-type":"","overlay-color":"","overlay-opacity":"","overlay-gradient":""},"tablet":{"background-color":"var(--ast-global-color-5)","background-image":"","background-repeat":"repeat","background-position":"center center","background-size":"auto","background-attachment":"scroll","background-type":"","background-media":"","overlay-type":"","overlay-color":"","overlay-opacity":"","overlay-gradient":""},"mobile":{"background-color":"var(--ast-global-color-5)","background-image":"","background-repeat":"repeat","background-position":"center center","background-size":"auto","background-attachment":"scroll","background-type":"","background-media":"","overlay-type":"","overlay-color":"","overlay-opacity":"","overlay-gradient":""}},"footnotes":""},"categories":[11],"tags":[],"class_list":["post-28022","post","type-post","status-publish","format-standard","has-post-thumbnail","hentry","category-noticias"],"aioseo_notices":[],"_links":{"self":[{"href":"https:\/\/contarotacoes.com\/index.php?rest_route=\/wp\/v2\/posts\/28022","targetHints":{"allow":["GET"]}}],"collection":[{"href":"https:\/\/contarotacoes.com\/index.php?rest_route=\/wp\/v2\/posts"}],"about":[{"href":"https:\/\/contarotacoes.com\/index.php?rest_route=\/wp\/v2\/types\/post"}],"author":[{"embeddable":true,"href":"https:\/\/contarotacoes.com\/index.php?rest_route=\/wp\/v2\/users\/2"}],"replies":[{"embeddable":true,"href":"https:\/\/contarotacoes.com\/index.php?rest_route=%2Fwp%2Fv2%2Fcomments&post=28022"}],"version-history":[{"count":1,"href":"https:\/\/contarotacoes.com\/index.php?rest_route=\/wp\/v2\/posts\/28022\/revisions"}],"predecessor-version":[{"id":28024,"href":"https:\/\/contarotacoes.com\/index.php?rest_route=\/wp\/v2\/posts\/28022\/revisions\/28024"}],"wp:featuredmedia":[{"embeddable":true,"href":"https:\/\/contarotacoes.com\/index.php?rest_route=\/wp\/v2\/media\/28023"}],"wp:attachment":[{"href":"https:\/\/contarotacoes.com\/index.php?rest_route=%2Fwp%2Fv2%2Fmedia&parent=28022"}],"wp:term":[{"taxonomy":"category","embeddable":true,"href":"https:\/\/contarotacoes.com\/index.php?rest_route=%2Fwp%2Fv2%2Fcategories&post=28022"},{"taxonomy":"post_tag","embeddable":true,"href":"https:\/\/contarotacoes.com\/index.php?rest_route=%2Fwp%2Fv2%2Ftags&post=28022"}],"curies":[{"name":"wp","href":"https:\/\/api.w.org\/{rel}","templated":true}]}}