{"id":27986,"date":"2026-04-25T21:35:57","date_gmt":"2026-04-25T21:35:57","guid":{"rendered":"https:\/\/contarotacoes.com\/?p=27986"},"modified":"2026-04-25T21:35:57","modified_gmt":"2026-04-25T21:35:57","slug":"freita-mythic-rally-stage-estreia-se-com-sucesso-e-forte-adesao","status":"publish","type":"post","link":"https:\/\/contarotacoes.com\/?p=27986","title":{"rendered":"Freita \u2013 Mythic Rally Stage estreia-se com sucesso e forte ades\u00e3o"},"content":{"rendered":"<ul>\n<li><strong>Estreia do projeto Mythic Rally Stage devolveu a Freita ao seu lugar na hist\u00f3ria<\/strong><\/li>\n<\/ul>\n<p style=\"text-align: justify;\">A primeira edi\u00e7\u00e3o do Freita Mythic Rally Stage revelou-se um \u00eaxito, cumprindo o objetivo\u00a0 de recriar o esp\u00edrito \u00fanico da emblem\u00e1tica classificativa da Freita. Pilotos de nomeada, m\u00e1quinas ic\u00f3nicas e forte ades\u00e3o do p\u00fablico ao longo de dois dias vividos intensamente em Arouca e na Serra da Freita foram a chave do sucesso.<\/p>\n<p style=\"text-align: justify;\">A m\u00edtica classificativa da Freita, palco de algumas das p\u00e1ginas mais marcantes da hist\u00f3ria dos ralis em Portugal, voltou a ganhar vida num formato inovador que cruzou evoca\u00e7\u00e3o, espet\u00e1culo e proximidade com o p\u00fablico. Reconhecida pela sua exig\u00eancia t\u00e9cnica,imprevisibilidade e liga\u00e7\u00e3o emocional a v\u00e1rias gera\u00e7\u00f5es, a Freita reafirmou, neste reencontro, o porqu\u00ea de continuar a ocupar um lugar especial no imagin\u00e1rio coletivo dos adeptos.<\/p>\n<p style=\"text-align: justify;\">Mais do que um evento isolado, esta estreia assinalou o arranque do projeto Mythic Rally Stage da XRacing, uma iniciativa in\u00e9dita em Portugal que pretende recriar classificativas lend\u00e1rias, respeitando a sua identidade e devolvendo-lhes protagonismo atrav\u00e9s das m\u00e1quinas e dos protagonistas que as marcaram.<\/p>\n<p style=\"text-align: justify;\">Com assinal\u00e1vel \u00eaxito, foi assim escrito o primeiro cap\u00edtulo deste projeto, confirmando n\u00e3o s\u00f3 o interesse do p\u00fablico, como tamb\u00e9m o potencial de continuidade de um conceito que alia patrim\u00f3nio desportivo, territ\u00f3rio e emo\u00e7\u00e3o.<\/p>\n<p><strong>Primeiro dia vivido com entusiasmo e mem\u00f3ria<\/strong><\/p>\n<p style=\"text-align: justify;\">O primeiro dia do evento, organizado desportivamente pelo Targa Clube, foi j\u00e1 vivido com intensidade, mesmo sem qualquer passagem pela classificativa da Freita. Nem por isso diminuiu o interesse do p\u00fablico pelo regresso dos ralis a Arouca, proporcionando o primeiro contacto entre os espectadores e os emblem\u00e1ticos carros presentes. Durante mais de duas horas, um aut\u00eantico banho de multid\u00e3o coloriu e animou o espa\u00e7o reservado \u00e0 exposi\u00e7\u00e3o das m\u00e1quinas, no centro da vila.<\/p>\n<p style=\"text-align: justify;\">Mas esse foi apenas o primeiro momento de um dia marcado pela evoca\u00e7\u00e3o e partilha. A tert\u00falia \u201cA classificativa da Freita\u201d \u2014 que pode ser vista na \u00edntegra em bit.ly\/4e8Vj3E \u2014 tornou-se num dos pontos altos do programa, reunindo, na Biblioteca Municipal de Arouca, alguns dos protagonistas que ajudaram a construir a hist\u00f3ria desta especial.<\/p>\n<p style=\"text-align: justify;\">Perante uma plateia atenta, que contou tamb\u00e9m com a presen\u00e7a e participa\u00e7\u00e3o da Presidente da C\u00e2mara Municipal de Arouca, Margarida Bel\u00e9m, nomes como Fernando Peres, Ricardo Caldeira, Jorge Ortig\u00e3o, Fernando Batista, Nuno Pinto, Pedro Leal e Miguel Pai\u00e3o partilharam mem\u00f3rias, epis\u00f3dios e bastidores de uma classificativa que permanece viva no imagin\u00e1rio dos adeptos.<\/p>\n<p style=\"text-align: justify;\">Entre hist\u00f3rias de supera\u00e7\u00e3o, momentos de tens\u00e3o, epis\u00f3dios curiosos e at\u00e9 humor\u00edsticos, ficou evidente a forte liga\u00e7\u00e3o emocional \u00e0 Serra da Freita. Num ambiente informal, a conversa percorreu diferentes \u00e9pocas dos ralis, destacando a exig\u00eancia \u00fanica da classificativa, as suas particularidades t\u00e9cnicas e os desafios impostos pelas condi\u00e7\u00f5es atmosf\u00e9ricas \u2014 fatores que sempre lhe conferiram um estatuto especial.<\/p>\n<p style=\"text-align: justify;\">A jornada terminou com a Partida Simb\u00f3lica, no centro de Arouca, num ambiente de grande proximidade entre p\u00fablico e participantes, refor\u00e7ando o car\u00e1ter celebrativo do evento.<\/p>\n<p><strong>Segundo dia levou emo\u00e7\u00f5es para a estrada<\/strong><\/p>\n<p style=\"text-align: justify;\">No segundo dia, a aten\u00e7\u00e3o centrou-se naturalmente na Serra da Freita, com a realiza\u00e7\u00e3o de tr\u00eas passagens pela classificativa que deu nome ao evento. Num cen\u00e1rio exigente e tecnicamente desafiante, os participantes tiveram oportunidade de experimentar \u2014 e reviver \u2014 uma das estradas mais marcantes da hist\u00f3ria dos ralis nacionais, proporcionando tamb\u00e9m ao muito p\u00fablico presente momentos de grande espet\u00e1culo ao longo do percurso.<\/p>\n<p style=\"text-align: justify;\">Mas uma vez Freita&#8230; para sempre Freita! Conhecida pelo seu rigor e grau de exig\u00eancia, a classificativa voltou a demonstrar o respeito que imp\u00f5e, mesmo num contexto evocativo.<br \/>\nUma sa\u00edda de estrada, na segunda passagem, do piloto Fernando Peres obrigou \u00e0 imposi\u00e7\u00e3o de um ritmo mais lento numa das zonas do tro\u00e7o durante a derradeira passagem.<\/p>\n<p style=\"text-align: justify;\">Ainda assim, o Tricampe\u00e3o nacional de ralis fez quest\u00e3o de sublinhar que o incidente em nada beliscou o evento: \u201cfoi uma festa enorme, que mostrou a for\u00e7a dos ralis, o que movimentam e as emo\u00e7\u00f5es que despertam. Conseguimos tamb\u00e9m passar uma imagem muito real do que s\u00e3o os ralis a quem decide, e saio daqui com a certeza de que vamos ter ralis durante muitos anos\u201d. Um testemunho que refor\u00e7a o impacto global da iniciativa e a forma como foi vivida dentro e fora da estrada.<\/p>\n<p style=\"text-align: justify;\">Ali\u00e1s, j\u00e1 antes, durante a primeira passagem, alguns pilotos somavam tamb\u00e9m epis\u00f3dios inesperados, como foi o caso de Ruben Lopes, que viveu um momento ins\u00f3lito ao ver o acelerador do seu Porsche 911 SC ficar \u201ccolado\u201d \u00e0 sa\u00edda de uma curva. Situa\u00e7\u00e3o resolvida com engenho e humor: \u201cfoi um susto grande, mas conseguimos resolver com \u2018engenharia caseira\u2019, usando um cinto el\u00e1stico para fazer o retorno do acelerador, o que nos permitiu chegar \u00e0 assist\u00eancia\u201d.<\/p>\n<p style=\"text-align: justify;\">Como se d\u00favidas houvesse que a ess\u00eancia desta classificativa tamb\u00e9m passa por deixar mem\u00f3rias bem vivas a quem a percorre e, por vezes, obriga mesmo a estimular a imagina\u00e7\u00e3o para resolver contratempos.<\/p>\n<p><strong>Pilotos destacam emo\u00e7\u00e3o e exig\u00eancia da Freita<\/strong><\/p>\n<p style=\"text-align: justify;\">Nem estes contratempos retiraram brilho ao Freita Mythic Rally Stage, com os participantes a evidenciarem entusiasmo e reconhecimento pela singularidade do evento.<\/p>\n<p style=\"text-align: justify;\">Ao volante do Audi Sport Quattro S1 E2, Nuno Pinto protagonizou um dos momentos mais aguardados, levando \u00e0 Freita um Grupo B que, por raz\u00f5es hist\u00f3ricas, nunca ali tinha passado. \u201cA Freita \u00e9 ainda mais dif\u00edcil do que imaginava. \u00c9 dif\u00edcil transmitir o qu\u00e3o exigente e at\u00e9 assustador pode ser explorar um carro destes neste tro\u00e7o, onde na zona do planalto atingimos os 210 km\/h a explorar os 600 cavalos do motor! Mas foi um sonho concretizado\u201d, afirmou.<\/p>\n<p style=\"text-align: justify;\">J\u00e1 V\u00edtor Pascoal, aos comandos de um Porsche 991 GT3, destacou a exig\u00eancia da classificativa: \u201c\u00e9 um tro\u00e7o extremamente t\u00e9cnico, com varia\u00e7\u00f5es constantes. Num carro destes, h\u00e1 momentos em que parece um Safari\u201d<\/p>\n<p style=\"text-align: justify;\">Num registo distinto, mas igualmente marcante, Fernando Batista, aos 87 anos, voltou a deixar a sua assinatura: \u201cpassei um dia que n\u00e3o esquecerei, voltando a uma classificativa\u00a0 que me traz muitas mem\u00f3rias e que continua a ter uma exig\u00eancia tremenda\u201d.<\/p>\n<p><strong>Organiza\u00e7\u00e3o e munic\u00edpio fazem balan\u00e7o muito positivo<\/strong><\/p>\n<p style=\"text-align: justify;\">Da parte do promotor do evento, liderado por Pedro Ortig\u00e3o, respons\u00e1vel da XRacing, o balan\u00e7o \u00e9 claramente positivo: \u201cestamos muito satisfeitos com esta primeira edi\u00e7\u00e3o. A ades\u00e3o do p\u00fablico, tanto na partida simb\u00f3lica como na classificativa, foi extraordin\u00e1ria e \u00e9 o melhor reconhecimento que poder\u00edamos ter\u201d.<\/p>\n<p style=\"text-align: justify;\">O respons\u00e1vel destacou ainda o futuro do projeto: \u201cem 2027 queremos voltar, fazer ainda melhor e tentar concretizar o objetivo de uma passagem noturna, para recriar ainda mais a tradi\u00e7\u00e3o da Freita\u201d.<\/p>\n<p style=\"text-align: justify;\">Tamb\u00e9m o Munic\u00edpio de Arouca sublinhou o impacto do evento. Para a Presidente Margarida Bel\u00e9m, \u201cfoi uma aposta ganha, num evento que valoriza a hist\u00f3ria e a identidade do territ\u00f3rio, conciliando natureza, patrim\u00f3nio e desporto\u201d. A autarca destacou ainda a experi\u00eancia vivida como co-piloto ao lado de Fernando Peres: \u201cfoi extraordin\u00e1ria, percebendo de perto a adrenalina e a exig\u00eancia da classificativa\u201d.<\/p>\n<p style=\"text-align: justify;\">Com uma estreia bem-sucedida, o Freita Mythic Rally Stage afirmou-se como um novo cap\u00edtulo na valoriza\u00e7\u00e3o da mem\u00f3ria dos ralis em Portugal. Depois deste primeiro reencontro com a hist\u00f3ria, fica agora a expectativa &#8211; e a vontade coletiva &#8211; de regressar \u00e0 Serra da Freita j\u00e1 em 2027. E a contagem decrescente j\u00e1 come\u00e7ou&#8230;<\/p>\n<p>Mais informa\u00e7\u00f5es dispon\u00edveis em:<\/p>\n<blockquote class=\"wp-embedded-content\" data-secret=\"ydlA9W3wp0\"><p><a href=\"https:\/\/mythicrallystage.pt\/\">Publica\u00e7\u00f5es Recentes<\/a><\/p><\/blockquote>\n<p><iframe class=\"wp-embedded-content\" sandbox=\"allow-scripts\" security=\"restricted\" style=\"position: absolute; visibility: hidden;\" title=\"&#8220;Publica\u00e7\u00f5es Recentes&#8221; &#8212; Mythic Rally Stage\" src=\"https:\/\/mythicrallystage.pt\/embed\/#?secret=30Ohkv8haD#?secret=ydlA9W3wp0\" data-secret=\"ydlA9W3wp0\" width=\"500\" height=\"282\" frameborder=\"0\" marginwidth=\"0\" marginheight=\"0\" scrolling=\"no\"><\/iframe><br \/>\nhttps:\/\/www.facebook.com\/MythicRallyStage\/<br \/>\nhttps:\/\/www.instagram.com\/mythicrallystage\/<\/p>\n","protected":false},"excerpt":{"rendered":"<p>Estreia do projeto Mythic Rally Stage devolveu a Freita ao seu lugar na hist\u00f3ria A primeira edi\u00e7\u00e3o do Freita Mythic Rally Stage revelou-se um \u00eaxito, cumprindo o objetivo\u00a0 de recriar o esp\u00edrito \u00fanico da emblem\u00e1tica classificativa da Freita. Pilotos de nomeada, m\u00e1quinas ic\u00f3nicas e forte ades\u00e3o do p\u00fablico ao longo de dois dias vividos intensamente [&hellip;]<\/p>\n","protected":false},"author":2,"featured_media":27987,"comment_status":"open","ping_status":"open","sticky":false,"template":"","format":"standard","meta":{"_editorskit_title_hidden":false,"_editorskit_reading_time":0,"_editorskit_is_block_options_detached":false,"_editorskit_block_options_position":"{}","om_disable_all_campaigns":false,"_monsterinsights_skip_tracking":false,"_monsterinsights_sitenote_active":false,"_monsterinsights_sitenote_note":"","_monsterinsights_sitenote_category":0,"_uf_show_specific_survey":0,"_uf_disable_surveys":false,"site-sidebar-layout":"default","site-content-layout":"","ast-site-content-layout":"default","site-content-style":"default","site-sidebar-style":"default","ast-global-header-display":"","ast-banner-title-visibility":"","ast-main-header-display":"","ast-hfb-above-header-display":"","ast-hfb-below-header-display":"","ast-hfb-mobile-header-display":"","site-post-title":"","ast-breadcrumbs-content":"","ast-featured-img":"","footer-sml-layout":"","theme-transparent-header-meta":"default","adv-header-id-meta":"","stick-header-meta":"default","header-above-stick-meta":"","header-main-stick-meta":"","header-below-stick-meta":"","astra-migrate-meta-layouts":"set","ast-page-background-enabled":"default","ast-page-background-meta":{"desktop":{"background-color":"","background-image":"","background-repeat":"repeat","background-position":"center center","background-size":"auto","background-attachment":"scroll","background-type":"","background-media":"","overlay-type":"","overlay-color":"","overlay-opacity":"","overlay-gradient":""},"tablet":{"background-color":"","background-image":"","background-repeat":"repeat","background-position":"center center","background-size":"auto","background-attachment":"scroll","background-type":"","background-media":"","overlay-type":"","overlay-color":"","overlay-opacity":"","overlay-gradient":""},"mobile":{"background-color":"","background-image":"","background-repeat":"repeat","background-position":"center center","background-size":"auto","background-attachment":"scroll","background-type":"","background-media":"","overlay-type":"","overlay-color":"","overlay-opacity":"","overlay-gradient":""}},"ast-content-background-meta":{"desktop":{"background-color":"var(--ast-global-color-5)","background-image":"","background-repeat":"repeat","background-position":"center center","background-size":"auto","background-attachment":"scroll","background-type":"","background-media":"","overlay-type":"","overlay-color":"","overlay-opacity":"","overlay-gradient":""},"tablet":{"background-color":"var(--ast-global-color-5)","background-image":"","background-repeat":"repeat","background-position":"center center","background-size":"auto","background-attachment":"scroll","background-type":"","background-media":"","overlay-type":"","overlay-color":"","overlay-opacity":"","overlay-gradient":""},"mobile":{"background-color":"var(--ast-global-color-5)","background-image":"","background-repeat":"repeat","background-position":"center center","background-size":"auto","background-attachment":"scroll","background-type":"","background-media":"","overlay-type":"","overlay-color":"","overlay-opacity":"","overlay-gradient":""}},"footnotes":""},"categories":[11],"tags":[],"class_list":["post-27986","post","type-post","status-publish","format-standard","has-post-thumbnail","hentry","category-noticias"],"aioseo_notices":[],"_links":{"self":[{"href":"https:\/\/contarotacoes.com\/index.php?rest_route=\/wp\/v2\/posts\/27986","targetHints":{"allow":["GET"]}}],"collection":[{"href":"https:\/\/contarotacoes.com\/index.php?rest_route=\/wp\/v2\/posts"}],"about":[{"href":"https:\/\/contarotacoes.com\/index.php?rest_route=\/wp\/v2\/types\/post"}],"author":[{"embeddable":true,"href":"https:\/\/contarotacoes.com\/index.php?rest_route=\/wp\/v2\/users\/2"}],"replies":[{"embeddable":true,"href":"https:\/\/contarotacoes.com\/index.php?rest_route=%2Fwp%2Fv2%2Fcomments&post=27986"}],"version-history":[{"count":2,"href":"https:\/\/contarotacoes.com\/index.php?rest_route=\/wp\/v2\/posts\/27986\/revisions"}],"predecessor-version":[{"id":27989,"href":"https:\/\/contarotacoes.com\/index.php?rest_route=\/wp\/v2\/posts\/27986\/revisions\/27989"}],"wp:featuredmedia":[{"embeddable":true,"href":"https:\/\/contarotacoes.com\/index.php?rest_route=\/wp\/v2\/media\/27987"}],"wp:attachment":[{"href":"https:\/\/contarotacoes.com\/index.php?rest_route=%2Fwp%2Fv2%2Fmedia&parent=27986"}],"wp:term":[{"taxonomy":"category","embeddable":true,"href":"https:\/\/contarotacoes.com\/index.php?rest_route=%2Fwp%2Fv2%2Fcategories&post=27986"},{"taxonomy":"post_tag","embeddable":true,"href":"https:\/\/contarotacoes.com\/index.php?rest_route=%2Fwp%2Fv2%2Ftags&post=27986"}],"curies":[{"name":"wp","href":"https:\/\/api.w.org\/{rel}","templated":true}]}}