{"id":27980,"date":"2026-04-25T21:03:24","date_gmt":"2026-04-25T21:03:24","guid":{"rendered":"https:\/\/contarotacoes.com\/?p=27980"},"modified":"2026-04-25T21:03:24","modified_gmt":"2026-04-25T21:03:24","slug":"maria-luis-gameiro-conclui-o-carta-rallye-2026-com-o-primeiro-lugar-entre-os-auto-4x4-e-o-quarto-posto-a-geral","status":"publish","type":"post","link":"https:\/\/contarotacoes.com\/?p=27980","title":{"rendered":"Maria Lu\u00eds Gameiro conclui o Carta Rallye 2026 com o primeiro lugar entre os Auto 4&#215;4 e o quarto posto \u00e0 geral"},"content":{"rendered":"<ul>\n<li style=\"text-align: justify;\"><strong><em>A piloto portuguesa competiu ao volante do MINI JCW T1+ dando seguimento ao processo de prepara\u00e7\u00e3o para o a Dakar 2027 e bateu-se com a \u201cnata\u201d do TT Mundial.<\/em><\/strong><strong style=\"font-size: 16px;\"><em>\u00a0<\/em><\/strong><\/li>\n<\/ul>\n<ul style=\"text-align: justify;\">\n<li><strong><em>Uma participa\u00e7\u00e3o marcada pela evolu\u00e7\u00e3o, pela aprendizagem e por um esp\u00edrito de equipa exemplar dentro e fora da prova, que foi premiada com o quarto lugar final.<\/em><\/strong><\/li>\n<\/ul>\n<p style=\"text-align: justify;\">Maria Lu\u00eds Gameiro\/Ronnie Graue concluiram com distin\u00e7\u00e3o a participa\u00e7\u00e3o no Carta Rallye 2026, a d\u00e9cima edi\u00e7\u00e3o da prova marroquina disputada entre os dias 18 e 24 de abril, num percurso de mais de 2000 km que atravessou Agadir, Tan-Tan, Laayoune e Icht at\u00e9 \u00e0 chegada final em M&#8217;Hamid.<\/p>\n<p style=\"text-align: justify;\">O quarto lugar na classifica\u00e7\u00e3o geral dos autom\u00f3veis \u00e9 o reflexo de uma semana consistente e inteligente. Refira-se que Maria Lu\u00eds que ombreou com um leque de pilotos que facilmente se poderia incluir num \u201ctop ten\u201d do Dakar, entre os quais, Nasser Al Attiyah ou Mathieu Serradori. Paralelamente assegurou esta posi\u00e7\u00e3o de ineg\u00e1vel destaque aos comandos de uma unidade de trac\u00e7\u00e3o integral, numa prova que favorecia de forma clara os 4&#215;2.<\/p>\n<p style=\"text-align: justify;\">A grande \u201cvit\u00f3ria\u201d desta participa\u00e7\u00e3o foi paralelamente a aprendizagem numa semana muito exigente, mas que Maria Lu\u00eds Gameiro encarou com a habitual positividade, mesmo nas situa\u00e7\u00f5es meias complicadas. S\u00f3 o facto de partilhar e lutar por um palco de elei\u00e7\u00e3o para os melhores do Mundo \u00e9 revelador da crescente evolu\u00e7\u00e3o da piloto que cada vez mais consegue aliar perseveran\u00e7a e capacidade de luta com performances de elevado n\u00edvel. Esta semana tais atributos ficaram amplamente demonstrados.<\/p>\n<p style=\"text-align: justify;\">A semana ficou tamb\u00e9m marcada por um momento de grande humanidade no \u00faltimo dia de prova. Confrontados com um acidente com um colega de competi\u00e7\u00e3o, Maria Lu\u00eds e Ronnie Graue n\u00e3o hesitaram em parar para prestar assist\u00eancia, ajudando a transportar piloto e co-piloto. Este foi apenas mais um dos muitos epis\u00f3dios desta presen\u00e7a da piloto portuguesa na jornada marroquina em que cada quil\u00f3metro serviu para somar experi\u00eancia, no seio de uma equipa onde o trabalho de grupo e a entrega foram por demais evidentes.<\/p>\n<p style=\"text-align: justify;\"><strong>Declara\u00e7\u00f5es de Maria Lu\u00eds Gameiro<\/strong><\/p>\n<p style=\"text-align: justify;\">No balan\u00e7o da sua participa\u00e7\u00e3o nesta prova, Maria Lu\u00eds n\u00e3o podia estar mais satisfeita com o resultado e, acima de tudo, com a sua evolu\u00e7\u00e3o:<\/p>\n<p style=\"text-align: justify;\"><strong><em>\u201cEstou muito feliz com esta semana no Carta Rallye! N\u00e3o foi f\u00e1cil, mas valeu muito a pena! O quarto lugar, que considero um bom resultado, acaba por ser um pormenor face \u00e0s li\u00e7\u00f5es que levo para casa. Esta prova tornou-se talvez num dos pontos altos desta temporada, por aquilo que sei que aprendi e como sinto que evolu\u00ed.<\/em><\/strong><strong><em>\u00a0<\/em><\/strong><\/p>\n<p style=\"text-align: justify;\"><strong><em>Desde a condu\u00e7\u00e3o, passando pela prepara\u00e7\u00e3o e pela gest\u00e3o mec\u00e2nica, foi um verdadeiro curso intensivo que me vai ser tremendamente \u00fatil da pr\u00f3xima vez que enfrentar o Dakar. Foram sete dias intensos, com tro\u00e7os exigentes, que me colocaram \u00e0 prova. Terminar \u00e0s portas do p\u00f3dio ainda para mais face a um leque t\u00e3o rico de advers\u00e1rios \u00e9 prova da competitividade que alcan\u00e7\u00e1mos, apesar de estarmos focados na evolu\u00e7\u00e3o e n\u00e3o tanto no resultado.<\/em><\/strong><\/p>\n<p style=\"text-align: justify;\"><strong><em>Vivemos momentos inesquec\u00edveis, um deles dram\u00e1tico, quando tivemos de prestar aux\u00edlio a um carro que tinha capotado. Estivemos ao lado da tripula\u00e7\u00e3o que teve mesmo de ser evacuada de helic\u00f3ptero. Fic\u00e1mos ao lado deles o tempo todo. Foram momentos de ang\u00fastia, mas a fam\u00edlia do TT n\u00e3o abandona os seus. <\/em><\/strong><\/p>\n<p style=\"text-align: justify;\"><strong><em>Mais uma semana repleta de emo\u00e7\u00f5es, mais um bom resultado e mais um livro de ensinamentos que levo para casa. Espero aplicar tudo quando for necess\u00e1rio. Um obrigado ao Ronnie, que foi um excelente parceiro, e \u00e0 equipa que, mais uma vez, fez um trabalho incr\u00edvel. E claro, obrigado a todos v\u00f3s que me acompanham!&#8221;.<\/em><\/strong><\/p>\n<p style=\"text-align: justify;\">A participa\u00e7\u00e3o no Carta Rallye 2026 encerra mais um cap\u00edtulo positivo numa temporada de grande n\u00edvel para Maria Lu\u00eds Gameiro, que soma agora mais experi\u00eancia e mais quil\u00f3metros de deserto na sua prepara\u00e7\u00e3o para o Dakar 2027. O deserto voltou a ser o palco certo para crescer e Maria Lu\u00eds saiu dele mais forte e mais preparada.<\/p>\n","protected":false},"excerpt":{"rendered":"<p>A piloto portuguesa competiu ao volante do MINI JCW T1+ dando seguimento ao processo de prepara\u00e7\u00e3o para o a Dakar 2027 e bateu-se com a \u201cnata\u201d do TT Mundial.\u00a0 Uma participa\u00e7\u00e3o marcada pela evolu\u00e7\u00e3o, pela aprendizagem e por um esp\u00edrito de equipa exemplar dentro e fora da prova, que foi premiada com o quarto lugar [&hellip;]<\/p>\n","protected":false},"author":2,"featured_media":27981,"comment_status":"open","ping_status":"open","sticky":false,"template":"","format":"standard","meta":{"_editorskit_title_hidden":false,"_editorskit_reading_time":0,"_editorskit_is_block_options_detached":false,"_editorskit_block_options_position":"{}","om_disable_all_campaigns":false,"_monsterinsights_skip_tracking":false,"_monsterinsights_sitenote_active":false,"_monsterinsights_sitenote_note":"","_monsterinsights_sitenote_category":0,"_uf_show_specific_survey":0,"_uf_disable_surveys":false,"site-sidebar-layout":"default","site-content-layout":"","ast-site-content-layout":"default","site-content-style":"default","site-sidebar-style":"default","ast-global-header-display":"","ast-banner-title-visibility":"","ast-main-header-display":"","ast-hfb-above-header-display":"","ast-hfb-below-header-display":"","ast-hfb-mobile-header-display":"","site-post-title":"","ast-breadcrumbs-content":"","ast-featured-img":"","footer-sml-layout":"","theme-transparent-header-meta":"default","adv-header-id-meta":"","stick-header-meta":"default","header-above-stick-meta":"","header-main-stick-meta":"","header-below-stick-meta":"","astra-migrate-meta-layouts":"set","ast-page-background-enabled":"default","ast-page-background-meta":{"desktop":{"background-color":"","background-image":"","background-repeat":"repeat","background-position":"center center","background-size":"auto","background-attachment":"scroll","background-type":"","background-media":"","overlay-type":"","overlay-color":"","overlay-opacity":"","overlay-gradient":""},"tablet":{"background-color":"","background-image":"","background-repeat":"repeat","background-position":"center center","background-size":"auto","background-attachment":"scroll","background-type":"","background-media":"","overlay-type":"","overlay-color":"","overlay-opacity":"","overlay-gradient":""},"mobile":{"background-color":"","background-image":"","background-repeat":"repeat","background-position":"center center","background-size":"auto","background-attachment":"scroll","background-type":"","background-media":"","overlay-type":"","overlay-color":"","overlay-opacity":"","overlay-gradient":""}},"ast-content-background-meta":{"desktop":{"background-color":"var(--ast-global-color-5)","background-image":"","background-repeat":"repeat","background-position":"center center","background-size":"auto","background-attachment":"scroll","background-type":"","background-media":"","overlay-type":"","overlay-color":"","overlay-opacity":"","overlay-gradient":""},"tablet":{"background-color":"var(--ast-global-color-5)","background-image":"","background-repeat":"repeat","background-position":"center center","background-size":"auto","background-attachment":"scroll","background-type":"","background-media":"","overlay-type":"","overlay-color":"","overlay-opacity":"","overlay-gradient":""},"mobile":{"background-color":"var(--ast-global-color-5)","background-image":"","background-repeat":"repeat","background-position":"center center","background-size":"auto","background-attachment":"scroll","background-type":"","background-media":"","overlay-type":"","overlay-color":"","overlay-opacity":"","overlay-gradient":""}},"footnotes":""},"categories":[11],"tags":[],"class_list":["post-27980","post","type-post","status-publish","format-standard","has-post-thumbnail","hentry","category-noticias"],"aioseo_notices":[],"_links":{"self":[{"href":"https:\/\/contarotacoes.com\/index.php?rest_route=\/wp\/v2\/posts\/27980","targetHints":{"allow":["GET"]}}],"collection":[{"href":"https:\/\/contarotacoes.com\/index.php?rest_route=\/wp\/v2\/posts"}],"about":[{"href":"https:\/\/contarotacoes.com\/index.php?rest_route=\/wp\/v2\/types\/post"}],"author":[{"embeddable":true,"href":"https:\/\/contarotacoes.com\/index.php?rest_route=\/wp\/v2\/users\/2"}],"replies":[{"embeddable":true,"href":"https:\/\/contarotacoes.com\/index.php?rest_route=%2Fwp%2Fv2%2Fcomments&post=27980"}],"version-history":[{"count":1,"href":"https:\/\/contarotacoes.com\/index.php?rest_route=\/wp\/v2\/posts\/27980\/revisions"}],"predecessor-version":[{"id":27982,"href":"https:\/\/contarotacoes.com\/index.php?rest_route=\/wp\/v2\/posts\/27980\/revisions\/27982"}],"wp:featuredmedia":[{"embeddable":true,"href":"https:\/\/contarotacoes.com\/index.php?rest_route=\/wp\/v2\/media\/27981"}],"wp:attachment":[{"href":"https:\/\/contarotacoes.com\/index.php?rest_route=%2Fwp%2Fv2%2Fmedia&parent=27980"}],"wp:term":[{"taxonomy":"category","embeddable":true,"href":"https:\/\/contarotacoes.com\/index.php?rest_route=%2Fwp%2Fv2%2Fcategories&post=27980"},{"taxonomy":"post_tag","embeddable":true,"href":"https:\/\/contarotacoes.com\/index.php?rest_route=%2Fwp%2Fv2%2Ftags&post=27980"}],"curies":[{"name":"wp","href":"https:\/\/api.w.org\/{rel}","templated":true}]}}