{"id":27888,"date":"2026-04-24T12:37:19","date_gmt":"2026-04-24T12:37:19","guid":{"rendered":"https:\/\/contarotacoes.com\/?p=27888"},"modified":"2026-04-24T12:37:19","modified_gmt":"2026-04-24T12:37:19","slug":"comeca-a-acao-porsche-sprint-challenge-iberica-arranca-em-monteblanco","status":"publish","type":"post","link":"https:\/\/contarotacoes.com\/?p=27888","title":{"rendered":"Come\u00e7a a a\u00e7\u00e3o: Porsche Sprint Challenge Ib\u00e9rica arranca em Monteblanco"},"content":{"rendered":"<p style=\"text-align: justify;\">A Porsche Sprint Challenge Ib\u00e9rica d\u00e1 in\u00edcio \u00e0 temporada de 2026 no Circuito de Monteblanco, em Huelva, com uma grelha marcada pela diversidade internacional, pela qualidade competitiva e por uma forte presen\u00e7a de novos talentos, num fim de semana que assinala o arranque da quarta \u00e9poca da competi\u00e7\u00e3o organizada pela P21 Motorsport, com chancela oficial da Porsche Motorsport.<br \/>\nA ronda inaugural re\u00fane 20 pilotos de oito nacionalidades distintas, provenientes de tr\u00eas continentes, distribu\u00eddos por oito equipas \u2014 n\u00fameros que refletem o crescimento sustentado da competi\u00e7\u00e3o e o refor\u00e7o da sua proje\u00e7\u00e3o internacional no universo das competi\u00e7\u00f5es monomarca Porsche.<br \/>\nEm pista, o programa competitivo apresenta um formato intenso e exigente. O s\u00e1bado ser\u00e1 dedicado \u00e0s sess\u00f5es de treinos livres e \u00e0s duas sess\u00f5es de qualifica\u00e7\u00e3o que ir\u00e3o definir as grelhas de partida, enquanto o domingo concentra toda a a\u00e7\u00e3o com quatro corridas sprint, cada uma com a dura\u00e7\u00e3o de 20 minutos mais uma volta. Um formato que privilegia a consist\u00eancia, a capacidade de adapta\u00e7\u00e3o e a gest\u00e3o estrat\u00e9gica ao longo de um dia de competi\u00e7\u00e3o particularmente exigente.<br \/>\nEste arranque de temporada fica ainda marcado por um importante refor\u00e7o da visibilidade medi\u00e1tica do campeonato. Todas as corridas ser\u00e3o transmitidas em direto no canal V+, em sinal aberto, assegurando um alcance alargado junto do p\u00fablico, complementado por transmiss\u00e3o em livestreaming em diversas plataformas digitais, ampliando a exposi\u00e7\u00e3o de pilotos, equipas e parceiros.<br \/>\nDo ponto de vista desportivo, as aten\u00e7\u00f5es centram-se naturalmente na Categoria 2, reservada aos Porsche 992 GT3 Cup, que volta a assumir o papel de categoria principal e re\u00fane a maior parte da grelha.<br \/>\nEntre os candidatos \u00e0 luta pelas vit\u00f3rias e pelo t\u00edtulo destacam-se nomes como a dupla da GT Corse formada por Borja Garc\u00eda e Alejandro Barambio, que j\u00e1 demonstraram nas \u00faltimas temporadas capacidade para vencer de forma consistente.<br \/>\nA oposi\u00e7\u00e3o surge de v\u00e1rios quadrantes. Desde pilotos como Jos\u00e9 Barros, da AF Motorsport, a uma nova gera\u00e7\u00e3o que cruza pilotos j\u00e1 consagrados com jovens talentos e rookies que entram no campeonato com ambi\u00e7\u00e3o de se afirmar rapidamente. Entre eles, destacam-se Leandro Martins, da LMR Motorsport, Patrick Cunha e Jorge Rodrigues, da Veloso Motorsport, bem como Miguel Lobo, que regressa com a RGB Racing Team, agora ao lado do rookie M\u00e1rio Reyford Ferreira.<br \/>\nNa LOB Motorsport, a dupla formada por Henrique Cruz e Duarte Camelo \u00e9 igualmente uma das que poder\u00e1 dar que falar. Dois jovens pilotos r\u00e1pidos e talentosos que dever\u00e3o intrometer-se na luta pelas vit\u00f3rias e pelo t\u00edtulo. O mesmo se poder\u00e1 dizer de pilotos como Jo\u00e3o Macedo Silva, \u00c1lvaro Bajo, Gildardo Herrera, Asier Gorostiza e Diego Carrascal.<\/p>\n<p style=\"text-align: justify;\">No fundo, praticamente todo o pelot\u00e3o da Categoria 2 apresenta argumentos para lutar pelos lugares da frente, n\u00e3o s\u00f3 na classifica\u00e7\u00e3o geral como tamb\u00e9m nas diferentes classes. Em 2026, estar\u00e3o em pista tr\u00eas classes, Silver, Bronze e GD, esta \u00faltima reservada a pilotos com mais de 45 anos, sendo expect\u00e1vel uma disputa particularmente intensa nas classes Silver e Bronze.<br \/>\nOutro dos focos de interesse estar\u00e1 na Ladies Cup, onde a campe\u00e3 em t\u00edtulo Francisca \u201cKika\u201d Queiroz regressa determinada em defender o trof\u00e9u. Pela frente ter\u00e1 uma concorr\u00eancia forte, nomeadamente de Mar\u00eda S\u00e1nchez Iglesias e Chloe Grant, a que se junta a estreia da jovem Flame Airikkala, refor\u00e7ando o n\u00edvel competitivo e internacional da competi\u00e7\u00e3o feminina. Mar\u00eda S\u00e1nchez Iglesias ser\u00e1 a \u00fanica representante na Categoria 1, podendo assim somar pontos importantes no circuito andaluz.<br \/>\nO Circuito de Monteblanco, localizado em Huelva, apresenta-se como um palco exigente para este arranque de temporada. Com cerca de 4,4 quil\u00f3metros de extens\u00e3o e um tra\u00e7ado t\u00e9cnico que combina zonas r\u00e1pidas com curvas mais lentas e t\u00e9cnicas, coloca \u00e0 prova a precis\u00e3o e a consist\u00eancia dos pilotos, sendo tradicionalmente prop\u00edcio a corridas intensas e disputadas.<br \/>\nPara Jos\u00e9 Monroy, Series Manager da Porsche Sprint Challenge Ib\u00e9rica, este arranque de temporada reflete o momento de crescimento da competi\u00e7\u00e3o: \u201cEntramos na temporada de 2026 com uma grelha muito forte e extremamente competitiva. Monteblanco ser\u00e1 um excelente teste para pilotos e equipas, num formato exigente que valoriza a consist\u00eancia e a capacidade de adapta\u00e7\u00e3o. Ao mesmo tempo, o refor\u00e7o da visibilidade medi\u00e1tica, com transmiss\u00e3o em canal aberto e em plataformas digitais, representa um passo muito importante para o campeonato. Temos todas as condi\u00e7\u00f5es para uma \u00e9poca de grande n\u00edvel dentro e fora de pista.\u201d<br \/>\nCom um enquadramento competitivo s\u00f3lido, uma grelha diversificada e uma proje\u00e7\u00e3o medi\u00e1tica refor\u00e7ada, a Porsche Sprint Challenge Ib\u00e9rica inicia em Monteblanco uma temporada que se antecipa intensa, equilibrada e alinhada com os mais elevados padr\u00f5es do Porsche Motorsport.<\/p>\n","protected":false},"excerpt":{"rendered":"<p>A Porsche Sprint Challenge Ib\u00e9rica d\u00e1 in\u00edcio \u00e0 temporada de 2026 no Circuito de Monteblanco, em Huelva, com uma grelha marcada pela diversidade internacional, pela qualidade competitiva e por uma forte presen\u00e7a de novos talentos, num fim de semana que assinala o arranque da quarta \u00e9poca da competi\u00e7\u00e3o organizada pela P21 Motorsport, com chancela oficial [&hellip;]<\/p>\n","protected":false},"author":2,"featured_media":27889,"comment_status":"open","ping_status":"open","sticky":false,"template":"","format":"standard","meta":{"_editorskit_title_hidden":false,"_editorskit_reading_time":0,"_editorskit_is_block_options_detached":false,"_editorskit_block_options_position":"{}","om_disable_all_campaigns":false,"_monsterinsights_skip_tracking":false,"_monsterinsights_sitenote_active":false,"_monsterinsights_sitenote_note":"","_monsterinsights_sitenote_category":0,"_uf_show_specific_survey":0,"_uf_disable_surveys":false,"site-sidebar-layout":"default","site-content-layout":"","ast-site-content-layout":"default","site-content-style":"default","site-sidebar-style":"default","ast-global-header-display":"","ast-banner-title-visibility":"","ast-main-header-display":"","ast-hfb-above-header-display":"","ast-hfb-below-header-display":"","ast-hfb-mobile-header-display":"","site-post-title":"","ast-breadcrumbs-content":"","ast-featured-img":"","footer-sml-layout":"","theme-transparent-header-meta":"default","adv-header-id-meta":"","stick-header-meta":"default","header-above-stick-meta":"","header-main-stick-meta":"","header-below-stick-meta":"","astra-migrate-meta-layouts":"set","ast-page-background-enabled":"default","ast-page-background-meta":{"desktop":{"background-color":"","background-image":"","background-repeat":"repeat","background-position":"center center","background-size":"auto","background-attachment":"scroll","background-type":"","background-media":"","overlay-type":"","overlay-color":"","overlay-opacity":"","overlay-gradient":""},"tablet":{"background-color":"","background-image":"","background-repeat":"repeat","background-position":"center center","background-size":"auto","background-attachment":"scroll","background-type":"","background-media":"","overlay-type":"","overlay-color":"","overlay-opacity":"","overlay-gradient":""},"mobile":{"background-color":"","background-image":"","background-repeat":"repeat","background-position":"center center","background-size":"auto","background-attachment":"scroll","background-type":"","background-media":"","overlay-type":"","overlay-color":"","overlay-opacity":"","overlay-gradient":""}},"ast-content-background-meta":{"desktop":{"background-color":"var(--ast-global-color-5)","background-image":"","background-repeat":"repeat","background-position":"center center","background-size":"auto","background-attachment":"scroll","background-type":"","background-media":"","overlay-type":"","overlay-color":"","overlay-opacity":"","overlay-gradient":""},"tablet":{"background-color":"var(--ast-global-color-5)","background-image":"","background-repeat":"repeat","background-position":"center center","background-size":"auto","background-attachment":"scroll","background-type":"","background-media":"","overlay-type":"","overlay-color":"","overlay-opacity":"","overlay-gradient":""},"mobile":{"background-color":"var(--ast-global-color-5)","background-image":"","background-repeat":"repeat","background-position":"center center","background-size":"auto","background-attachment":"scroll","background-type":"","background-media":"","overlay-type":"","overlay-color":"","overlay-opacity":"","overlay-gradient":""}},"footnotes":""},"categories":[11],"tags":[],"class_list":["post-27888","post","type-post","status-publish","format-standard","has-post-thumbnail","hentry","category-noticias"],"aioseo_notices":[],"_links":{"self":[{"href":"https:\/\/contarotacoes.com\/index.php?rest_route=\/wp\/v2\/posts\/27888","targetHints":{"allow":["GET"]}}],"collection":[{"href":"https:\/\/contarotacoes.com\/index.php?rest_route=\/wp\/v2\/posts"}],"about":[{"href":"https:\/\/contarotacoes.com\/index.php?rest_route=\/wp\/v2\/types\/post"}],"author":[{"embeddable":true,"href":"https:\/\/contarotacoes.com\/index.php?rest_route=\/wp\/v2\/users\/2"}],"replies":[{"embeddable":true,"href":"https:\/\/contarotacoes.com\/index.php?rest_route=%2Fwp%2Fv2%2Fcomments&post=27888"}],"version-history":[{"count":1,"href":"https:\/\/contarotacoes.com\/index.php?rest_route=\/wp\/v2\/posts\/27888\/revisions"}],"predecessor-version":[{"id":27890,"href":"https:\/\/contarotacoes.com\/index.php?rest_route=\/wp\/v2\/posts\/27888\/revisions\/27890"}],"wp:featuredmedia":[{"embeddable":true,"href":"https:\/\/contarotacoes.com\/index.php?rest_route=\/wp\/v2\/media\/27889"}],"wp:attachment":[{"href":"https:\/\/contarotacoes.com\/index.php?rest_route=%2Fwp%2Fv2%2Fmedia&parent=27888"}],"wp:term":[{"taxonomy":"category","embeddable":true,"href":"https:\/\/contarotacoes.com\/index.php?rest_route=%2Fwp%2Fv2%2Fcategories&post=27888"},{"taxonomy":"post_tag","embeddable":true,"href":"https:\/\/contarotacoes.com\/index.php?rest_route=%2Fwp%2Fv2%2Ftags&post=27888"}],"curies":[{"name":"wp","href":"https:\/\/api.w.org\/{rel}","templated":true}]}}