{"id":26030,"date":"2026-03-16T13:26:00","date_gmt":"2026-03-16T13:26:00","guid":{"rendered":"https:\/\/contarotacoes.com\/?p=26030"},"modified":"2026-03-16T13:26:00","modified_gmt":"2026-03-16T13:26:00","slug":"rali-cidade-termal-abre-as-hostilidades-no-panorama-nacional","status":"publish","type":"post","link":"https:\/\/contarotacoes.com\/?p=26030","title":{"rendered":"Rali Cidade termal abre as \u201chostilidades\u201d no panorama nacional"},"content":{"rendered":"<p style=\"text-align: justify;\"><strong>O Termas Motorfest e o Rali Cidade Termal, primeira prova em termos nacionais e e regionais da presente temporada, foram esta sexta-feira apresentadas, destacando-se por um percurso de sete especiais, com 63,56 quil\u00f3metros cronometrados, em pisos de asfalto, na estrada nos pr\u00f3ximos dias 28 e 29 de mar\u00e7o.<\/strong><\/p>\n<p style=\"text-align: justify;\">Com um tra\u00e7ado similar ao do ano passado, o Rali Cidade Termal volta a invar, em que a grande novidade da edi\u00e7\u00e3o deste ano \u00e9 a especial Senhora da Guia, uma classificativa totalmente in\u00e9dita a desenvolver por dupla passagem ao longo de 7,31 km, a realizar na manh\u00e3 de domingo, dia 29 do corrente m\u00eas.<\/p>\n<p style=\"text-align: justify;\">Al\u00e9m de outras individualidades civis, militares e bombeiros, marcaram presen\u00e7a na apresenta\u00e7\u00e3o Telmo Sim\u00f5es (Travocar), Pedro Ribeiro (Clube Autom\u00f3vel de Viseu), Pedro Mouro (presidente da C\u00e2mara Municipal de S\u00e3o Pedro do Sul), Jos\u00e9 Correia (Promolaf\u00f5es ) e Marta Neves (diretora de prova).<\/p>\n<p style=\"text-align: justify;\">A competi\u00e7\u00e3o, com base em S\u00e3o Pedro do Sul, destaca-se por etapas t\u00e9cnicas e r\u00e1pidas, com Jos\u00e9 Correia a mencionar que \u00abos territ\u00f3rios afirmam-se quando valorizam a sua identidade, mobilizam a comunidade e projetam os seus recursos para o futuro\u00bb.<\/p>\n<p style=\"text-align: justify;\">Ainda de acordo com o respons\u00e1vel da Promolaf\u00f5es, o Termas Motorfest e o Rali Cidade Termal t\u00eam-se assegurado o sucesso intr\u00ednseco, demonstrando como as tradi\u00e7\u00f5es locais podem ser tamb\u00e9m um instrumento de promo\u00e7\u00e3o territorial, dinamiza\u00e7\u00e3o econ\u00f3mica e refor\u00e7o da coes\u00e3o comunit\u00e1ria\u00bb.<\/p>\n<p style=\"text-align: justify;\">Relativamente ao Promolaf\u00f5es Rali Cup by Castrol Travocar, Jos\u00e9 Correia sublinhou que, \u00abmais que um projeto, \u00e9 uma s\u00e9rie de provas que privilegia a responsabilidade social, ambiental e econ\u00f3mica\u00bb, destacando que se trata j\u00e1 de \u00abum marco relevante para os pilotos, navegadores e respetivas equipas, sobretudo pela veem\u00eancia com que se apresenta\u00bb.<\/p>\n<p style=\"text-align: justify;\">S\u00e3o Pedro do Sul e o Termas Motorfest s\u00e3o indissoci\u00e1veis, na medida em que a prova a desenrolar na prov\u00edncia da Beira Alta, regi\u00e3o do Centro e sub-regi\u00e3o do D\u00e3o-Laf\u00f5es, \u00e9 j\u00e1 um marco para todos os que apreciam verdadeiramente o desporto motorizado e os ralis em particular.<\/p>\n<p style=\"text-align: justify;\">Com o regresso pelo quinto ano consecutivo do Rali Cidade Termal a S\u00e3o Pedro do Sul, impulsiona a economia local, mas tamb\u00e9m o reconhecimento regional e nacional, destacando-se, de forma leg\u00edtima, a C\u00e2mara Municipal e a Promolaf\u00f5es, numa uni\u00e3o fundamental que privilegia o trabalho de todos, de modo a criar condi\u00e7\u00f5es para que a paix\u00e3o pelo a competi\u00e7\u00e3o continue a evidenciar-se de ano para ano.<\/p>\n<p style=\"text-align: justify;\">O duplo evento foi apresentado oficialmente, em que o Termas Motorfest, em pleno cora\u00e7\u00e3o de S\u00e3o Pedro do Sul, continua a \u201cbombear\u201d, antecipadamente, energia e muita emo\u00e7\u00e3o em redor do Rali Cidade Termal.<\/p>\n<p style=\"text-align: justify;\">Pedro Mouro, presidente da C\u00e2mara Municipal de S\u00e3o Pedro do Sul, destaca que, no concelho, \u00abtal como na edi\u00e7\u00e3o anterior, o Termas Motorfest e o Rali Cidade Termal voltam a reunir os condimentos imprescind\u00edveis para acolher alguns dos melhores pilotos nacionais que v\u00e3o evoluir nas especiais de elei\u00e7\u00e3o nas \u201cMontanhas M\u00e1gicas\u201d para g\u00e1udio dos espectadores, locais e visitantes em geral\u00bb.<\/p>\n<p style=\"text-align: justify;\">A apresenta\u00e7\u00e3o da quarta edi\u00e7\u00e3o do Rali Cidade Termal, inserido no Termas Motorfest, \u00e9 pontu\u00e1vel para o Campeonato Centro de Ralis, Campeonato Centro 2RM de Ralis e Promolaf\u00f5es Rali Cup by Castrol Travocar, envolvendo sete provas especiais de classifica\u00e7\u00e3o, duas no s\u00e1bado (dia 28) e cinco no domingo (dia 29).<\/p>\n<p style=\"text-align: justify;\">Telmo Sim\u00f5es, administrador da Travocar, destacou o \u00abtrabalho desenvolvido pela Promolaf\u00f5es, mas os verdadeiros her\u00f3is s\u00e3o os pilotos e as respetivas equipas\u00bb. \u00abQuando os ralis s\u00e3o competitivos e atraem as pessoas, pelo espet\u00e1culo e adrenalina, esses fatores que nos facilitam um pouco, por sermos agentes econ\u00f3micos, porque estamos a ver o pin\u00e1culo da nossa atividade, potenciando a Travocar porque trazemos para o terreno os nossos clientes\u00bb, enfatizou.<\/p>\n<p style=\"text-align: justify;\">Por seu turno, Pedro Ribeiro, em representa\u00e7\u00e3o do Clube Autom\u00f3vel do Centro, destacou que os 38 anos de exerc\u00edcio do clube, \u00abprocurando dar um grande dinamismo ao trabalho desenvolvido\u00bb, sem descurar a vertente meramente desportiva, \u00abmas tamb\u00e9m o envolvimento neste evento, com particular destaque \u00e0s Termas de S\u00e3o Pedro do Sul, que vai para al\u00e9m do cap\u00edtulo classificativo em termos desportivo\u00bb.<\/p>\n<p style=\"text-align: justify;\">Marta Neves, diretora de prova, \u201cretalhou\u201d pormenorizadamente a prova, come\u00e7ando por destacar que o Rali Cidade Termal \u00abtem apresentado resultados extremamente positivos, seja na capta\u00e7\u00e3o de p\u00fablico, de visionamento na comunica\u00e7\u00e3o social, seja na cria\u00e7\u00e3o de rendimento para o territ\u00f3rio da regi\u00e3o\u00bb.<\/p>\n<p style=\"text-align: justify;\">O Rali Cidade Termal, da responsabilidade do Clube Autom\u00f3vel de Viseu e promovido pela Promolaf\u00f5es, a primeira sec\u00e7\u00e3o da etapa inaugural corre-se entre as 19h22 de s\u00e1bado (dia 28 de mar\u00e7o) e as 15h38 de domingo (29 de mar\u00e7o, contemplando um percurso total de 143,77 quil\u00f3metros<\/p>\n<p style=\"text-align: justify;\">Destes, 63,56 quil\u00f3metros s\u00e3o cronometrados, assim divididos por sete especiais: no s\u00e1bado, com partida \u00e0s 19h22 do parque fechado, no \u00e1trio do Munic\u00edpio de S\u00e3o Pedro do Sul, a especial inaugural, AQVA Termas (5,51 km) ter\u00e1 lugar \u00e0s 20h00, com a segunda passagem marcada para as 21h03, com o regresso ao parque fechado agendado para as 22h16.<\/p>\n<p style=\"text-align: justify;\">No domingo, ap\u00f3s a partida dom primeiro piloto do parque fechado \u00e0s 9h00 e visita ao parque de assist\u00eancia, segue-se dupla passagem por Senhora da Guia (7,31 km), \u00e0s 9h30 e 11h10, e a primeira passagem por Pedra Escrita (12,64 km), pelas 10h20.<\/p>\n<p style=\"text-align: justify;\">O per\u00edodo da tarde contempla mais duas passagens pelos 12,64 km de Pedra Escrita, \u00e0s 13h33 e 14h53, com as viaturas a entrar no parque fechado, mas desta vez nas Termas de S\u00e3o Pedro do Sul.<\/p>\n<p style=\"text-align: justify;\">Refira-se que a competi\u00e7\u00e3o da Promolaf\u00f5es Rali Cup by Castrol Travocar, na estrada pelo segundo ano consecutivo e com o foco na reten\u00e7\u00e3o do talento e valoriza\u00e7\u00e3o do desempenho dos pilotos que integram o conjunto de quatro competi\u00e7\u00f5es em agenda para 2026, contempla o Rali Cidade Termal, Rali Espumante do D\u00e3o, Const\u00e1lica Rallye Viseu D\u00e3o Laf\u00f5es e \u00c1gueda Rali Travocar.<\/p>\n<p style=\"text-align: justify;\">Para esta temporada, a grande novidade prende-se com a cria\u00e7\u00e3o da Super Classe, categoria que permite a todas as viaturas a participar na Promolaf\u00f5es Rali Cup by Castrol Travocar, as quais s\u00e3o objeto de classifica\u00e7\u00e3o e premiadas. Nesta categoria entram os ve\u00edculos n\u00e3o eleg\u00edveis ao Campeonato Centro de Ralis, designadamente GT, Rally2, R5 homologados e Rally4.<\/p>\n<p style=\"text-align: justify;\">Para as restantes divis\u00f5es admitidas fazem parte integrante da Promolaf\u00f5es Rali Cup by Castrol Travocar a Geral, 4 Rodas Motrizes (4RM), 2000cc (todas de 1600cc para cima), 1600 (para viaturas entre 1400cc e 1600cc) e 1400cc (cilindrada at\u00e9 1400cc).<\/p>\n<p style=\"text-align: justify;\">Haver\u00e1, tamb\u00e9m, o Pr\u00e9mio \u201cTop Speed\u201d, a atribuir ao piloto que ven\u00e7a mais especiais nos quatro ralis em agenda, assim como a \u201cEspecial Plus\u201d, que atribui 3 pontos, sistema de pontua\u00e7\u00e3o por prova. Finalmente, o pr\u00e9mio a entregar a cada uma das categorias \u00e9 concedido sobre a forma de um \u201cvoucher\u201d de desconto na pr\u00f3xima inscri\u00e7\u00e3o da Promolaf\u00f5es Rali Cup by Castrol Travocar: 175 euros para o primeiro classificado; 125 euros para o segundo; e 75 para o terceiro.<\/p>\n","protected":false},"excerpt":{"rendered":"<p>O Termas Motorfest e o Rali Cidade Termal, primeira prova em termos nacionais e e regionais da presente temporada, foram esta sexta-feira apresentadas, destacando-se por um percurso de sete especiais, com 63,56 quil\u00f3metros cronometrados, em pisos de asfalto, na estrada nos pr\u00f3ximos dias 28 e 29 de mar\u00e7o. Com um tra\u00e7ado similar ao do ano [&hellip;]<\/p>\n","protected":false},"author":2,"featured_media":26031,"comment_status":"open","ping_status":"open","sticky":false,"template":"","format":"standard","meta":{"_editorskit_title_hidden":false,"_editorskit_reading_time":0,"_editorskit_is_block_options_detached":false,"_editorskit_block_options_position":"{}","om_disable_all_campaigns":false,"_monsterinsights_skip_tracking":false,"_monsterinsights_sitenote_active":false,"_monsterinsights_sitenote_note":"","_monsterinsights_sitenote_category":0,"_uf_show_specific_survey":0,"_uf_disable_surveys":false,"site-sidebar-layout":"default","site-content-layout":"","ast-site-content-layout":"default","site-content-style":"default","site-sidebar-style":"default","ast-global-header-display":"","ast-banner-title-visibility":"","ast-main-header-display":"","ast-hfb-above-header-display":"","ast-hfb-below-header-display":"","ast-hfb-mobile-header-display":"","site-post-title":"","ast-breadcrumbs-content":"","ast-featured-img":"","footer-sml-layout":"","theme-transparent-header-meta":"default","adv-header-id-meta":"","stick-header-meta":"default","header-above-stick-meta":"","header-main-stick-meta":"","header-below-stick-meta":"","astra-migrate-meta-layouts":"set","ast-page-background-enabled":"default","ast-page-background-meta":{"desktop":{"background-color":"","background-image":"","background-repeat":"repeat","background-position":"center center","background-size":"auto","background-attachment":"scroll","background-type":"","background-media":"","overlay-type":"","overlay-color":"","overlay-opacity":"","overlay-gradient":""},"tablet":{"background-color":"","background-image":"","background-repeat":"repeat","background-position":"center center","background-size":"auto","background-attachment":"scroll","background-type":"","background-media":"","overlay-type":"","overlay-color":"","overlay-opacity":"","overlay-gradient":""},"mobile":{"background-color":"","background-image":"","background-repeat":"repeat","background-position":"center center","background-size":"auto","background-attachment":"scroll","background-type":"","background-media":"","overlay-type":"","overlay-color":"","overlay-opacity":"","overlay-gradient":""}},"ast-content-background-meta":{"desktop":{"background-color":"var(--ast-global-color-5)","background-image":"","background-repeat":"repeat","background-position":"center center","background-size":"auto","background-attachment":"scroll","background-type":"","background-media":"","overlay-type":"","overlay-color":"","overlay-opacity":"","overlay-gradient":""},"tablet":{"background-color":"var(--ast-global-color-5)","background-image":"","background-repeat":"repeat","background-position":"center center","background-size":"auto","background-attachment":"scroll","background-type":"","background-media":"","overlay-type":"","overlay-color":"","overlay-opacity":"","overlay-gradient":""},"mobile":{"background-color":"var(--ast-global-color-5)","background-image":"","background-repeat":"repeat","background-position":"center center","background-size":"auto","background-attachment":"scroll","background-type":"","background-media":"","overlay-type":"","overlay-color":"","overlay-opacity":"","overlay-gradient":""}},"footnotes":""},"categories":[11],"tags":[],"class_list":["post-26030","post","type-post","status-publish","format-standard","has-post-thumbnail","hentry","category-noticias"],"aioseo_notices":[],"_links":{"self":[{"href":"https:\/\/contarotacoes.com\/index.php?rest_route=\/wp\/v2\/posts\/26030","targetHints":{"allow":["GET"]}}],"collection":[{"href":"https:\/\/contarotacoes.com\/index.php?rest_route=\/wp\/v2\/posts"}],"about":[{"href":"https:\/\/contarotacoes.com\/index.php?rest_route=\/wp\/v2\/types\/post"}],"author":[{"embeddable":true,"href":"https:\/\/contarotacoes.com\/index.php?rest_route=\/wp\/v2\/users\/2"}],"replies":[{"embeddable":true,"href":"https:\/\/contarotacoes.com\/index.php?rest_route=%2Fwp%2Fv2%2Fcomments&post=26030"}],"version-history":[{"count":1,"href":"https:\/\/contarotacoes.com\/index.php?rest_route=\/wp\/v2\/posts\/26030\/revisions"}],"predecessor-version":[{"id":26032,"href":"https:\/\/contarotacoes.com\/index.php?rest_route=\/wp\/v2\/posts\/26030\/revisions\/26032"}],"wp:featuredmedia":[{"embeddable":true,"href":"https:\/\/contarotacoes.com\/index.php?rest_route=\/wp\/v2\/media\/26031"}],"wp:attachment":[{"href":"https:\/\/contarotacoes.com\/index.php?rest_route=%2Fwp%2Fv2%2Fmedia&parent=26030"}],"wp:term":[{"taxonomy":"category","embeddable":true,"href":"https:\/\/contarotacoes.com\/index.php?rest_route=%2Fwp%2Fv2%2Fcategories&post=26030"},{"taxonomy":"post_tag","embeddable":true,"href":"https:\/\/contarotacoes.com\/index.php?rest_route=%2Fwp%2Fv2%2Ftags&post=26030"}],"curies":[{"name":"wp","href":"https:\/\/api.w.org\/{rel}","templated":true}]}}