{"id":26027,"date":"2026-03-16T13:20:52","date_gmt":"2026-03-16T13:20:52","guid":{"rendered":"https:\/\/contarotacoes.com\/?p=26027"},"modified":"2026-03-16T13:20:52","modified_gmt":"2026-03-16T13:20:52","slug":"mg-portugal-destaca-se-no-oeiras-eco-rally-2026-com-varios-podios-e-forte-presenca-em-competicao","status":"publish","type":"post","link":"https:\/\/contarotacoes.com\/?p=26027","title":{"rendered":"MG Portugal destaca-se no Oeiras Eco Rally 2026 com v\u00e1rios p\u00f3dios e forte presen\u00e7a em competi\u00e7\u00e3o"},"content":{"rendered":"<ul>\n<li style=\"font-weight: 400; text-align: justify;\"><strong>Top 5 do General Energy Performance Index com duas equipas da MG<\/strong><\/li>\n<\/ul>\n<p style=\"font-weight: 400; text-align: justify;\">A MG Portugal marcou presen\u00e7a no Oeiras Eco Rally 2026, uma das provas de regularidade e efici\u00eancia energ\u00e9tica mais relevantes do panorama nacional para ve\u00edculos eletrificados, refor\u00e7ando o seu compromisso com a mobilidade el\u00e9trica e com a demonstra\u00e7\u00e3o, em condi\u00e7\u00f5es reais, da efici\u00eancia dos seus modelos.<\/p>\n<p style=\"font-weight: 400; text-align: justify;\">Nesta edi\u00e7\u00e3o, a marca esteve representada por oito viaturas, numa participa\u00e7\u00e3o que evidenciou a diversidade da gama el\u00e9trica MG: tr\u00eas MG Cyberster, um MGS5 EV e quatro MGS6 EV.<\/p>\n<p style=\"font-weight: 400; text-align: justify;\">Um dos grandes destaques da participa\u00e7\u00e3o da marca surgiu no General Energy Performance Index, onde a MG conquistou dois lugares no Top 5, ambos alcan\u00e7ados por pilotos n\u00e3o profissionais ao volante do novo MGS6 EV, sublinhando a efici\u00eancia e facilidade de utiliza\u00e7\u00e3o do modelo em contexto real de condu\u00e7\u00e3o.<\/p>\n<p style=\"font-weight: 400; text-align: justify;\">A 3.\u00aa posi\u00e7\u00e3o foi conquistada pela dupla Nelson Lagoa e Emanuel Louren\u00e7o, da MCoutinho BomCar Coimbra, enquanto o 5.\u00ba lugar foi alcan\u00e7ado pela dupla M\u00e1rio Ferreira e Duarte Quina, que representou a Car Atl\u00e2ntica. Estes resultados demonstram a competitividade do MG S6 EV numa prova onde a gest\u00e3o de energia e a consist\u00eancia de condu\u00e7\u00e3o s\u00e3o fatores determinantes.<\/p>\n<p style=\"font-weight: 400; text-align: justify;\">O MG Cyberster GT, o roadster el\u00e9trico da marca, tamb\u00e9m esteve em evid\u00eancia ao subir ao p\u00f3dio na categoria feminina. A dupla Joana Pinto e Francisca Sim\u00f5es conquistou o 2.\u00ba lugar, refor\u00e7ando a presen\u00e7a da MG em diferentes classifica\u00e7\u00f5es da prova.<\/p>\n<p style=\"font-weight: 400; text-align: justify;\"><em>\u201cEste resultado \u00e9 motivo de grande orgulho para toda a equipa da MG em Portugal. Conseguir colocar duas equipas no Top 5 do General Energy Performance Index, com pilotos n\u00e3o profissionais, demonstra bem a efici\u00eancia dos nossos modelos el\u00e9tricos e a facilidade com que qualquer condutor pode tirar o melhor partido da tecnologia MG. Participar no Oeiras Eco Rally \u00e9 tamb\u00e9m uma forma muito concreta de mostrar, em condi\u00e7\u00f5es reais de condu\u00e7\u00e3o, o potencial da mobilidade el\u00e9trica. Para mim, teve ainda um significado especial por ter partilhado esta experi\u00eancia com o meu filho, o que tornou esta participa\u00e7\u00e3o ainda mais memor\u00e1vel.\u201d<\/em><em>\u00a0<\/em><\/p>\n<p style=\"font-weight: 400; text-align: justify;\">A participa\u00e7\u00e3o no Oeiras Eco Rally refor\u00e7a a estrat\u00e9gia da MG em Portugal de promover a mobilidade el\u00e9trica atrav\u00e9s de experi\u00eancias reais de condu\u00e7\u00e3o, demonstrando a efici\u00eancia, tecnologia e prazer de condu\u00e7\u00e3o dos seus modelos num contexto competitivo e exigente.<\/p>\n<p style=\"font-weight: 400; text-align: justify;\">Com uma presen\u00e7a expressiva em prova e v\u00e1rios resultados de destaque, a MG Portugal volta assim a afirmar-se como um dos protagonistas da mobilidade el\u00e9trica no panorama autom\u00f3vel nacional.<\/p>\n","protected":false},"excerpt":{"rendered":"<p>Top 5 do General Energy Performance Index com duas equipas da MG A MG Portugal marcou presen\u00e7a no Oeiras Eco Rally 2026, uma das provas de regularidade e efici\u00eancia energ\u00e9tica mais relevantes do panorama nacional para ve\u00edculos eletrificados, refor\u00e7ando o seu compromisso com a mobilidade el\u00e9trica e com a demonstra\u00e7\u00e3o, em condi\u00e7\u00f5es reais, da efici\u00eancia [&hellip;]<\/p>\n","protected":false},"author":2,"featured_media":26028,"comment_status":"open","ping_status":"open","sticky":false,"template":"","format":"standard","meta":{"_editorskit_title_hidden":false,"_editorskit_reading_time":0,"_editorskit_is_block_options_detached":false,"_editorskit_block_options_position":"{}","om_disable_all_campaigns":false,"_monsterinsights_skip_tracking":false,"_monsterinsights_sitenote_active":false,"_monsterinsights_sitenote_note":"","_monsterinsights_sitenote_category":0,"_uf_show_specific_survey":0,"_uf_disable_surveys":false,"site-sidebar-layout":"default","site-content-layout":"","ast-site-content-layout":"default","site-content-style":"default","site-sidebar-style":"default","ast-global-header-display":"","ast-banner-title-visibility":"","ast-main-header-display":"","ast-hfb-above-header-display":"","ast-hfb-below-header-display":"","ast-hfb-mobile-header-display":"","site-post-title":"","ast-breadcrumbs-content":"","ast-featured-img":"","footer-sml-layout":"","theme-transparent-header-meta":"default","adv-header-id-meta":"","stick-header-meta":"default","header-above-stick-meta":"","header-main-stick-meta":"","header-below-stick-meta":"","astra-migrate-meta-layouts":"set","ast-page-background-enabled":"default","ast-page-background-meta":{"desktop":{"background-color":"","background-image":"","background-repeat":"repeat","background-position":"center center","background-size":"auto","background-attachment":"scroll","background-type":"","background-media":"","overlay-type":"","overlay-color":"","overlay-opacity":"","overlay-gradient":""},"tablet":{"background-color":"","background-image":"","background-repeat":"repeat","background-position":"center center","background-size":"auto","background-attachment":"scroll","background-type":"","background-media":"","overlay-type":"","overlay-color":"","overlay-opacity":"","overlay-gradient":""},"mobile":{"background-color":"","background-image":"","background-repeat":"repeat","background-position":"center center","background-size":"auto","background-attachment":"scroll","background-type":"","background-media":"","overlay-type":"","overlay-color":"","overlay-opacity":"","overlay-gradient":""}},"ast-content-background-meta":{"desktop":{"background-color":"var(--ast-global-color-5)","background-image":"","background-repeat":"repeat","background-position":"center center","background-size":"auto","background-attachment":"scroll","background-type":"","background-media":"","overlay-type":"","overlay-color":"","overlay-opacity":"","overlay-gradient":""},"tablet":{"background-color":"var(--ast-global-color-5)","background-image":"","background-repeat":"repeat","background-position":"center center","background-size":"auto","background-attachment":"scroll","background-type":"","background-media":"","overlay-type":"","overlay-color":"","overlay-opacity":"","overlay-gradient":""},"mobile":{"background-color":"var(--ast-global-color-5)","background-image":"","background-repeat":"repeat","background-position":"center center","background-size":"auto","background-attachment":"scroll","background-type":"","background-media":"","overlay-type":"","overlay-color":"","overlay-opacity":"","overlay-gradient":""}},"footnotes":""},"categories":[11],"tags":[],"class_list":["post-26027","post","type-post","status-publish","format-standard","has-post-thumbnail","hentry","category-noticias"],"aioseo_notices":[],"_links":{"self":[{"href":"https:\/\/contarotacoes.com\/index.php?rest_route=\/wp\/v2\/posts\/26027","targetHints":{"allow":["GET"]}}],"collection":[{"href":"https:\/\/contarotacoes.com\/index.php?rest_route=\/wp\/v2\/posts"}],"about":[{"href":"https:\/\/contarotacoes.com\/index.php?rest_route=\/wp\/v2\/types\/post"}],"author":[{"embeddable":true,"href":"https:\/\/contarotacoes.com\/index.php?rest_route=\/wp\/v2\/users\/2"}],"replies":[{"embeddable":true,"href":"https:\/\/contarotacoes.com\/index.php?rest_route=%2Fwp%2Fv2%2Fcomments&post=26027"}],"version-history":[{"count":1,"href":"https:\/\/contarotacoes.com\/index.php?rest_route=\/wp\/v2\/posts\/26027\/revisions"}],"predecessor-version":[{"id":26029,"href":"https:\/\/contarotacoes.com\/index.php?rest_route=\/wp\/v2\/posts\/26027\/revisions\/26029"}],"wp:featuredmedia":[{"embeddable":true,"href":"https:\/\/contarotacoes.com\/index.php?rest_route=\/wp\/v2\/media\/26028"}],"wp:attachment":[{"href":"https:\/\/contarotacoes.com\/index.php?rest_route=%2Fwp%2Fv2%2Fmedia&parent=26027"}],"wp:term":[{"taxonomy":"category","embeddable":true,"href":"https:\/\/contarotacoes.com\/index.php?rest_route=%2Fwp%2Fv2%2Fcategories&post=26027"},{"taxonomy":"post_tag","embeddable":true,"href":"https:\/\/contarotacoes.com\/index.php?rest_route=%2Fwp%2Fv2%2Ftags&post=26027"}],"curies":[{"name":"wp","href":"https:\/\/api.w.org\/{rel}","templated":true}]}}