{"id":26024,"date":"2026-03-16T13:15:58","date_gmt":"2026-03-16T13:15:58","guid":{"rendered":"https:\/\/contarotacoes.com\/?p=26024"},"modified":"2026-03-16T13:15:58","modified_gmt":"2026-03-16T13:15:58","slug":"equipa-wingmotor-honda-participa-no-rally-raid-portugal","status":"publish","type":"post","link":"https:\/\/contarotacoes.com\/?p=26024","title":{"rendered":"Equipa Wingmotor Honda participa no Rally Raid Portugal"},"content":{"rendered":"<ul>\n<li style=\"text-align: justify;\"><strong>Irm\u00e3os Amaral v\u00e3o lutar pela vit\u00f3ria em Rally 3<\/strong><\/li>\n<\/ul>\n<p style=\"text-align: justify;\">A equipa Wingmotor Honda vai marcar presen\u00e7a na pr\u00f3xima edi\u00e7\u00e3o do bp Ultimate Rally Raid Portugal, prova organizada pelo Autom\u00f3vel Clube de Portugal, que se disputa de 17 e 22 de mar\u00e7o. A forma\u00e7\u00e3o ser\u00e1 representada pelos irm\u00e3os Gon\u00e7alo Amaral e Salvador Amaral, que ir\u00e3o competir aos comandos das suas Honda CRF450, enfrentando alguns dos percursos mais exigentes do todo-o-terreno de Portugal e Espanha.<\/p>\n<p style=\"text-align: justify;\">Para a dupla, que na primeira edi\u00e7\u00e3o da prova Portugal integrante do W2RC conquistou o 1\u00ba e o 2\u00ba lugar Rally 3, esta participa\u00e7\u00e3o representa mais um importante desafio, numa prova que promete reunir alguns dos melhores pilotos do mundo da modalidade. O principal objetivo da equipa Wingmotor Honda para esta edi\u00e7\u00e3o passa por concluir a competi\u00e7\u00e3o, alcan\u00e7ando a melhor posi\u00e7\u00e3o poss\u00edvel.<\/p>\n<p style=\"text-align: justify;\">\u201cEstou muito contente por estar, mais uma vez, \u00e0 partida para esta corrida. Os nossos objetivos para o futuro passam por cumprir o calend\u00e1rio do Rally Raid e estamos a tentar organizar o projeto nessa dire\u00e7\u00e3o. \u00c9 sempre bom estar a competir ao lado dos grandes nomes do Rally Raid. O ano passado aconteceram-nos algumas perip\u00e9cias que vamos tentar evitar este ano e tamb\u00e9m j\u00e1 vamos ganhando alguma experi\u00eancia nesta modalidade. As expectativas s\u00e3o boas, o principal objetivo \u00e9 acabar e tentar trazer o melhor resultado poss\u00edvel\u201d, referiu no final da corrida Gon\u00e7alo Amaral.<\/p>\n<p style=\"text-align: justify;\">Tamb\u00e9m para Salvador Amaral \u201c\u00e9 uma corrida que n\u00f3s adoramos e temos a sorte de poder ser o terceiro ano consecutivo a participar. Sem d\u00favida \u00e9 a melhor corrida que passa em Portugal. Estamos muito entusiasmados, espero que este ano tenhamos um bocadinho mais a sorte do nosso lado, porque o ano passado tivemos alguns azares. Estamos bem preparados, trein\u00e1mos bastante para alinharmos bem nesta corrida. Este ano vai ser mais por aqui o nosso caminho, na na tentativa de estarmos alinhados no Rally Dakar. Vamos tentar disputar a categoria e queremos dar o nosso melhor. Convidamos toda a gente a passar por Gr\u00e2ndola para assistir a este grande espet\u00e1culo e a uma grande corrida\u201d.<\/p>\n<p style=\"text-align: justify;\">A presen\u00e7a no Rally Raid Portugal refor\u00e7a tamb\u00e9m o compromisso da equipa com a modalidade e com determina\u00e7\u00e3o e esp\u00edrito competitivo, Salvador e Gon\u00e7alo Amaral preparam-se, assim, para enfrentar seis dias intensos de corrida, representando as cores da Wingmotor Honda numa das mais importantes provas de todo-o-terreno realizadas em Portugal que \u00e9 reconhecida pela sua organiza\u00e7\u00e3o e n\u00edvel de exig\u00eancia.<\/p>\n<p style=\"text-align: justify;\">O bp Ultimate Rally Raid Portugal, organizado sob a chancela do ACP &#8211; Autom\u00f3vel Club de Portugal, ser\u00e1 a segunda competi\u00e7\u00e3o desta temporada do Campeonato do Mundo de Rally Raid, tendo sido precedida pelo Rally Dakar 2026. A prova ter\u00e1 in\u00edcio no dia 17 de mar\u00e7o e ter\u00e1 como base a vila de Gr\u00e2ndola, no distrito de Set\u00fabal. O bp Ultimate Rally Raid Portugal percorrer\u00e1, ao longo de cinco dias, pistas de Portugal e Espanha sendo realizados cerca de 1300 km cronometrados. Ser\u00e3o disputadas cinco etapas antecedidas por um pr\u00f3logo, numa competi\u00e7\u00e3o que parte de Gr\u00e2ndola, passa por Badajoz e termina em Loul\u00e9, no Algarve.<\/p>\n<p style=\"text-align: justify;\">Mais informa\u00e7\u00f5es sobre o bp Ultimate Rally Raid Portugal:\u00a0<a href=\"https:\/\/rallyraidportugal.com\/\" data-saferedirecturl=\"https:\/\/www.google.com\/url?q=https:\/\/rallyraidportugal.com&amp;source=gmail&amp;ust=1773750110915000&amp;usg=AOvVaw04rQseh7N5-7iiQEvH7kVH\">https:\/\/rallyraidportugal.com<\/a><\/p>\n<p style=\"text-align: justify;\">Quadro Oficial em Sportity com\u00a0a password:\u00a0RRPORTUGAL26FIM<\/p>\n<p style=\"text-align: justify;\">Acompanhe a equipa:<\/p>\n<p style=\"text-align: justify;\">Facebook:\u00a0<a href=\"https:\/\/www.facebook.com\/profile.php?id=100040058572689\" data-saferedirecturl=\"https:\/\/www.google.com\/url?q=https:\/\/www.facebook.com\/profile.php?id%3D100040058572689&amp;source=gmail&amp;ust=1773750110915000&amp;usg=AOvVaw1v6-q16Fu7k9P_KRXluIbJ\">Gon\u00e7alo Amaral<\/a>\u00a0\/\u00a0<a href=\"https:\/\/www.facebook.com\/salvador.bonnevilleamaral\" data-saferedirecturl=\"https:\/\/www.google.com\/url?q=https:\/\/www.facebook.com\/salvador.bonnevilleamaral&amp;source=gmail&amp;ust=1773750110915000&amp;usg=AOvVaw1Ceii6p1z-U1SQPb3YFFVI\">Salvador Amaral<\/a>\u00a0\/\u00a0<a href=\"https:\/\/www.facebook.com\/wingmotorhonda\" data-saferedirecturl=\"https:\/\/www.google.com\/url?q=https:\/\/www.facebook.com\/wingmotorhonda&amp;source=gmail&amp;ust=1773750110915000&amp;usg=AOvVaw3xFkY8UVJCbfLFyEM8QvJ_\">Wingmotor<\/a><\/p>\n","protected":false},"excerpt":{"rendered":"<p>Irm\u00e3os Amaral v\u00e3o lutar pela vit\u00f3ria em Rally 3 A equipa Wingmotor Honda vai marcar presen\u00e7a na pr\u00f3xima edi\u00e7\u00e3o do bp Ultimate Rally Raid Portugal, prova organizada pelo Autom\u00f3vel Clube de Portugal, que se disputa de 17 e 22 de mar\u00e7o. A forma\u00e7\u00e3o ser\u00e1 representada pelos irm\u00e3os Gon\u00e7alo Amaral e Salvador Amaral, que ir\u00e3o competir [&hellip;]<\/p>\n","protected":false},"author":2,"featured_media":26025,"comment_status":"open","ping_status":"open","sticky":false,"template":"","format":"standard","meta":{"_editorskit_title_hidden":false,"_editorskit_reading_time":0,"_editorskit_is_block_options_detached":false,"_editorskit_block_options_position":"{}","om_disable_all_campaigns":false,"_monsterinsights_skip_tracking":false,"_monsterinsights_sitenote_active":false,"_monsterinsights_sitenote_note":"","_monsterinsights_sitenote_category":0,"_uf_show_specific_survey":0,"_uf_disable_surveys":false,"site-sidebar-layout":"default","site-content-layout":"","ast-site-content-layout":"default","site-content-style":"default","site-sidebar-style":"default","ast-global-header-display":"","ast-banner-title-visibility":"","ast-main-header-display":"","ast-hfb-above-header-display":"","ast-hfb-below-header-display":"","ast-hfb-mobile-header-display":"","site-post-title":"","ast-breadcrumbs-content":"","ast-featured-img":"","footer-sml-layout":"","theme-transparent-header-meta":"default","adv-header-id-meta":"","stick-header-meta":"default","header-above-stick-meta":"","header-main-stick-meta":"","header-below-stick-meta":"","astra-migrate-meta-layouts":"set","ast-page-background-enabled":"default","ast-page-background-meta":{"desktop":{"background-color":"","background-image":"","background-repeat":"repeat","background-position":"center center","background-size":"auto","background-attachment":"scroll","background-type":"","background-media":"","overlay-type":"","overlay-color":"","overlay-opacity":"","overlay-gradient":""},"tablet":{"background-color":"","background-image":"","background-repeat":"repeat","background-position":"center center","background-size":"auto","background-attachment":"scroll","background-type":"","background-media":"","overlay-type":"","overlay-color":"","overlay-opacity":"","overlay-gradient":""},"mobile":{"background-color":"","background-image":"","background-repeat":"repeat","background-position":"center center","background-size":"auto","background-attachment":"scroll","background-type":"","background-media":"","overlay-type":"","overlay-color":"","overlay-opacity":"","overlay-gradient":""}},"ast-content-background-meta":{"desktop":{"background-color":"var(--ast-global-color-5)","background-image":"","background-repeat":"repeat","background-position":"center center","background-size":"auto","background-attachment":"scroll","background-type":"","background-media":"","overlay-type":"","overlay-color":"","overlay-opacity":"","overlay-gradient":""},"tablet":{"background-color":"var(--ast-global-color-5)","background-image":"","background-repeat":"repeat","background-position":"center center","background-size":"auto","background-attachment":"scroll","background-type":"","background-media":"","overlay-type":"","overlay-color":"","overlay-opacity":"","overlay-gradient":""},"mobile":{"background-color":"var(--ast-global-color-5)","background-image":"","background-repeat":"repeat","background-position":"center center","background-size":"auto","background-attachment":"scroll","background-type":"","background-media":"","overlay-type":"","overlay-color":"","overlay-opacity":"","overlay-gradient":""}},"footnotes":""},"categories":[11],"tags":[],"class_list":["post-26024","post","type-post","status-publish","format-standard","has-post-thumbnail","hentry","category-noticias"],"aioseo_notices":[],"_links":{"self":[{"href":"https:\/\/contarotacoes.com\/index.php?rest_route=\/wp\/v2\/posts\/26024","targetHints":{"allow":["GET"]}}],"collection":[{"href":"https:\/\/contarotacoes.com\/index.php?rest_route=\/wp\/v2\/posts"}],"about":[{"href":"https:\/\/contarotacoes.com\/index.php?rest_route=\/wp\/v2\/types\/post"}],"author":[{"embeddable":true,"href":"https:\/\/contarotacoes.com\/index.php?rest_route=\/wp\/v2\/users\/2"}],"replies":[{"embeddable":true,"href":"https:\/\/contarotacoes.com\/index.php?rest_route=%2Fwp%2Fv2%2Fcomments&post=26024"}],"version-history":[{"count":1,"href":"https:\/\/contarotacoes.com\/index.php?rest_route=\/wp\/v2\/posts\/26024\/revisions"}],"predecessor-version":[{"id":26026,"href":"https:\/\/contarotacoes.com\/index.php?rest_route=\/wp\/v2\/posts\/26024\/revisions\/26026"}],"wp:featuredmedia":[{"embeddable":true,"href":"https:\/\/contarotacoes.com\/index.php?rest_route=\/wp\/v2\/media\/26025"}],"wp:attachment":[{"href":"https:\/\/contarotacoes.com\/index.php?rest_route=%2Fwp%2Fv2%2Fmedia&parent=26024"}],"wp:term":[{"taxonomy":"category","embeddable":true,"href":"https:\/\/contarotacoes.com\/index.php?rest_route=%2Fwp%2Fv2%2Fcategories&post=26024"},{"taxonomy":"post_tag","embeddable":true,"href":"https:\/\/contarotacoes.com\/index.php?rest_route=%2Fwp%2Fv2%2Ftags&post=26024"}],"curies":[{"name":"wp","href":"https:\/\/api.w.org\/{rel}","templated":true}]}}