{"id":25890,"date":"2026-03-13T13:09:57","date_gmt":"2026-03-13T13:09:57","guid":{"rendered":"https:\/\/contarotacoes.com\/?p=25890"},"modified":"2026-03-13T13:09:57","modified_gmt":"2026-03-13T13:09:57","slug":"telpark-acelera-aposta-na-mobilidade-sustentavel-com-participacao-no-oeiras-eco-rally-2026","status":"publish","type":"post","link":"https:\/\/contarotacoes.com\/?p=25890","title":{"rendered":"TELPARK ACELERA APOSTA NA MOBILIDADE SUSTENT\u00c1VEL COM PARTICIPA\u00c7\u00c3O NO OEIRAS ECO RALLY 2026"},"content":{"rendered":"<ul>\n<li style=\"text-align: justify;\"><b>Empresa leva para a estrada a sua vis\u00e3o de mobilidade urbana inteligente, numa competi\u00e7\u00e3o internacional que promove a condu\u00e7\u00e3o eficiente e a transi\u00e7\u00e3o energ\u00e9tica<\/b><\/li>\n<\/ul>\n<div style=\"text-align: justify;\">A <b>Telpark<\/b>, empresa l\u00edder em gest\u00e3o de estacionamento e mobilidade urbana, participa no\u00a0<b>Eco Rally 2026<\/b>, que decorre entre os dias\u00a0<b>13 e 15 de mar\u00e7o, em Oeiras<\/b>, refor\u00e7ando o seu compromisso com a mobilidade sustent\u00e1vel e com o desenvolvimento de cidades mais eficientes e inteligentes.<\/div>\n<div style=\"text-align: justify;\">A presen\u00e7a da empresa na competi\u00e7\u00e3o surge no \u00e2mbito de uma parceria com a\u00a0<b>Vecttor<\/b>\u00a0e integra um projeto mais amplo de promo\u00e7\u00e3o da condu\u00e7\u00e3o eficiente e da mobilidade el\u00e9trica. Ao contr\u00e1rio dos rallies tradicionais, o Eco Rally distingue os participantes pela\u00a0<b>efici\u00eancia energ\u00e9tica, regularidade e respeito pelas regras de circula\u00e7\u00e3o<\/b>, valorizando uma condu\u00e7\u00e3o consciente e sustent\u00e1vel.<\/div>\n<div style=\"text-align: justify;\">Mais do que uma competi\u00e7\u00e3o autom\u00f3vel, o Eco Rally \u00e9 hoje reconhecido como uma plataforma de experimenta\u00e7\u00e3o real da mobilidade do futuro, reunindo fabricantes autom\u00f3veis, operadores de mobilidade, especialistas em ve\u00edculos el\u00e9tricos e entidades ligadas \u00e0 inova\u00e7\u00e3o no setor. Neste contexto, a participa\u00e7\u00e3o da Telpark pretende demonstrar como as\u00a0<b>infraestruturas urbanas e as solu\u00e7\u00f5es digitais podem contribuir para tornar a mobilidade mais eficiente<\/b>, reduzindo o tempo de procura de estacionamento, otimizando desloca\u00e7\u00f5es e facilitando a integra\u00e7\u00e3o da mobilidade el\u00e9trica nas cidades.<\/div>\n<div style=\"text-align: justify;\">Para\u00a0<b>Ana Leal, Diretora de Opera\u00e7\u00f5es Off-Street da Telpark<\/b>: \u201c<i>A mobilidade sustent\u00e1vel constr\u00f3i-se no dia a dia das cidades, com solu\u00e7\u00f5es que tornam a experi\u00eancia das pessoas mais simples, eficiente e respons\u00e1vel. Participar no Eco Rally permite-nos levar para a estrada os princ\u00edpios que aplicamos diariamente na gest\u00e3o da mobilidade urbana<\/i>\u201d. Com experi\u00eancia na gest\u00e3o de infraestruturas de estacionamento e mobilidade urbana, Ana Leal leva para a competi\u00e7\u00e3o a mesma vis\u00e3o estrat\u00e9gica que orienta o trabalho da empresa nas cidades, refor\u00e7ando a liga\u00e7\u00e3o entre\u00a0<b>infraestrutura urbana, tecnologia e mobilidade el\u00e9trica<\/b>.<\/div>\n<div style=\"text-align: justify;\">Para a Telpark, os parques de estacionamento assumem hoje um papel cada vez mais relevante na transi\u00e7\u00e3o energ\u00e9tica das cidades, funcionando como\u00a0<b>verdadeiros hubs de mobilidade<\/b>, onde convergem estacionamento, servi\u00e7os digitais e infraestrutura de carregamento el\u00e9trico.<\/div>\n<div style=\"text-align: justify;\">Com mais de\u00a0<b>1.300 pontos de carregamento el\u00e9trico na Pen\u00ednsula Ib\u00e9rica<\/b>, integrados na sua aplica\u00e7\u00e3o m\u00f3vel, a empresa tem vindo a transformar os seus parques em espa\u00e7os ativos no ecossistema da mobilidade urbana.<\/div>\n<div style=\"text-align: justify;\">Ao participar no Eco Rally 2026, a Telpark refor\u00e7a o seu posicionamento como\u00a0<b>agente ativo na transforma\u00e7\u00e3o da mobilidade urbana<\/b>, demonstrando que a efici\u00eancia e a sustentabilidade se constroem tanto na estrat\u00e9gia das cidades como na experi\u00eancia real de condu\u00e7\u00e3o.<\/div>\n","protected":false},"excerpt":{"rendered":"<p>Empresa leva para a estrada a sua vis\u00e3o de mobilidade urbana inteligente, numa competi\u00e7\u00e3o internacional que promove a condu\u00e7\u00e3o eficiente e a transi\u00e7\u00e3o energ\u00e9tica A Telpark, empresa l\u00edder em gest\u00e3o de estacionamento e mobilidade urbana, participa no\u00a0Eco Rally 2026, que decorre entre os dias\u00a013 e 15 de mar\u00e7o, em Oeiras, refor\u00e7ando o seu compromisso com [&hellip;]<\/p>\n","protected":false},"author":2,"featured_media":25891,"comment_status":"open","ping_status":"open","sticky":false,"template":"","format":"standard","meta":{"_editorskit_title_hidden":false,"_editorskit_reading_time":0,"_editorskit_is_block_options_detached":false,"_editorskit_block_options_position":"{}","om_disable_all_campaigns":false,"_monsterinsights_skip_tracking":false,"_monsterinsights_sitenote_active":false,"_monsterinsights_sitenote_note":"","_monsterinsights_sitenote_category":0,"_uf_show_specific_survey":0,"_uf_disable_surveys":false,"site-sidebar-layout":"default","site-content-layout":"","ast-site-content-layout":"default","site-content-style":"default","site-sidebar-style":"default","ast-global-header-display":"","ast-banner-title-visibility":"","ast-main-header-display":"","ast-hfb-above-header-display":"","ast-hfb-below-header-display":"","ast-hfb-mobile-header-display":"","site-post-title":"","ast-breadcrumbs-content":"","ast-featured-img":"","footer-sml-layout":"","theme-transparent-header-meta":"default","adv-header-id-meta":"","stick-header-meta":"default","header-above-stick-meta":"","header-main-stick-meta":"","header-below-stick-meta":"","astra-migrate-meta-layouts":"set","ast-page-background-enabled":"default","ast-page-background-meta":{"desktop":{"background-color":"","background-image":"","background-repeat":"repeat","background-position":"center center","background-size":"auto","background-attachment":"scroll","background-type":"","background-media":"","overlay-type":"","overlay-color":"","overlay-opacity":"","overlay-gradient":""},"tablet":{"background-color":"","background-image":"","background-repeat":"repeat","background-position":"center center","background-size":"auto","background-attachment":"scroll","background-type":"","background-media":"","overlay-type":"","overlay-color":"","overlay-opacity":"","overlay-gradient":""},"mobile":{"background-color":"","background-image":"","background-repeat":"repeat","background-position":"center center","background-size":"auto","background-attachment":"scroll","background-type":"","background-media":"","overlay-type":"","overlay-color":"","overlay-opacity":"","overlay-gradient":""}},"ast-content-background-meta":{"desktop":{"background-color":"var(--ast-global-color-5)","background-image":"","background-repeat":"repeat","background-position":"center center","background-size":"auto","background-attachment":"scroll","background-type":"","background-media":"","overlay-type":"","overlay-color":"","overlay-opacity":"","overlay-gradient":""},"tablet":{"background-color":"var(--ast-global-color-5)","background-image":"","background-repeat":"repeat","background-position":"center center","background-size":"auto","background-attachment":"scroll","background-type":"","background-media":"","overlay-type":"","overlay-color":"","overlay-opacity":"","overlay-gradient":""},"mobile":{"background-color":"var(--ast-global-color-5)","background-image":"","background-repeat":"repeat","background-position":"center center","background-size":"auto","background-attachment":"scroll","background-type":"","background-media":"","overlay-type":"","overlay-color":"","overlay-opacity":"","overlay-gradient":""}},"footnotes":""},"categories":[13,11],"tags":[],"class_list":["post-25890","post","type-post","status-publish","format-standard","has-post-thumbnail","hentry","category-comercio","category-noticias"],"aioseo_notices":[],"_links":{"self":[{"href":"https:\/\/contarotacoes.com\/index.php?rest_route=\/wp\/v2\/posts\/25890","targetHints":{"allow":["GET"]}}],"collection":[{"href":"https:\/\/contarotacoes.com\/index.php?rest_route=\/wp\/v2\/posts"}],"about":[{"href":"https:\/\/contarotacoes.com\/index.php?rest_route=\/wp\/v2\/types\/post"}],"author":[{"embeddable":true,"href":"https:\/\/contarotacoes.com\/index.php?rest_route=\/wp\/v2\/users\/2"}],"replies":[{"embeddable":true,"href":"https:\/\/contarotacoes.com\/index.php?rest_route=%2Fwp%2Fv2%2Fcomments&post=25890"}],"version-history":[{"count":1,"href":"https:\/\/contarotacoes.com\/index.php?rest_route=\/wp\/v2\/posts\/25890\/revisions"}],"predecessor-version":[{"id":25892,"href":"https:\/\/contarotacoes.com\/index.php?rest_route=\/wp\/v2\/posts\/25890\/revisions\/25892"}],"wp:featuredmedia":[{"embeddable":true,"href":"https:\/\/contarotacoes.com\/index.php?rest_route=\/wp\/v2\/media\/25891"}],"wp:attachment":[{"href":"https:\/\/contarotacoes.com\/index.php?rest_route=%2Fwp%2Fv2%2Fmedia&parent=25890"}],"wp:term":[{"taxonomy":"category","embeddable":true,"href":"https:\/\/contarotacoes.com\/index.php?rest_route=%2Fwp%2Fv2%2Fcategories&post=25890"},{"taxonomy":"post_tag","embeddable":true,"href":"https:\/\/contarotacoes.com\/index.php?rest_route=%2Fwp%2Fv2%2Ftags&post=25890"}],"curies":[{"name":"wp","href":"https:\/\/api.w.org\/{rel}","templated":true}]}}