{"id":25864,"date":"2026-03-12T22:20:56","date_gmt":"2026-03-12T22:20:56","guid":{"rendered":"https:\/\/contarotacoes.com\/?p=25864"},"modified":"2026-03-12T22:20:56","modified_gmt":"2026-03-12T22:20:56","slug":"treino-fmp-no-kartodromo-de-abrantes","status":"publish","type":"post","link":"https:\/\/contarotacoes.com\/?p=25864","title":{"rendered":"Treino FMP no Kart\u00f3dromo de Abrantes"},"content":{"rendered":"<div style=\"text-align: justify;\"><b>No domingo 22 de mar\u00e7o a FMP vai levar a cabo um dia de treinos no Kart\u00f3dromo de Abrantes, aberto a todos os pilotos e para v\u00e1rias categorias de motos, das pit-bikes \u00e0s naked, passando pelas supermoto.<\/b><\/div>\n<div style=\"text-align: justify;\"><\/div>\n<div style=\"text-align: justify;\">Antes dos treinos previstos para breve em circuito, a Federa\u00e7\u00e3o de Motociclismo de Portugal vai levar a cabo, como \u2018aperitivo\u2019 nesta pr\u00e9-\u00e9poca, um dia de treinos no Kart\u00f3dromo de Abrantes, agendado para o domingo 22 de mar\u00e7o.<\/div>\n<div style=\"text-align: justify;\">A este dia de treinos podem aceder os pilotos j\u00e1 detentores de licen\u00e7a desportiva para Velocidade, Mini Velocidade ou Supermoto, bem como licen\u00e7a Geral, mas tamb\u00e9m os pilotos sem licen\u00e7a desportiva, com um custo de 35\u20ac para pilotos com licen\u00e7a e de 55\u20ac para quem n\u00e3o for detentor de licen\u00e7a desportiva FMP.<\/div>\n<div style=\"text-align: justify;\"><\/div>\n<div style=\"text-align: justify;\">O programa de treinos ir\u00e1 decorrer entre as 10h00 e as 18h00, com check-in \u00e0s 9h00, que dar\u00e1 direito a 8 sess\u00f5es de 15 minutos para cada grupo e est\u00e1 aberto a quatro tipologias de moto: pit-bikes (roda 10\u201d ou 12\u201d), mini-racing (roda 10\u201d ou 12\u201d), \u2060\u2060supermoto (roda 16,5\u201d\u00a0a 17\u201d) e supersport\/ naked (roda 17\u201d) nesta festa alargada do motociclismo desportivo.<\/div>\n<div style=\"text-align: justify;\"><\/div>\n<div style=\"text-align: justify;\">Aos pilotos sem licen\u00e7a\u00a0 ser\u00e1 atribu\u00edda uma licen\u00e7a do tipo Hobby (idade m\u00e1xima de 49 anos &#8211; quem tiver mais idade e quiser participar ter\u00e1 de tirar uma Licen\u00e7a de Velocidade, Supermoto ou Geral).<\/div>\n<div style=\"text-align: justify;\"><\/div>\n<div style=\"text-align: justify;\">As motos participantes dever\u00e3o estar obrigatoriamente em conformidade com os regulamentos t\u00e9cnicos das classes em que se inserem, nomeadamente ao n\u00edvel das altera\u00e7\u00f5es necess\u00e1rias para rodar em pista.<\/div>\n<div style=\"text-align: justify;\"><\/div>\n<div style=\"text-align: justify;\">O equipamento m\u00ednimo admitido, em particular para os pilotos sem licen\u00e7a, \u00e9 o fato de cabedal, preferencialmente de uma pe\u00e7a, com prote\u00e7\u00f5es nos ombros, cotovelos e joelhos; prote\u00e7\u00f5es peitoral e dorsal; luvas de cabedal, preferencialmente refor\u00e7adas nas palmas; botas de cabedal com fechos de correr\/velcros\/fivelas ou botas de MX; capacete integral de estrada ou capacete integral de MX com os respetivos \u00f3culos.<\/div>\n<div style=\"text-align: justify;\"><\/div>\n<div style=\"text-align: justify;\">O link atrav\u00e9s do qual dever\u00e3o ser efetuadas as inscri\u00e7\u00f5es:<\/div>\n<div style=\"text-align: justify;\">\u00a0<u><a id=\"m_-2654190337530005968OWA8904316e-d7d4-1dc7-e6b8-642b4cd4cc5a\" href=\"https:\/\/www.lojadokart.com\/?page_id=22980\" target=\"_blank\" rel=\"noopener\" data-saferedirecturl=\"https:\/\/www.google.com\/url?q=https:\/\/www.lojadokart.com\/?page_id%3D22980&amp;source=gmail&amp;ust=1773439037237000&amp;usg=AOvVaw292PMcyszD3Q-_pc3Q6X8e\">https:\/\/www.lojadokart.com\/?<wbr \/>page_id=22980<\/a><\/u><\/div>\n","protected":false},"excerpt":{"rendered":"<p>No domingo 22 de mar\u00e7o a FMP vai levar a cabo um dia de treinos no Kart\u00f3dromo de Abrantes, aberto a todos os pilotos e para v\u00e1rias categorias de motos, das pit-bikes \u00e0s naked, passando pelas supermoto. Antes dos treinos previstos para breve em circuito, a Federa\u00e7\u00e3o de Motociclismo de Portugal vai levar a cabo, [&hellip;]<\/p>\n","protected":false},"author":2,"featured_media":25865,"comment_status":"open","ping_status":"open","sticky":false,"template":"","format":"standard","meta":{"_editorskit_title_hidden":false,"_editorskit_reading_time":0,"_editorskit_is_block_options_detached":false,"_editorskit_block_options_position":"{}","om_disable_all_campaigns":false,"_monsterinsights_skip_tracking":false,"_monsterinsights_sitenote_active":false,"_monsterinsights_sitenote_note":"","_monsterinsights_sitenote_category":0,"_uf_show_specific_survey":0,"_uf_disable_surveys":false,"site-sidebar-layout":"default","site-content-layout":"","ast-site-content-layout":"default","site-content-style":"default","site-sidebar-style":"default","ast-global-header-display":"","ast-banner-title-visibility":"","ast-main-header-display":"","ast-hfb-above-header-display":"","ast-hfb-below-header-display":"","ast-hfb-mobile-header-display":"","site-post-title":"","ast-breadcrumbs-content":"","ast-featured-img":"","footer-sml-layout":"","theme-transparent-header-meta":"default","adv-header-id-meta":"","stick-header-meta":"default","header-above-stick-meta":"","header-main-stick-meta":"","header-below-stick-meta":"","astra-migrate-meta-layouts":"set","ast-page-background-enabled":"default","ast-page-background-meta":{"desktop":{"background-color":"","background-image":"","background-repeat":"repeat","background-position":"center center","background-size":"auto","background-attachment":"scroll","background-type":"","background-media":"","overlay-type":"","overlay-color":"","overlay-opacity":"","overlay-gradient":""},"tablet":{"background-color":"","background-image":"","background-repeat":"repeat","background-position":"center center","background-size":"auto","background-attachment":"scroll","background-type":"","background-media":"","overlay-type":"","overlay-color":"","overlay-opacity":"","overlay-gradient":""},"mobile":{"background-color":"","background-image":"","background-repeat":"repeat","background-position":"center center","background-size":"auto","background-attachment":"scroll","background-type":"","background-media":"","overlay-type":"","overlay-color":"","overlay-opacity":"","overlay-gradient":""}},"ast-content-background-meta":{"desktop":{"background-color":"var(--ast-global-color-5)","background-image":"","background-repeat":"repeat","background-position":"center center","background-size":"auto","background-attachment":"scroll","background-type":"","background-media":"","overlay-type":"","overlay-color":"","overlay-opacity":"","overlay-gradient":""},"tablet":{"background-color":"var(--ast-global-color-5)","background-image":"","background-repeat":"repeat","background-position":"center center","background-size":"auto","background-attachment":"scroll","background-type":"","background-media":"","overlay-type":"","overlay-color":"","overlay-opacity":"","overlay-gradient":""},"mobile":{"background-color":"var(--ast-global-color-5)","background-image":"","background-repeat":"repeat","background-position":"center center","background-size":"auto","background-attachment":"scroll","background-type":"","background-media":"","overlay-type":"","overlay-color":"","overlay-opacity":"","overlay-gradient":""}},"footnotes":""},"categories":[11],"tags":[],"class_list":["post-25864","post","type-post","status-publish","format-standard","has-post-thumbnail","hentry","category-noticias"],"aioseo_notices":[],"_links":{"self":[{"href":"https:\/\/contarotacoes.com\/index.php?rest_route=\/wp\/v2\/posts\/25864","targetHints":{"allow":["GET"]}}],"collection":[{"href":"https:\/\/contarotacoes.com\/index.php?rest_route=\/wp\/v2\/posts"}],"about":[{"href":"https:\/\/contarotacoes.com\/index.php?rest_route=\/wp\/v2\/types\/post"}],"author":[{"embeddable":true,"href":"https:\/\/contarotacoes.com\/index.php?rest_route=\/wp\/v2\/users\/2"}],"replies":[{"embeddable":true,"href":"https:\/\/contarotacoes.com\/index.php?rest_route=%2Fwp%2Fv2%2Fcomments&post=25864"}],"version-history":[{"count":1,"href":"https:\/\/contarotacoes.com\/index.php?rest_route=\/wp\/v2\/posts\/25864\/revisions"}],"predecessor-version":[{"id":25866,"href":"https:\/\/contarotacoes.com\/index.php?rest_route=\/wp\/v2\/posts\/25864\/revisions\/25866"}],"wp:featuredmedia":[{"embeddable":true,"href":"https:\/\/contarotacoes.com\/index.php?rest_route=\/wp\/v2\/media\/25865"}],"wp:attachment":[{"href":"https:\/\/contarotacoes.com\/index.php?rest_route=%2Fwp%2Fv2%2Fmedia&parent=25864"}],"wp:term":[{"taxonomy":"category","embeddable":true,"href":"https:\/\/contarotacoes.com\/index.php?rest_route=%2Fwp%2Fv2%2Fcategories&post=25864"},{"taxonomy":"post_tag","embeddable":true,"href":"https:\/\/contarotacoes.com\/index.php?rest_route=%2Fwp%2Fv2%2Ftags&post=25864"}],"curies":[{"name":"wp","href":"https:\/\/api.w.org\/{rel}","templated":true}]}}