{"id":25861,"date":"2026-03-12T22:17:26","date_gmt":"2026-03-12T22:17:26","guid":{"rendered":"https:\/\/contarotacoes.com\/?p=25861"},"modified":"2026-03-12T22:17:26","modified_gmt":"2026-03-12T22:17:26","slug":"sv-charter-junta-se-a-porsche-sprint-challenge-iberica-e-reforca-dimensao-internacional-da-competicao","status":"publish","type":"post","link":"https:\/\/contarotacoes.com\/?p=25861","title":{"rendered":"SV Charter junta-se \u00e0 Porsche Sprint Challenge Ib\u00e9rica e refor\u00e7a dimens\u00e3o internacional da competi\u00e7\u00e3o"},"content":{"rendered":"<p style=\"text-align: justify;\"><strong>A Porsche Sprint Challenge Ib\u00e9rica celebra uma nova parceria com a SV Charter, empresa especializada em avia\u00e7\u00e3o executiva e servi\u00e7os de charter a\u00e9reo. O acordo foi formalizado durante o evento internacional de apresenta\u00e7\u00e3o da temporada 2026 realizado no Dubai, sendo firmado entre Jos\u00e9 Monroy, Seriues Manager da Porsche Sprint Challenge Ib\u00e9rica, e Azat Mulgimov, CEO da SV Charter.<\/strong><\/p>\n<p style=\"text-align: justify;\">Com mais de tr\u00eas d\u00e9cadas de experi\u00eancia no setor da avia\u00e7\u00e3o privada, a SV Charter desenvolveu uma forte presen\u00e7a internacional, operando a partir dos Emirados \u00c1rabes Unidos e apoiando-se numa rede global de operadores e parceiros que permite organizar voos para destinos em todo o mundo. A empresa especializa-se na organiza\u00e7\u00e3o de voos executivos e opera\u00e7\u00f5es charter personalizadas para clientes privados, empresas e organiza\u00e7\u00f5es, assegurando solu\u00e7\u00f5es de mobilidade a\u00e9rea adaptadas \u00e0s necessidades espec\u00edficas de cada miss\u00e3o.<\/p>\n<p style=\"text-align: justify;\">A integra\u00e7\u00e3o da SV Charter na Porsche Sprint Challenge Ib\u00e9rica refor\u00e7a a estrat\u00e9gia de internacionaliza\u00e7\u00e3o da competi\u00e7\u00e3o, que tem vindo a consolidar a sua presen\u00e7a junto de comunidades empresariais e plataformas globais ligadas ao universo da mobilidade, inova\u00e7\u00e3o e alta performance.<\/p>\n<p style=\"text-align: justify;\"><strong>Presen\u00e7a refor\u00e7ada ao longo da temporada<\/strong><\/p>\n<p style=\"text-align: justify;\">No \u00e2mbito desta parceria, a SV Charter passa a integrar o conjunto de patrocinadores da Porsche Sprint Challenge Ib\u00e9rica, com presen\u00e7a em v\u00e1rios suportes de comunica\u00e7\u00e3o associados ao campeonato. A marca estar\u00e1 vis\u00edvel no p\u00f3dio oficial, em materiais institucionais e de comunica\u00e7\u00e3o, bem como nas newsletters e plataformas digitais da competi\u00e7\u00e3o.<\/p>\n<p style=\"text-align: justify;\">Um dos elementos de maior destaque deste acordo ser\u00e1 o Safety Car do campeonato, que ser\u00e1 decorado com a identidade visual da SV Charter. O ve\u00edculo continuar\u00e1 a ser conduzido pelas irm\u00e3s Nadine Quintaneiro e Raquel Quintaneiro, assumindo-se como um dos principais suportes de visibilidade da marca durante os eventos da temporada.<\/p>\n<p style=\"text-align: justify;\">Paralelamente, a SV Charter estar\u00e1 presente em todas as provas do calend\u00e1rio, recebendo convidados no VIP Lounge da competi\u00e7\u00e3o e refor\u00e7ando a liga\u00e7\u00e3o da marca ao ambiente exclusivo e \u00e0s experi\u00eancias proporcionadas pela Porsche Sprint Challenge Ib\u00e9rica.<\/p>\n<p style=\"text-align: justify;\"><strong>Uma parceria alinhada com a vis\u00e3o internacional da PSCI<\/strong><\/p>\n<p style=\"text-align: justify;\">Azat Mulgimov, CEO e propriet\u00e1rio da SV Charter, destacou a import\u00e2ncia da parceria: <strong>\u201cA SV Charter tem orgulho em juntar-se \u00e0 Porsche Sprint Challenge Ib\u00e9rica como parceiro oficial para a temporada de 2026. Este evento n\u00e3o celebra apenas o esp\u00edrito da velocidade \u2014 tanto em terra como nos c\u00e9us \u2014 mas tamb\u00e9m evidencia a sinergia \u00fanica entre a alta performance autom\u00f3vel e a avia\u00e7\u00e3o executiva. Estamos entusiasmados por construir uma parceria de longo prazo e contribuir para criar oportunidades tanto no universo do desporto autom\u00f3vel como no da avia\u00e7\u00e3o.\u201d<\/strong><\/p>\n<p style=\"text-align: justify;\">Para Jos\u00e9 Monroy, Series Manager da Porsche Sprint Challenge Ib\u00e9rica, esta parceria reflete a crescente proje\u00e7\u00e3o internacional do campeonato: <strong>\u201cA liga\u00e7\u00e3o com a SV Charter surge de forma muito natural no contexto da estrat\u00e9gia de internacionaliza\u00e7\u00e3o da Porsche Sprint Challenge Ib\u00e9rica. Tal como o desporto autom\u00f3vel, a avia\u00e7\u00e3o executiva est\u00e1 profundamente associada aos conceitos de mobilidade, precis\u00e3o e performance. Esta parceria refor\u00e7a a liga\u00e7\u00e3o da PSCI a uma rede global de parceiros e abre novas oportunidades de colabora\u00e7\u00e3o em mercados internacionais.\u201d<\/strong><\/p>\n<p style=\"text-align: justify;\">Com esta nova parceria, a Porsche Sprint Challenge Ib\u00e9rica continua a consolidar o seu posicionamento como uma plataforma que vai al\u00e9m da competi\u00e7\u00e3o em pista, integrando parceiros estrat\u00e9gicos de diferentes setores que partilham uma vis\u00e3o comum de excel\u00eancia, inova\u00e7\u00e3o e proje\u00e7\u00e3o internacional.<\/p>\n","protected":false},"excerpt":{"rendered":"<p>A Porsche Sprint Challenge Ib\u00e9rica celebra uma nova parceria com a SV Charter, empresa especializada em avia\u00e7\u00e3o executiva e servi\u00e7os de charter a\u00e9reo. O acordo foi formalizado durante o evento internacional de apresenta\u00e7\u00e3o da temporada 2026 realizado no Dubai, sendo firmado entre Jos\u00e9 Monroy, Seriues Manager da Porsche Sprint Challenge Ib\u00e9rica, e Azat Mulgimov, CEO [&hellip;]<\/p>\n","protected":false},"author":2,"featured_media":25862,"comment_status":"open","ping_status":"open","sticky":false,"template":"","format":"standard","meta":{"_editorskit_title_hidden":false,"_editorskit_reading_time":0,"_editorskit_is_block_options_detached":false,"_editorskit_block_options_position":"{}","om_disable_all_campaigns":false,"_monsterinsights_skip_tracking":false,"_monsterinsights_sitenote_active":false,"_monsterinsights_sitenote_note":"","_monsterinsights_sitenote_category":0,"_uf_show_specific_survey":0,"_uf_disable_surveys":false,"site-sidebar-layout":"default","site-content-layout":"","ast-site-content-layout":"default","site-content-style":"default","site-sidebar-style":"default","ast-global-header-display":"","ast-banner-title-visibility":"","ast-main-header-display":"","ast-hfb-above-header-display":"","ast-hfb-below-header-display":"","ast-hfb-mobile-header-display":"","site-post-title":"","ast-breadcrumbs-content":"","ast-featured-img":"","footer-sml-layout":"","theme-transparent-header-meta":"default","adv-header-id-meta":"","stick-header-meta":"default","header-above-stick-meta":"","header-main-stick-meta":"","header-below-stick-meta":"","astra-migrate-meta-layouts":"set","ast-page-background-enabled":"default","ast-page-background-meta":{"desktop":{"background-color":"","background-image":"","background-repeat":"repeat","background-position":"center center","background-size":"auto","background-attachment":"scroll","background-type":"","background-media":"","overlay-type":"","overlay-color":"","overlay-opacity":"","overlay-gradient":""},"tablet":{"background-color":"","background-image":"","background-repeat":"repeat","background-position":"center center","background-size":"auto","background-attachment":"scroll","background-type":"","background-media":"","overlay-type":"","overlay-color":"","overlay-opacity":"","overlay-gradient":""},"mobile":{"background-color":"","background-image":"","background-repeat":"repeat","background-position":"center center","background-size":"auto","background-attachment":"scroll","background-type":"","background-media":"","overlay-type":"","overlay-color":"","overlay-opacity":"","overlay-gradient":""}},"ast-content-background-meta":{"desktop":{"background-color":"var(--ast-global-color-5)","background-image":"","background-repeat":"repeat","background-position":"center center","background-size":"auto","background-attachment":"scroll","background-type":"","background-media":"","overlay-type":"","overlay-color":"","overlay-opacity":"","overlay-gradient":""},"tablet":{"background-color":"var(--ast-global-color-5)","background-image":"","background-repeat":"repeat","background-position":"center center","background-size":"auto","background-attachment":"scroll","background-type":"","background-media":"","overlay-type":"","overlay-color":"","overlay-opacity":"","overlay-gradient":""},"mobile":{"background-color":"var(--ast-global-color-5)","background-image":"","background-repeat":"repeat","background-position":"center center","background-size":"auto","background-attachment":"scroll","background-type":"","background-media":"","overlay-type":"","overlay-color":"","overlay-opacity":"","overlay-gradient":""}},"footnotes":""},"categories":[13,11],"tags":[],"class_list":["post-25861","post","type-post","status-publish","format-standard","has-post-thumbnail","hentry","category-comercio","category-noticias"],"aioseo_notices":[],"_links":{"self":[{"href":"https:\/\/contarotacoes.com\/index.php?rest_route=\/wp\/v2\/posts\/25861","targetHints":{"allow":["GET"]}}],"collection":[{"href":"https:\/\/contarotacoes.com\/index.php?rest_route=\/wp\/v2\/posts"}],"about":[{"href":"https:\/\/contarotacoes.com\/index.php?rest_route=\/wp\/v2\/types\/post"}],"author":[{"embeddable":true,"href":"https:\/\/contarotacoes.com\/index.php?rest_route=\/wp\/v2\/users\/2"}],"replies":[{"embeddable":true,"href":"https:\/\/contarotacoes.com\/index.php?rest_route=%2Fwp%2Fv2%2Fcomments&post=25861"}],"version-history":[{"count":1,"href":"https:\/\/contarotacoes.com\/index.php?rest_route=\/wp\/v2\/posts\/25861\/revisions"}],"predecessor-version":[{"id":25863,"href":"https:\/\/contarotacoes.com\/index.php?rest_route=\/wp\/v2\/posts\/25861\/revisions\/25863"}],"wp:featuredmedia":[{"embeddable":true,"href":"https:\/\/contarotacoes.com\/index.php?rest_route=\/wp\/v2\/media\/25862"}],"wp:attachment":[{"href":"https:\/\/contarotacoes.com\/index.php?rest_route=%2Fwp%2Fv2%2Fmedia&parent=25861"}],"wp:term":[{"taxonomy":"category","embeddable":true,"href":"https:\/\/contarotacoes.com\/index.php?rest_route=%2Fwp%2Fv2%2Fcategories&post=25861"},{"taxonomy":"post_tag","embeddable":true,"href":"https:\/\/contarotacoes.com\/index.php?rest_route=%2Fwp%2Fv2%2Ftags&post=25861"}],"curies":[{"name":"wp","href":"https:\/\/api.w.org\/{rel}","templated":true}]}}