{"id":25840,"date":"2026-03-12T13:25:17","date_gmt":"2026-03-12T13:25:17","guid":{"rendered":"https:\/\/contarotacoes.com\/?p=25840"},"modified":"2026-03-12T13:25:17","modified_gmt":"2026-03-12T13:25:17","slug":"opel-reforca-ligacao-ao-universo-outdoor-na-nauticampo-2026-com-o-novo-frontera","status":"publish","type":"post","link":"https:\/\/contarotacoes.com\/?p=25840","title":{"rendered":"Opel refor\u00e7a liga\u00e7\u00e3o ao universo outdoor na Nauticampo 2026 com o novo Frontera"},"content":{"rendered":"<ul>\n<li style=\"text-align: justify;\"><strong>Opel \u00e9 a \u00fanica marca autom\u00f3vel com presen\u00e7a oficial na Nauticampo 2026, onde apresenta o vers\u00e1til e aventureiro SUV Frontera.<\/strong><\/li>\n<li style=\"text-align: justify;\"><strong>Novo Frontera com motoriza\u00e7\u00e3o h\u00edbrida desde 22.290 euros ou como 100% el\u00e9trico desde 32.490 euros.<\/strong><\/li>\n<li style=\"text-align: justify;\"><strong>Edi\u00e7\u00e3o de 2026 da Nauticampo marcada para os dias 11 a 15 de mar\u00e7o na FIL, em Lisboa.<\/strong><\/li>\n<\/ul>\n<p style=\"text-align: justify;\">A Opel marca presen\u00e7a na edi\u00e7\u00e3o de 2026 da feira Nauticampo, o maior evento nacional dedicado \u00e0s atividades <em>outdoor<\/em>, que decorre de 11 a 15 de mar\u00e7o na Feira Internacional de Lisboa (FIL). Refor\u00e7ando o seu posicionamento junto do p\u00fablico que privilegia mobilidade, estilo de vida ativo e contacto com a natureza, a marca apresenta um espa\u00e7o totalmente dedicado \u00e0 vida <em>outdoor<\/em>, tendo como grande destaque o novo Opel Frontera, o SUV que representa a faceta mais aventureira da Opel.<\/p>\n<p style=\"text-align: justify;\">Como \u00fanica marca autom\u00f3vel oficialmente presente na Nauticampo, a Opel diferencia\u2011se num ambiente fortemente ligado ao esp\u00edrito de aventura, ao caravanismo e \u00e0s atividades ao ar livre. A edi\u00e7\u00e3o deste ano dever\u00e1 receber mais de 20.000 visitantes, oferecendo \u00e0 marca uma oportunidade privilegiada para refor\u00e7ar a proximidade com um p\u00fablico que valoriza liberdade, mobilidade e experi\u00eancias ao ar livre.<\/p>\n<p style=\"text-align: justify;\"><strong>Novo Frontera: embaixador do esp\u00edrito aventureiro da Opel<\/strong><\/p>\n<p style=\"text-align: justify;\">O espa\u00e7o da Opel na Nauticampo foi concebido para evidenciar o design robusto e a versatilidade do novo Frontera, complementando o SUV com elementos visuais e experi\u00eancias que destacam ainda mais o seu ADN aventureiro. Com esta abordagem, a Opel procura inspirar um estilo de vida ativo, destacando como a mobilidade e a inova\u00e7\u00e3o podem abrir caminho a novas descobertas, promovendo, ao mesmo tempo, uma rela\u00e7\u00e3o de maior proximidade com os clientes que procuram uma solu\u00e7\u00e3o pr\u00e1tica de mobilidade para o seu quotidiano.<\/p>\n<p style=\"text-align: justify;\">Reconhecendo a import\u00e2ncia da realiza\u00e7\u00e3o de um <em>test drive<\/em> na hora de adquirir um novo autom\u00f3vel, a Opel ir\u00e1 promover essa possibilidade durante o evento, incentivando todos os interessados a agendar experi\u00eancias de condu\u00e7\u00e3o n\u00e3o s\u00f3 com o novo Frontera, mas tamb\u00e9m com outros modelos da sua gama, de outros segmentos e equipados com diferentes tipos de motoriza\u00e7\u00e3o.<\/p>\n<p style=\"text-align: justify;\">A participa\u00e7\u00e3o da Opel na Nauticampo ficar\u00e1, assim, marcada por uma experi\u00eancia diferenciadora que promover\u00e1, de uma forma natural, a rela\u00e7\u00e3o entre mobilidade e atividades ao ar livre, assente no vers\u00e1til, eficiente e acess\u00edvel Frontera, dispon\u00edvel em Portugal com motoriza\u00e7\u00e3o h\u00edbrida a partir de 22.290 euros ou como 100% el\u00e9trico desde 32.490 euros.<\/p>\n<p style=\"text-align: justify;\"><strong>Sobre a Nauticampo<\/strong><\/p>\n<p style=\"text-align: justify;\">A Nauticampo \u00e9 o Sal\u00e3o Internacional de Navega\u00e7\u00e3o de Recreio, Desporto Aventura, Caravanismo e Piscinas, afirmando-se como a principal mostra de equipamentos, solu\u00e7\u00f5es e experi\u00eancias ligadas ao universo outdoor em Portugal.<\/p>\n<p style=\"text-align: justify;\">Realiza-se na Feira Internacional de Lisboa (FIL), no Parque das Na\u00e7\u00f5es, com o seguinte hor\u00e1rio:<\/p>\n<ul>\n<li style=\"text-align: justify;\">11 a 13 de mar\u00e7o: 14h \u2013 21h<\/li>\n<li style=\"text-align: justify;\">14 de mar\u00e7o: 10h \u2013 21h<\/li>\n<li style=\"text-align: justify;\">15 de mar\u00e7o: 10h \u2013 20h<\/li>\n<\/ul>\n","protected":false},"excerpt":{"rendered":"<p>Opel \u00e9 a \u00fanica marca autom\u00f3vel com presen\u00e7a oficial na Nauticampo 2026, onde apresenta o vers\u00e1til e aventureiro SUV Frontera. Novo Frontera com motoriza\u00e7\u00e3o h\u00edbrida desde 22.290 euros ou como 100% el\u00e9trico desde 32.490 euros. Edi\u00e7\u00e3o de 2026 da Nauticampo marcada para os dias 11 a 15 de mar\u00e7o na FIL, em Lisboa. A Opel [&hellip;]<\/p>\n","protected":false},"author":2,"featured_media":25841,"comment_status":"open","ping_status":"open","sticky":false,"template":"","format":"standard","meta":{"_editorskit_title_hidden":false,"_editorskit_reading_time":0,"_editorskit_is_block_options_detached":false,"_editorskit_block_options_position":"{}","om_disable_all_campaigns":false,"_monsterinsights_skip_tracking":false,"_monsterinsights_sitenote_active":false,"_monsterinsights_sitenote_note":"","_monsterinsights_sitenote_category":0,"_uf_show_specific_survey":0,"_uf_disable_surveys":false,"site-sidebar-layout":"default","site-content-layout":"","ast-site-content-layout":"default","site-content-style":"default","site-sidebar-style":"default","ast-global-header-display":"","ast-banner-title-visibility":"","ast-main-header-display":"","ast-hfb-above-header-display":"","ast-hfb-below-header-display":"","ast-hfb-mobile-header-display":"","site-post-title":"","ast-breadcrumbs-content":"","ast-featured-img":"","footer-sml-layout":"","theme-transparent-header-meta":"default","adv-header-id-meta":"","stick-header-meta":"default","header-above-stick-meta":"","header-main-stick-meta":"","header-below-stick-meta":"","astra-migrate-meta-layouts":"set","ast-page-background-enabled":"default","ast-page-background-meta":{"desktop":{"background-color":"","background-image":"","background-repeat":"repeat","background-position":"center center","background-size":"auto","background-attachment":"scroll","background-type":"","background-media":"","overlay-type":"","overlay-color":"","overlay-opacity":"","overlay-gradient":""},"tablet":{"background-color":"","background-image":"","background-repeat":"repeat","background-position":"center center","background-size":"auto","background-attachment":"scroll","background-type":"","background-media":"","overlay-type":"","overlay-color":"","overlay-opacity":"","overlay-gradient":""},"mobile":{"background-color":"","background-image":"","background-repeat":"repeat","background-position":"center center","background-size":"auto","background-attachment":"scroll","background-type":"","background-media":"","overlay-type":"","overlay-color":"","overlay-opacity":"","overlay-gradient":""}},"ast-content-background-meta":{"desktop":{"background-color":"var(--ast-global-color-5)","background-image":"","background-repeat":"repeat","background-position":"center center","background-size":"auto","background-attachment":"scroll","background-type":"","background-media":"","overlay-type":"","overlay-color":"","overlay-opacity":"","overlay-gradient":""},"tablet":{"background-color":"var(--ast-global-color-5)","background-image":"","background-repeat":"repeat","background-position":"center center","background-size":"auto","background-attachment":"scroll","background-type":"","background-media":"","overlay-type":"","overlay-color":"","overlay-opacity":"","overlay-gradient":""},"mobile":{"background-color":"var(--ast-global-color-5)","background-image":"","background-repeat":"repeat","background-position":"center center","background-size":"auto","background-attachment":"scroll","background-type":"","background-media":"","overlay-type":"","overlay-color":"","overlay-opacity":"","overlay-gradient":""}},"footnotes":""},"categories":[13],"tags":[],"class_list":["post-25840","post","type-post","status-publish","format-standard","has-post-thumbnail","hentry","category-comercio"],"aioseo_notices":[],"_links":{"self":[{"href":"https:\/\/contarotacoes.com\/index.php?rest_route=\/wp\/v2\/posts\/25840","targetHints":{"allow":["GET"]}}],"collection":[{"href":"https:\/\/contarotacoes.com\/index.php?rest_route=\/wp\/v2\/posts"}],"about":[{"href":"https:\/\/contarotacoes.com\/index.php?rest_route=\/wp\/v2\/types\/post"}],"author":[{"embeddable":true,"href":"https:\/\/contarotacoes.com\/index.php?rest_route=\/wp\/v2\/users\/2"}],"replies":[{"embeddable":true,"href":"https:\/\/contarotacoes.com\/index.php?rest_route=%2Fwp%2Fv2%2Fcomments&post=25840"}],"version-history":[{"count":1,"href":"https:\/\/contarotacoes.com\/index.php?rest_route=\/wp\/v2\/posts\/25840\/revisions"}],"predecessor-version":[{"id":25842,"href":"https:\/\/contarotacoes.com\/index.php?rest_route=\/wp\/v2\/posts\/25840\/revisions\/25842"}],"wp:featuredmedia":[{"embeddable":true,"href":"https:\/\/contarotacoes.com\/index.php?rest_route=\/wp\/v2\/media\/25841"}],"wp:attachment":[{"href":"https:\/\/contarotacoes.com\/index.php?rest_route=%2Fwp%2Fv2%2Fmedia&parent=25840"}],"wp:term":[{"taxonomy":"category","embeddable":true,"href":"https:\/\/contarotacoes.com\/index.php?rest_route=%2Fwp%2Fv2%2Fcategories&post=25840"},{"taxonomy":"post_tag","embeddable":true,"href":"https:\/\/contarotacoes.com\/index.php?rest_route=%2Fwp%2Fv2%2Ftags&post=25840"}],"curies":[{"name":"wp","href":"https:\/\/api.w.org\/{rel}","templated":true}]}}